
{"id":9999,"date":"2022-05-09T12:31:37","date_gmt":"2022-05-09T12:31:37","guid":{"rendered":"https:\/\/zadecu.org\/?p=9999"},"modified":"2022-05-09T12:31:38","modified_gmt":"2022-05-09T12:31:38","slug":"mods-written-contribution-for-the-eurochild-participation-in-the-preparation-of-the-2022-enlargement-package","status":"publish","type":"post","link":"https:\/\/zadecu.org\/en\/mods-written-contribution-for-the-eurochild-participation-in-the-preparation-of-the-2022-enlargement-package\/","title":{"rendered":"MODS written contribution for the Eurochild participation in the preparation of the 2022 Enlargement package"},"content":{"rendered":"<p style=\"text-align: justify;\">Each year the European Commission adopts its &#8220;Enlargement Package&#8221; &#8211; a set of documents explaining its policy on EU enlargement. The core of this package is a Communication on enlargement, which takes stock of the developments over the last year. It examines the progress made by the candidate countries and potential candidates, the challenges encountered and reforms to be addressed and sets out proposals for the way forward. In addition to the main Communication, the package contains the Reports in which the Commission services present their detailed annual assessment of the state of play of the reform progress in each candidate country and potential candidate over the last year. These assessments are accompanied by recommendations and guidance on the reform priorities.<\/p>\n<p style=\"text-align: justify;\">Eurochild participates in the preparation of the 2022 Enlargement package, which will consist of the reports on the candidate countries and potential candidates, accompanied by communication on EU enlargement policy. Its adoption is foreseen for autumn 2022.<\/p>\n<p style=\"text-align: justify;\">MODS prepared a written contribution about the situation of children in Serbia on the Eurochild call.<\/p>\n<p style=\"text-align: justify;\">The full document you can find on this <a href=\"https:\/\/zadecu.org\/wp-content\/uploads\/2022\/05\/Written-Contribution_Serbia_MODS_Eurochild.pdf\">link<\/a>.\u00a0<\/p>\n<p style=\"text-align: justify;\">2021 Communication on EU Enlargement Policy &#8211; Serbia report from 2021 you can find on the following <a href=\"https:\/\/ec.europa.eu\/neighbourhood-enlargement\/serbia-report-2021_en\">link<\/a>.\u00a0<\/p>\n","protected":false},"excerpt":{"rendered":"<p>Each year the European Commission adopts its &#8220;Enlargement Package&#8221; &#8211; a set of documents explaining its policy on EU enlargement. The core of this package is a Communication on enlargement, which takes stock of the developments over the last year. It examines the progress made by the candidate countries and potential candidates, the challenges encountered [&hellip;]<\/p>\n","protected":false},"author":3,"featured_media":10004,"comment_status":"closed","ping_status":"open","sticky":false,"template":"","format":"standard","meta":{"footnotes":""},"categories":[216,52],"tags":[116,320],"class_list":["post-9999","post","type-post","status-publish","format-standard","has-post-thumbnail","hentry","category-european-integrations","category-uncategorized","tag-eurochild","tag-european-integration"],"yoast_head":"<!-- This site is optimized with the Yoast SEO plugin v28.0 - https:\/\/yoast.com\/product\/yoast-seo-wordpress\/ -->\n<title>MODS written contribution for the Eurochild participation in the preparation of the 2022 Enlargement package - Mre\u017ea organizacija za decu Srbije<\/title>\n<meta name=\"description\" content=\"Each year the European Commission adopts its &quot;Enlargement Package&quot; - a set of documents explaining its policy on EU enlargement.\" \/>\n<meta name=\"robots\" content=\"index, follow, max-snippet:-1, max-image-preview:large, max-video-preview:-1\" \/>\n<link rel=\"canonical\" href=\"https:\/\/zadecu.org\/en\/mods-written-contribution-for-the-eurochild-participation-in-the-preparation-of-the-2022-enlargement-package\/\" \/>\n<meta property=\"og:locale\" content=\"en_US\" \/>\n<meta property=\"og:type\" content=\"article\" \/>\n<meta property=\"og:title\" content=\"MODS written contribution for the Eurochild participation in the preparation of the 2022 Enlargement package - Mre\u017ea organizacija za decu Srbije\" \/>\n<meta property=\"og:description\" content=\"Each year the European Commission adopts its &quot;Enlargement Package&quot; - a set of documents explaining its policy on EU enlargement.\" \/>\n<meta property=\"og:url\" content=\"https:\/\/zadecu.org\/en\/mods-written-contribution-for-the-eurochild-participation-in-the-preparation-of-the-2022-enlargement-package\/\" \/>\n<meta property=\"og:site_name\" content=\"Mre\u017ea organizacija za decu Srbije\" \/>\n<meta property=\"article:publisher\" content=\"https:\/\/www.facebook.com\/zadecuMODS\/\" \/>\n<meta property=\"article:author\" content=\"https:\/\/www.facebook.com\/zadecuMODS\/\" \/>\n<meta property=\"article:published_time\" content=\"2022-05-09T12:31:37+00:00\" \/>\n<meta property=\"article:modified_time\" content=\"2022-05-09T12:31:38+00:00\" \/>\n<meta property=\"og:image\" content=\"https:\/\/zadecu.org\/wp-content\/uploads\/2022\/05\/EC_Report.jpg\" \/>\n\t<meta property=\"og:image:width\" content=\"530\" \/>\n\t<meta property=\"og:image:height\" content=\"354\" \/>\n\t<meta property=\"og:image:type\" content=\"image\/jpeg\" \/>\n<meta name=\"author\" content=\"MODS\" \/>\n<meta name=\"twitter:card\" content=\"summary_large_image\" \/>\n<meta name=\"twitter:creator\" content=\"@zadecuMODS\" \/>\n<meta name=\"twitter:site\" content=\"@zadecuMODS\" \/>\n<meta name=\"twitter:label1\" content=\"Written by\" \/>\n\t<meta name=\"twitter:data1\" content=\"MODS\" \/>\n\t<meta name=\"twitter:label2\" content=\"Est. reading time\" \/>\n\t<meta name=\"twitter:data2\" content=\"2 minutes\" \/>\n<script type=\"application\/ld+json\" class=\"yoast-schema-graph\">{\"@context\":\"https:\\\/\\\/schema.org\",\"@graph\":[{\"@type\":\"Article\",\"@id\":\"https:\\\/\\\/zadecu.org\\\/en\\\/mods-written-contribution-for-the-eurochild-participation-in-the-preparation-of-the-2022-enlargement-package\\\/#article\",\"isPartOf\":{\"@id\":\"https:\\\/\\\/zadecu.org\\\/en\\\/mods-written-contribution-for-the-eurochild-participation-in-the-preparation-of-the-2022-enlargement-package\\\/\"},\"author\":{\"name\":\"MODS\",\"@id\":\"https:\\\/\\\/zadecu.org\\\/#\\\/schema\\\/person\\\/ad4f6997e66e4470c1ef6d15dd97b57e\"},\"headline\":\"MODS written contribution for the Eurochild participation in the preparation of the 2022 Enlargement package\",\"datePublished\":\"2022-05-09T12:31:37+00:00\",\"dateModified\":\"2022-05-09T12:31:38+00:00\",\"mainEntityOfPage\":{\"@id\":\"https:\\\/\\\/zadecu.org\\\/en\\\/mods-written-contribution-for-the-eurochild-participation-in-the-preparation-of-the-2022-enlargement-package\\\/\"},\"wordCount\":211,\"publisher\":{\"@id\":\"https:\\\/\\\/zadecu.org\\\/#organization\"},\"image\":{\"@id\":\"https:\\\/\\\/zadecu.org\\\/en\\\/mods-written-contribution-for-the-eurochild-participation-in-the-preparation-of-the-2022-enlargement-package\\\/#primaryimage\"},\"thumbnailUrl\":\"https:\\\/\\\/zadecu.org\\\/wp-content\\\/uploads\\\/2022\\\/05\\\/EC_Report.jpg\",\"keywords\":[\"Eurochild\",\"European integration\"],\"articleSection\":[\"European integrations\",\"News\"],\"inLanguage\":\"en-US\"},{\"@type\":\"WebPage\",\"@id\":\"https:\\\/\\\/zadecu.org\\\/en\\\/mods-written-contribution-for-the-eurochild-participation-in-the-preparation-of-the-2022-enlargement-package\\\/\",\"url\":\"https:\\\/\\\/zadecu.org\\\/en\\\/mods-written-contribution-for-the-eurochild-participation-in-the-preparation-of-the-2022-enlargement-package\\\/\",\"name\":\"MODS written contribution for the Eurochild participation in the preparation of the 2022 Enlargement package - Mre\u017ea organizacija za decu Srbije\",\"isPartOf\":{\"@id\":\"https:\\\/\\\/zadecu.org\\\/#website\"},\"primaryImageOfPage\":{\"@id\":\"https:\\\/\\\/zadecu.org\\\/en\\\/mods-written-contribution-for-the-eurochild-participation-in-the-preparation-of-the-2022-enlargement-package\\\/#primaryimage\"},\"image\":{\"@id\":\"https:\\\/\\\/zadecu.org\\\/en\\\/mods-written-contribution-for-the-eurochild-participation-in-the-preparation-of-the-2022-enlargement-package\\\/#primaryimage\"},\"thumbnailUrl\":\"https:\\\/\\\/zadecu.org\\\/wp-content\\\/uploads\\\/2022\\\/05\\\/EC_Report.jpg\",\"datePublished\":\"2022-05-09T12:31:37+00:00\",\"dateModified\":\"2022-05-09T12:31:38+00:00\",\"description\":\"Each year the European Commission adopts its \\\"Enlargement Package\\\" - a set of documents explaining its policy on EU enlargement.\",\"breadcrumb\":{\"@id\":\"https:\\\/\\\/zadecu.org\\\/en\\\/mods-written-contribution-for-the-eurochild-participation-in-the-preparation-of-the-2022-enlargement-package\\\/#breadcrumb\"},\"inLanguage\":\"en-US\",\"potentialAction\":[{\"@type\":\"ReadAction\",\"target\":[\"https:\\\/\\\/zadecu.org\\\/en\\\/mods-written-contribution-for-the-eurochild-participation-in-the-preparation-of-the-2022-enlargement-package\\\/\"]}]},{\"@type\":\"ImageObject\",\"inLanguage\":\"en-US\",\"@id\":\"https:\\\/\\\/zadecu.org\\\/en\\\/mods-written-contribution-for-the-eurochild-participation-in-the-preparation-of-the-2022-enlargement-package\\\/#primaryimage\",\"url\":\"https:\\\/\\\/zadecu.org\\\/wp-content\\\/uploads\\\/2022\\\/05\\\/EC_Report.jpg\",\"contentUrl\":\"https:\\\/\\\/zadecu.org\\\/wp-content\\\/uploads\\\/2022\\\/05\\\/EC_Report.jpg\",\"width\":530,\"height\":354},{\"@type\":\"BreadcrumbList\",\"@id\":\"https:\\\/\\\/zadecu.org\\\/en\\\/mods-written-contribution-for-the-eurochild-participation-in-the-preparation-of-the-2022-enlargement-package\\\/#breadcrumb\",\"itemListElement\":[{\"@type\":\"ListItem\",\"position\":1,\"name\":\"Home\",\"item\":\"https:\\\/\\\/zadecu.org\\\/en\\\/\"},{\"@type\":\"ListItem\",\"position\":2,\"name\":\"MODS written contribution for the Eurochild participation in the preparation of the 2022 Enlargement package\"}]},{\"@type\":\"WebSite\",\"@id\":\"https:\\\/\\\/zadecu.org\\\/#website\",\"url\":\"https:\\\/\\\/zadecu.org\\\/\",\"name\":\"Mre\u017ea organizacija za decu Srbije\",\"description\":\"Savez organizacija civilnog dru\u0161tva koje se bave za\u0161titom i promocijom prava deteta u Srbiji\",\"publisher\":{\"@id\":\"https:\\\/\\\/zadecu.org\\\/#organization\"},\"potentialAction\":[{\"@type\":\"SearchAction\",\"target\":{\"@type\":\"EntryPoint\",\"urlTemplate\":\"https:\\\/\\\/zadecu.org\\\/?s={search_term_string}\"},\"query-input\":{\"@type\":\"PropertyValueSpecification\",\"valueRequired\":true,\"valueName\":\"search_term_string\"}}],\"inLanguage\":\"en-US\"},{\"@type\":\"Organization\",\"@id\":\"https:\\\/\\\/zadecu.org\\\/#organization\",\"name\":\"Mre\u017ea organizacija za decu Srbije MODS\",\"url\":\"https:\\\/\\\/zadecu.org\\\/\",\"logo\":{\"@type\":\"ImageObject\",\"inLanguage\":\"en-US\",\"@id\":\"https:\\\/\\\/zadecu.org\\\/#\\\/schema\\\/logo\\\/image\\\/\",\"url\":\"http:\\\/\\\/zadecu.org\\\/wp-content\\\/uploads\\\/2019\\\/07\\\/MODS_logo_veci.jpg\",\"contentUrl\":\"http:\\\/\\\/zadecu.org\\\/wp-content\\\/uploads\\\/2019\\\/07\\\/MODS_logo_veci.jpg\",\"width\":798,\"height\":335,\"caption\":\"Mre\u017ea organizacija za decu Srbije MODS\"},\"image\":{\"@id\":\"https:\\\/\\\/zadecu.org\\\/#\\\/schema\\\/logo\\\/image\\\/\"},\"sameAs\":[\"https:\\\/\\\/www.facebook.com\\\/zadecuMODS\\\/\",\"https:\\\/\\\/x.com\\\/zadecuMODS\",\"https:\\\/\\\/www.instagram.com\\\/zadecuMODS\\\/\",\"https:\\\/\\\/www.youtube.com\\\/channel\\\/UC1JWUdo0NzgZJFne1EdFX9A\"]},{\"@type\":\"Person\",\"@id\":\"https:\\\/\\\/zadecu.org\\\/#\\\/schema\\\/person\\\/ad4f6997e66e4470c1ef6d15dd97b57e\",\"name\":\"MODS\",\"image\":{\"@type\":\"ImageObject\",\"inLanguage\":\"en-US\",\"@id\":\"https:\\\/\\\/secure.gravatar.com\\\/avatar\\\/60ee1947f5945cecca76529f5ef348f68d8e771648dbf26d5a30dac2000a09f7?s=96&d=mm&r=g\",\"url\":\"https:\\\/\\\/secure.gravatar.com\\\/avatar\\\/60ee1947f5945cecca76529f5ef348f68d8e771648dbf26d5a30dac2000a09f7?s=96&d=mm&r=g\",\"contentUrl\":\"https:\\\/\\\/secure.gravatar.com\\\/avatar\\\/60ee1947f5945cecca76529f5ef348f68d8e771648dbf26d5a30dac2000a09f7?s=96&d=mm&r=g\",\"caption\":\"MODS\"},\"sameAs\":[\"https:\\\/\\\/www.facebook.com\\\/zadecuMODS\\\/\",\"https:\\\/\\\/x.com\\\/zadecuMODS\"],\"url\":\"https:\\\/\\\/zadecu.org\\\/en\\\/author\\\/ognjen\\\/\"}]}<\/script>\n<!-- \/ Yoast SEO plugin. -->","yoast_head_json":{"title":"MODS written contribution for the Eurochild participation in the preparation of the 2022 Enlargement package - Mre\u017ea organizacija za decu Srbije","description":"Each year the European Commission adopts its \"Enlargement Package\" - a set of documents explaining its policy on EU enlargement.","robots":{"index":"index","follow":"follow","max-snippet":"max-snippet:-1","max-image-preview":"max-image-preview:large","max-video-preview":"max-video-preview:-1"},"canonical":"https:\/\/zadecu.org\/en\/mods-written-contribution-for-the-eurochild-participation-in-the-preparation-of-the-2022-enlargement-package\/","og_locale":"en_US","og_type":"article","og_title":"MODS written contribution for the Eurochild participation in the preparation of the 2022 Enlargement package - Mre\u017ea organizacija za decu Srbije","og_description":"Each year the European Commission adopts its \"Enlargement Package\" - a set of documents explaining its policy on EU enlargement.","og_url":"https:\/\/zadecu.org\/en\/mods-written-contribution-for-the-eurochild-participation-in-the-preparation-of-the-2022-enlargement-package\/","og_site_name":"Mre\u017ea organizacija za decu Srbije","article_publisher":"https:\/\/www.facebook.com\/zadecuMODS\/","article_author":"https:\/\/www.facebook.com\/zadecuMODS\/","article_published_time":"2022-05-09T12:31:37+00:00","article_modified_time":"2022-05-09T12:31:38+00:00","og_image":[{"width":530,"height":354,"url":"https:\/\/zadecu.org\/wp-content\/uploads\/2022\/05\/EC_Report.jpg","type":"image\/jpeg"}],"author":"MODS","twitter_card":"summary_large_image","twitter_creator":"@zadecuMODS","twitter_site":"@zadecuMODS","twitter_misc":{"Written by":"MODS","Est. reading time":"2 minutes"},"schema":{"@context":"https:\/\/schema.org","@graph":[{"@type":"Article","@id":"https:\/\/zadecu.org\/en\/mods-written-contribution-for-the-eurochild-participation-in-the-preparation-of-the-2022-enlargement-package\/#article","isPartOf":{"@id":"https:\/\/zadecu.org\/en\/mods-written-contribution-for-the-eurochild-participation-in-the-preparation-of-the-2022-enlargement-package\/"},"author":{"name":"MODS","@id":"https:\/\/zadecu.org\/#\/schema\/person\/ad4f6997e66e4470c1ef6d15dd97b57e"},"headline":"MODS written contribution for the Eurochild participation in the preparation of the 2022 Enlargement package","datePublished":"2022-05-09T12:31:37+00:00","dateModified":"2022-05-09T12:31:38+00:00","mainEntityOfPage":{"@id":"https:\/\/zadecu.org\/en\/mods-written-contribution-for-the-eurochild-participation-in-the-preparation-of-the-2022-enlargement-package\/"},"wordCount":211,"publisher":{"@id":"https:\/\/zadecu.org\/#organization"},"image":{"@id":"https:\/\/zadecu.org\/en\/mods-written-contribution-for-the-eurochild-participation-in-the-preparation-of-the-2022-enlargement-package\/#primaryimage"},"thumbnailUrl":"https:\/\/zadecu.org\/wp-content\/uploads\/2022\/05\/EC_Report.jpg","keywords":["Eurochild","European integration"],"articleSection":["European integrations","News"],"inLanguage":"en-US"},{"@type":"WebPage","@id":"https:\/\/zadecu.org\/en\/mods-written-contribution-for-the-eurochild-participation-in-the-preparation-of-the-2022-enlargement-package\/","url":"https:\/\/zadecu.org\/en\/mods-written-contribution-for-the-eurochild-participation-in-the-preparation-of-the-2022-enlargement-package\/","name":"MODS written contribution for the Eurochild participation in the preparation of the 2022 Enlargement package - Mre\u017ea organizacija za decu Srbije","isPartOf":{"@id":"https:\/\/zadecu.org\/#website"},"primaryImageOfPage":{"@id":"https:\/\/zadecu.org\/en\/mods-written-contribution-for-the-eurochild-participation-in-the-preparation-of-the-2022-enlargement-package\/#primaryimage"},"image":{"@id":"https:\/\/zadecu.org\/en\/mods-written-contribution-for-the-eurochild-participation-in-the-preparation-of-the-2022-enlargement-package\/#primaryimage"},"thumbnailUrl":"https:\/\/zadecu.org\/wp-content\/uploads\/2022\/05\/EC_Report.jpg","datePublished":"2022-05-09T12:31:37+00:00","dateModified":"2022-05-09T12:31:38+00:00","description":"Each year the European Commission adopts its \"Enlargement Package\" - a set of documents explaining its policy on EU enlargement.","breadcrumb":{"@id":"https:\/\/zadecu.org\/en\/mods-written-contribution-for-the-eurochild-participation-in-the-preparation-of-the-2022-enlargement-package\/#breadcrumb"},"inLanguage":"en-US","potentialAction":[{"@type":"ReadAction","target":["https:\/\/zadecu.org\/en\/mods-written-contribution-for-the-eurochild-participation-in-the-preparation-of-the-2022-enlargement-package\/"]}]},{"@type":"ImageObject","inLanguage":"en-US","@id":"https:\/\/zadecu.org\/en\/mods-written-contribution-for-the-eurochild-participation-in-the-preparation-of-the-2022-enlargement-package\/#primaryimage","url":"https:\/\/zadecu.org\/wp-content\/uploads\/2022\/05\/EC_Report.jpg","contentUrl":"https:\/\/zadecu.org\/wp-content\/uploads\/2022\/05\/EC_Report.jpg","width":530,"height":354},{"@type":"BreadcrumbList","@id":"https:\/\/zadecu.org\/en\/mods-written-contribution-for-the-eurochild-participation-in-the-preparation-of-the-2022-enlargement-package\/#breadcrumb","itemListElement":[{"@type":"ListItem","position":1,"name":"Home","item":"https:\/\/zadecu.org\/en\/"},{"@type":"ListItem","position":2,"name":"MODS written contribution for the Eurochild participation in the preparation of the 2022 Enlargement package"}]},{"@type":"WebSite","@id":"https:\/\/zadecu.org\/#website","url":"https:\/\/zadecu.org\/","name":"Mre\u017ea organizacija za decu Srbije","description":"Savez organizacija civilnog dru\u0161tva koje se bave za\u0161titom i promocijom prava deteta u Srbiji","publisher":{"@id":"https:\/\/zadecu.org\/#organization"},"potentialAction":[{"@type":"SearchAction","target":{"@type":"EntryPoint","urlTemplate":"https:\/\/zadecu.org\/?s={search_term_string}"},"query-input":{"@type":"PropertyValueSpecification","valueRequired":true,"valueName":"search_term_string"}}],"inLanguage":"en-US"},{"@type":"Organization","@id":"https:\/\/zadecu.org\/#organization","name":"Mre\u017ea organizacija za decu Srbije MODS","url":"https:\/\/zadecu.org\/","logo":{"@type":"ImageObject","inLanguage":"en-US","@id":"https:\/\/zadecu.org\/#\/schema\/logo\/image\/","url":"http:\/\/zadecu.org\/wp-content\/uploads\/2019\/07\/MODS_logo_veci.jpg","contentUrl":"http:\/\/zadecu.org\/wp-content\/uploads\/2019\/07\/MODS_logo_veci.jpg","width":798,"height":335,"caption":"Mre\u017ea organizacija za decu Srbije MODS"},"image":{"@id":"https:\/\/zadecu.org\/#\/schema\/logo\/image\/"},"sameAs":["https:\/\/www.facebook.com\/zadecuMODS\/","https:\/\/x.com\/zadecuMODS","https:\/\/www.instagram.com\/zadecuMODS\/","https:\/\/www.youtube.com\/channel\/UC1JWUdo0NzgZJFne1EdFX9A"]},{"@type":"Person","@id":"https:\/\/zadecu.org\/#\/schema\/person\/ad4f6997e66e4470c1ef6d15dd97b57e","name":"MODS","image":{"@type":"ImageObject","inLanguage":"en-US","@id":"https:\/\/secure.gravatar.com\/avatar\/60ee1947f5945cecca76529f5ef348f68d8e771648dbf26d5a30dac2000a09f7?s=96&d=mm&r=g","url":"https:\/\/secure.gravatar.com\/avatar\/60ee1947f5945cecca76529f5ef348f68d8e771648dbf26d5a30dac2000a09f7?s=96&d=mm&r=g","contentUrl":"https:\/\/secure.gravatar.com\/avatar\/60ee1947f5945cecca76529f5ef348f68d8e771648dbf26d5a30dac2000a09f7?s=96&d=mm&r=g","caption":"MODS"},"sameAs":["https:\/\/www.facebook.com\/zadecuMODS\/","https:\/\/x.com\/zadecuMODS"],"url":"https:\/\/zadecu.org\/en\/author\/ognjen\/"}]}},"_links":{"self":[{"href":"https:\/\/zadecu.org\/en\/wp-json\/wp\/v2\/posts\/9999","targetHints":{"allow":["GET"]}}],"collection":[{"href":"https:\/\/zadecu.org\/en\/wp-json\/wp\/v2\/posts"}],"about":[{"href":"https:\/\/zadecu.org\/en\/wp-json\/wp\/v2\/types\/post"}],"author":[{"embeddable":true,"href":"https:\/\/zadecu.org\/en\/wp-json\/wp\/v2\/users\/3"}],"replies":[{"embeddable":true,"href":"https:\/\/zadecu.org\/en\/wp-json\/wp\/v2\/comments?post=9999"}],"version-history":[{"count":0,"href":"https:\/\/zadecu.org\/en\/wp-json\/wp\/v2\/posts\/9999\/revisions"}],"wp:featuredmedia":[{"embeddable":true,"href":"https:\/\/zadecu.org\/en\/wp-json\/wp\/v2\/media\/10004"}],"wp:attachment":[{"href":"https:\/\/zadecu.org\/en\/wp-json\/wp\/v2\/media?parent=9999"}],"wp:term":[{"taxonomy":"category","embeddable":true,"href":"https:\/\/zadecu.org\/en\/wp-json\/wp\/v2\/categories?post=9999"},{"taxonomy":"post_tag","embeddable":true,"href":"https:\/\/zadecu.org\/en\/wp-json\/wp\/v2\/tags?post=9999"}],"curies":[{"name":"wp","href":"https:\/\/api.w.org\/{rel}","templated":true}]}}