
{"id":9347,"date":"2019-03-05T11:05:05","date_gmt":"2019-03-05T11:05:05","guid":{"rendered":"https:\/\/zadecu.org\/jednakost-za-svako-dete-program-mods\/"},"modified":"2023-01-27T09:42:15","modified_gmt":"2023-01-27T09:42:15","slug":"jednakost-za-svako-dete-program-mods","status":"publish","type":"post","link":"https:\/\/zadecu.org\/en\/jednakost-za-svako-dete-program-mods\/","title":{"rendered":"Jednakost za svako dete &#8211; Program MODS-a"},"content":{"rendered":"<p style=\"text-align: justify;\"><span style=\"color: #000000;\">Mre\u017ea organizacija za decu Srbije (MODS) \u00a0se zala\u017ee za smanjenje siroma\u0161tva, socijalne isklju\u010denosti i nejednakosti u na\u0161em dru\u0161tvu. Siroma\u0161tvo i rastu\u0107a nejednakost posebno te\u0161ko poga\u0111aju decu i njihove izglede za kvalitetan i dostojanstven \u017eivot. Iz ovih razloga nam je potrebna nova socijalna politika koja \u0107e na prvom mestu imati borbu protiv siroma\u0161tva i nejednakosti u dru\u0161tvu i biti uskla\u0111ena sa UN ciljevima odr\u017eivog razvoja.<\/span><\/p>\n<p><span style=\"color: #000000;\">Polaze\u0107i od potrebe za <strong>novom socijalnom politikom<\/strong>, Mre\u017ea organizacija za decu Srbije razvila je i usvojila ovaj <strong>programski dokument <\/strong>kao na\u0161 doprinos njenom razvoju i stvaranju na principima solidarnosti, jednakosti i socijalne uklju\u010denosti.<\/span><\/p>\n<p style=\"text-align: justify;\"><span style=\"color: #000000;\">Ovaj dokument sadr\u017ei op\u0161te ciljeve, principe i preporuke na kojima bi trebalo da se zasnivaju, i sa kojima bi trebalo da budu uskla\u0111ene, <strong>reforme socijalne i obrazovne politike<\/strong> kako bi bila obezbe\u0111ena <strong>jednakost za svako dete<\/strong> i sastoji se iz tri dela:<\/span><\/p>\n<ul>\n<li style=\"text-align: justify;\"><span style=\"color: #000000;\"><strong>PRILIKE ZA NOVE JAVNE POLITIKE<\/strong> \u2013 pregled javnih politika \u010dije dono\u0161enje ili izmene treba da obezbede socijalno uklju\u010divanje, smanjenje siroma\u0161tva i nejednakosti kod dece;<\/span><\/li>\n<\/ul>\n<ul>\n<li style=\"text-align: justify;\"><span style=\"color: #000000;\"><strong>SMANJENJE NEJEDNAKOST<\/strong>I \u2013 preporuke u oblasti socijalne za\u0161tite za obezbe\u0111ivanje <strong>adekvatne finansijske i materijalne pomo\u0107i <\/strong>(bez uslovljavanja koja mogu voditi ka zloupotrebi i eksploataciji) i za<strong> razvoj i finansiranje usluga i programa socijalne za\u0161tite <\/strong>za podr\u0161ku porodicama sa decom;<\/span><\/li>\n<\/ul>\n<ul>\n<li style=\"text-align: justify;\"><span style=\"color: #000000;\"><strong>OBRAZOVANJE ZA INKLUZIVNO DRU\u0160TVO I JEDNAKOST<\/strong> \u2013 predlog mera za sistemski pristup koji \u0107e voditi ukidanju nejednakosti u obrazovnom sistemu izme\u0111u dece, za ve\u0107a ulaganja u rani razvoj i podr\u0161ku deci slabijeg socioekonomskog statusa, posebno deci kojoj je potrebna dodatna podr\u0161ka u obrazovanju.<\/span><\/li>\n<\/ul>\n<p style=\"text-align: justify;\"><strong><span style=\"color: #000000;\">Ceo dokument mo\u017eete pogledati\u00a0<a href=\"https:\/\/zadecu.org\/wp-content\/uploads\/2023\/01\/MODS_za_jednakost_svakog_deteta.pdf\">OVDE<\/a><\/span><\/strong><\/p>\n","protected":false},"excerpt":{"rendered":"<p>Mre\u017ea organizacija za decu Srbije (MODS) \u00a0se zala\u017ee za smanjenje siroma\u0161tva, socijalne isklju\u010denosti i nejednakosti u na\u0161em dru\u0161tvu. Siroma\u0161tvo i rastu\u0107a nejednakost posebno te\u0161ko poga\u0111aju decu i njihove izglede za kvalitetan i dostojanstven \u017eivot. Iz ovih razloga nam je potrebna nova socijalna politika koja \u0107e na prvom mestu imati borbu protiv siroma\u0161tva i nejednakosti u [&hellip;]<\/p>\n","protected":false},"author":3,"featured_media":7963,"comment_status":"closed","ping_status":"open","sticky":false,"template":"","format":"standard","meta":{"footnotes":""},"categories":[284,67],"tags":[292,293,294],"class_list":["post-9347","post","type-post","status-publish","format-standard","has-post-thumbnail","hentry","category-policy-documents","category-policy-stances","tag-konvencija-o-pravima-deteta-en","tag-socijalna-zastita-en","tag-socijalno-ukljucivanje-en"],"yoast_head":"<!-- This site is optimized with the Yoast SEO plugin v28.0 - https:\/\/yoast.com\/product\/yoast-seo-wordpress\/ -->\n<title>Upoznajte se sa na\u0161im programom - Jednakost za svako dete<\/title>\n<meta name=\"description\" content=\"Mre\u017ea organizacija za decu Srbije je razvila svoj programski dokument kao doprinos razvoju i stvaranju nove socijalne politike - Jednakost za svako dete\" \/>\n<meta name=\"robots\" content=\"index, follow, max-snippet:-1, max-image-preview:large, max-video-preview:-1\" \/>\n<link rel=\"canonical\" href=\"https:\/\/zadecu.org\/en\/jednakost-za-svako-dete-program-mods\/\" \/>\n<meta property=\"og:locale\" content=\"en_US\" \/>\n<meta property=\"og:type\" content=\"article\" \/>\n<meta property=\"og:title\" content=\"Upoznajte se sa na\u0161im programom - Jednakost za svako dete\" \/>\n<meta property=\"og:description\" content=\"Mre\u017ea organizacija za decu Srbije je razvila svoj programski dokument kao doprinos razvoju i stvaranju nove socijalne politike - Jednakost za svako dete\" \/>\n<meta property=\"og:url\" content=\"https:\/\/zadecu.org\/en\/jednakost-za-svako-dete-program-mods\/\" \/>\n<meta property=\"og:site_name\" content=\"Mre\u017ea organizacija za decu Srbije\" \/>\n<meta property=\"article:publisher\" content=\"https:\/\/www.facebook.com\/zadecuMODS\/\" \/>\n<meta property=\"article:author\" content=\"https:\/\/www.facebook.com\/zadecuMODS\/\" \/>\n<meta property=\"article:published_time\" content=\"2019-03-05T11:05:05+00:00\" \/>\n<meta property=\"article:modified_time\" content=\"2023-01-27T09:42:15+00:00\" \/>\n<meta property=\"og:image\" content=\"https:\/\/zadecu.org\/wp-content\/uploads\/2019\/02\/programski-dokument.jpg\" \/>\n\t<meta property=\"og:image:width\" content=\"350\" \/>\n\t<meta property=\"og:image:height\" content=\"224\" \/>\n\t<meta property=\"og:image:type\" content=\"image\/jpeg\" \/>\n<meta name=\"author\" content=\"MODS\" \/>\n<meta name=\"twitter:card\" content=\"summary_large_image\" \/>\n<meta name=\"twitter:creator\" content=\"@zadecuMODS\" \/>\n<meta name=\"twitter:site\" content=\"@zadecuMODS\" \/>\n<meta name=\"twitter:label1\" content=\"Written by\" \/>\n\t<meta name=\"twitter:data1\" content=\"MODS\" \/>\n\t<meta name=\"twitter:label2\" content=\"Est. reading time\" \/>\n\t<meta name=\"twitter:data2\" content=\"2 minutes\" \/>\n<script type=\"application\/ld+json\" class=\"yoast-schema-graph\">{\"@context\":\"https:\\\/\\\/schema.org\",\"@graph\":[{\"@type\":\"Article\",\"@id\":\"https:\\\/\\\/zadecu.org\\\/en\\\/jednakost-za-svako-dete-program-mods\\\/#article\",\"isPartOf\":{\"@id\":\"https:\\\/\\\/zadecu.org\\\/en\\\/jednakost-za-svako-dete-program-mods\\\/\"},\"author\":{\"name\":\"MODS\",\"@id\":\"https:\\\/\\\/zadecu.org\\\/#\\\/schema\\\/person\\\/ad4f6997e66e4470c1ef6d15dd97b57e\"},\"headline\":\"Jednakost za svako dete &#8211; Program MODS-a\",\"datePublished\":\"2019-03-05T11:05:05+00:00\",\"dateModified\":\"2023-01-27T09:42:15+00:00\",\"mainEntityOfPage\":{\"@id\":\"https:\\\/\\\/zadecu.org\\\/en\\\/jednakost-za-svako-dete-program-mods\\\/\"},\"wordCount\":289,\"publisher\":{\"@id\":\"https:\\\/\\\/zadecu.org\\\/#organization\"},\"image\":{\"@id\":\"https:\\\/\\\/zadecu.org\\\/en\\\/jednakost-za-svako-dete-program-mods\\\/#primaryimage\"},\"thumbnailUrl\":\"https:\\\/\\\/zadecu.org\\\/wp-content\\\/uploads\\\/2019\\\/02\\\/programski-dokument.jpg\",\"keywords\":[\"Konvencija o pravima deteta\",\"Socijalna za\u0161tita\",\"Socijalno uklju\u010divanje\"],\"articleSection\":[\"Policy documents\",\"Policy Positions\"],\"inLanguage\":\"en-US\"},{\"@type\":\"WebPage\",\"@id\":\"https:\\\/\\\/zadecu.org\\\/en\\\/jednakost-za-svako-dete-program-mods\\\/\",\"url\":\"https:\\\/\\\/zadecu.org\\\/en\\\/jednakost-za-svako-dete-program-mods\\\/\",\"name\":\"Upoznajte se sa na\u0161im programom - Jednakost za svako dete\",\"isPartOf\":{\"@id\":\"https:\\\/\\\/zadecu.org\\\/#website\"},\"primaryImageOfPage\":{\"@id\":\"https:\\\/\\\/zadecu.org\\\/en\\\/jednakost-za-svako-dete-program-mods\\\/#primaryimage\"},\"image\":{\"@id\":\"https:\\\/\\\/zadecu.org\\\/en\\\/jednakost-za-svako-dete-program-mods\\\/#primaryimage\"},\"thumbnailUrl\":\"https:\\\/\\\/zadecu.org\\\/wp-content\\\/uploads\\\/2019\\\/02\\\/programski-dokument.jpg\",\"datePublished\":\"2019-03-05T11:05:05+00:00\",\"dateModified\":\"2023-01-27T09:42:15+00:00\",\"description\":\"Mre\u017ea organizacija za decu Srbije je razvila svoj programski dokument kao doprinos razvoju i stvaranju nove socijalne politike - Jednakost za svako dete\",\"breadcrumb\":{\"@id\":\"https:\\\/\\\/zadecu.org\\\/en\\\/jednakost-za-svako-dete-program-mods\\\/#breadcrumb\"},\"inLanguage\":\"en-US\",\"potentialAction\":[{\"@type\":\"ReadAction\",\"target\":[\"https:\\\/\\\/zadecu.org\\\/en\\\/jednakost-za-svako-dete-program-mods\\\/\"]}]},{\"@type\":\"ImageObject\",\"inLanguage\":\"en-US\",\"@id\":\"https:\\\/\\\/zadecu.org\\\/en\\\/jednakost-za-svako-dete-program-mods\\\/#primaryimage\",\"url\":\"https:\\\/\\\/zadecu.org\\\/wp-content\\\/uploads\\\/2019\\\/02\\\/programski-dokument.jpg\",\"contentUrl\":\"https:\\\/\\\/zadecu.org\\\/wp-content\\\/uploads\\\/2019\\\/02\\\/programski-dokument.jpg\",\"width\":350,\"height\":224},{\"@type\":\"BreadcrumbList\",\"@id\":\"https:\\\/\\\/zadecu.org\\\/en\\\/jednakost-za-svako-dete-program-mods\\\/#breadcrumb\",\"itemListElement\":[{\"@type\":\"ListItem\",\"position\":1,\"name\":\"Home\",\"item\":\"https:\\\/\\\/zadecu.org\\\/en\\\/\"},{\"@type\":\"ListItem\",\"position\":2,\"name\":\"Jednakost za svako dete &#8211; Program MODS-a\"}]},{\"@type\":\"WebSite\",\"@id\":\"https:\\\/\\\/zadecu.org\\\/#website\",\"url\":\"https:\\\/\\\/zadecu.org\\\/\",\"name\":\"Mre\u017ea organizacija za decu Srbije\",\"description\":\"Savez organizacija civilnog dru\u0161tva koje se bave za\u0161titom i promocijom prava deteta u Srbiji\",\"publisher\":{\"@id\":\"https:\\\/\\\/zadecu.org\\\/#organization\"},\"potentialAction\":[{\"@type\":\"SearchAction\",\"target\":{\"@type\":\"EntryPoint\",\"urlTemplate\":\"https:\\\/\\\/zadecu.org\\\/?s={search_term_string}\"},\"query-input\":{\"@type\":\"PropertyValueSpecification\",\"valueRequired\":true,\"valueName\":\"search_term_string\"}}],\"inLanguage\":\"en-US\"},{\"@type\":\"Organization\",\"@id\":\"https:\\\/\\\/zadecu.org\\\/#organization\",\"name\":\"Mre\u017ea organizacija za decu Srbije MODS\",\"url\":\"https:\\\/\\\/zadecu.org\\\/\",\"logo\":{\"@type\":\"ImageObject\",\"inLanguage\":\"en-US\",\"@id\":\"https:\\\/\\\/zadecu.org\\\/#\\\/schema\\\/logo\\\/image\\\/\",\"url\":\"http:\\\/\\\/zadecu.org\\\/wp-content\\\/uploads\\\/2019\\\/07\\\/MODS_logo_veci.jpg\",\"contentUrl\":\"http:\\\/\\\/zadecu.org\\\/wp-content\\\/uploads\\\/2019\\\/07\\\/MODS_logo_veci.jpg\",\"width\":798,\"height\":335,\"caption\":\"Mre\u017ea organizacija za decu Srbije MODS\"},\"image\":{\"@id\":\"https:\\\/\\\/zadecu.org\\\/#\\\/schema\\\/logo\\\/image\\\/\"},\"sameAs\":[\"https:\\\/\\\/www.facebook.com\\\/zadecuMODS\\\/\",\"https:\\\/\\\/x.com\\\/zadecuMODS\",\"https:\\\/\\\/www.instagram.com\\\/zadecuMODS\\\/\",\"https:\\\/\\\/www.youtube.com\\\/channel\\\/UC1JWUdo0NzgZJFne1EdFX9A\"]},{\"@type\":\"Person\",\"@id\":\"https:\\\/\\\/zadecu.org\\\/#\\\/schema\\\/person\\\/ad4f6997e66e4470c1ef6d15dd97b57e\",\"name\":\"MODS\",\"image\":{\"@type\":\"ImageObject\",\"inLanguage\":\"en-US\",\"@id\":\"https:\\\/\\\/secure.gravatar.com\\\/avatar\\\/60ee1947f5945cecca76529f5ef348f68d8e771648dbf26d5a30dac2000a09f7?s=96&d=mm&r=g\",\"url\":\"https:\\\/\\\/secure.gravatar.com\\\/avatar\\\/60ee1947f5945cecca76529f5ef348f68d8e771648dbf26d5a30dac2000a09f7?s=96&d=mm&r=g\",\"contentUrl\":\"https:\\\/\\\/secure.gravatar.com\\\/avatar\\\/60ee1947f5945cecca76529f5ef348f68d8e771648dbf26d5a30dac2000a09f7?s=96&d=mm&r=g\",\"caption\":\"MODS\"},\"sameAs\":[\"https:\\\/\\\/www.facebook.com\\\/zadecuMODS\\\/\",\"https:\\\/\\\/x.com\\\/zadecuMODS\"],\"url\":\"https:\\\/\\\/zadecu.org\\\/en\\\/author\\\/ognjen\\\/\"}]}<\/script>\n<!-- \/ Yoast SEO plugin. -->","yoast_head_json":{"title":"Upoznajte se sa na\u0161im programom - Jednakost za svako dete","description":"Mre\u017ea organizacija za decu Srbije je razvila svoj programski dokument kao doprinos razvoju i stvaranju nove socijalne politike - Jednakost za svako dete","robots":{"index":"index","follow":"follow","max-snippet":"max-snippet:-1","max-image-preview":"max-image-preview:large","max-video-preview":"max-video-preview:-1"},"canonical":"https:\/\/zadecu.org\/en\/jednakost-za-svako-dete-program-mods\/","og_locale":"en_US","og_type":"article","og_title":"Upoznajte se sa na\u0161im programom - Jednakost za svako dete","og_description":"Mre\u017ea organizacija za decu Srbije je razvila svoj programski dokument kao doprinos razvoju i stvaranju nove socijalne politike - Jednakost za svako dete","og_url":"https:\/\/zadecu.org\/en\/jednakost-za-svako-dete-program-mods\/","og_site_name":"Mre\u017ea organizacija za decu Srbije","article_publisher":"https:\/\/www.facebook.com\/zadecuMODS\/","article_author":"https:\/\/www.facebook.com\/zadecuMODS\/","article_published_time":"2019-03-05T11:05:05+00:00","article_modified_time":"2023-01-27T09:42:15+00:00","og_image":[{"width":350,"height":224,"url":"https:\/\/zadecu.org\/wp-content\/uploads\/2019\/02\/programski-dokument.jpg","type":"image\/jpeg"}],"author":"MODS","twitter_card":"summary_large_image","twitter_creator":"@zadecuMODS","twitter_site":"@zadecuMODS","twitter_misc":{"Written by":"MODS","Est. reading time":"2 minutes"},"schema":{"@context":"https:\/\/schema.org","@graph":[{"@type":"Article","@id":"https:\/\/zadecu.org\/en\/jednakost-za-svako-dete-program-mods\/#article","isPartOf":{"@id":"https:\/\/zadecu.org\/en\/jednakost-za-svako-dete-program-mods\/"},"author":{"name":"MODS","@id":"https:\/\/zadecu.org\/#\/schema\/person\/ad4f6997e66e4470c1ef6d15dd97b57e"},"headline":"Jednakost za svako dete &#8211; Program MODS-a","datePublished":"2019-03-05T11:05:05+00:00","dateModified":"2023-01-27T09:42:15+00:00","mainEntityOfPage":{"@id":"https:\/\/zadecu.org\/en\/jednakost-za-svako-dete-program-mods\/"},"wordCount":289,"publisher":{"@id":"https:\/\/zadecu.org\/#organization"},"image":{"@id":"https:\/\/zadecu.org\/en\/jednakost-za-svako-dete-program-mods\/#primaryimage"},"thumbnailUrl":"https:\/\/zadecu.org\/wp-content\/uploads\/2019\/02\/programski-dokument.jpg","keywords":["Konvencija o pravima deteta","Socijalna za\u0161tita","Socijalno uklju\u010divanje"],"articleSection":["Policy documents","Policy Positions"],"inLanguage":"en-US"},{"@type":"WebPage","@id":"https:\/\/zadecu.org\/en\/jednakost-za-svako-dete-program-mods\/","url":"https:\/\/zadecu.org\/en\/jednakost-za-svako-dete-program-mods\/","name":"Upoznajte se sa na\u0161im programom - Jednakost za svako dete","isPartOf":{"@id":"https:\/\/zadecu.org\/#website"},"primaryImageOfPage":{"@id":"https:\/\/zadecu.org\/en\/jednakost-za-svako-dete-program-mods\/#primaryimage"},"image":{"@id":"https:\/\/zadecu.org\/en\/jednakost-za-svako-dete-program-mods\/#primaryimage"},"thumbnailUrl":"https:\/\/zadecu.org\/wp-content\/uploads\/2019\/02\/programski-dokument.jpg","datePublished":"2019-03-05T11:05:05+00:00","dateModified":"2023-01-27T09:42:15+00:00","description":"Mre\u017ea organizacija za decu Srbije je razvila svoj programski dokument kao doprinos razvoju i stvaranju nove socijalne politike - Jednakost za svako dete","breadcrumb":{"@id":"https:\/\/zadecu.org\/en\/jednakost-za-svako-dete-program-mods\/#breadcrumb"},"inLanguage":"en-US","potentialAction":[{"@type":"ReadAction","target":["https:\/\/zadecu.org\/en\/jednakost-za-svako-dete-program-mods\/"]}]},{"@type":"ImageObject","inLanguage":"en-US","@id":"https:\/\/zadecu.org\/en\/jednakost-za-svako-dete-program-mods\/#primaryimage","url":"https:\/\/zadecu.org\/wp-content\/uploads\/2019\/02\/programski-dokument.jpg","contentUrl":"https:\/\/zadecu.org\/wp-content\/uploads\/2019\/02\/programski-dokument.jpg","width":350,"height":224},{"@type":"BreadcrumbList","@id":"https:\/\/zadecu.org\/en\/jednakost-za-svako-dete-program-mods\/#breadcrumb","itemListElement":[{"@type":"ListItem","position":1,"name":"Home","item":"https:\/\/zadecu.org\/en\/"},{"@type":"ListItem","position":2,"name":"Jednakost za svako dete &#8211; Program MODS-a"}]},{"@type":"WebSite","@id":"https:\/\/zadecu.org\/#website","url":"https:\/\/zadecu.org\/","name":"Mre\u017ea organizacija za decu Srbije","description":"Savez organizacija civilnog dru\u0161tva koje se bave za\u0161titom i promocijom prava deteta u Srbiji","publisher":{"@id":"https:\/\/zadecu.org\/#organization"},"potentialAction":[{"@type":"SearchAction","target":{"@type":"EntryPoint","urlTemplate":"https:\/\/zadecu.org\/?s={search_term_string}"},"query-input":{"@type":"PropertyValueSpecification","valueRequired":true,"valueName":"search_term_string"}}],"inLanguage":"en-US"},{"@type":"Organization","@id":"https:\/\/zadecu.org\/#organization","name":"Mre\u017ea organizacija za decu Srbije MODS","url":"https:\/\/zadecu.org\/","logo":{"@type":"ImageObject","inLanguage":"en-US","@id":"https:\/\/zadecu.org\/#\/schema\/logo\/image\/","url":"http:\/\/zadecu.org\/wp-content\/uploads\/2019\/07\/MODS_logo_veci.jpg","contentUrl":"http:\/\/zadecu.org\/wp-content\/uploads\/2019\/07\/MODS_logo_veci.jpg","width":798,"height":335,"caption":"Mre\u017ea organizacija za decu Srbije MODS"},"image":{"@id":"https:\/\/zadecu.org\/#\/schema\/logo\/image\/"},"sameAs":["https:\/\/www.facebook.com\/zadecuMODS\/","https:\/\/x.com\/zadecuMODS","https:\/\/www.instagram.com\/zadecuMODS\/","https:\/\/www.youtube.com\/channel\/UC1JWUdo0NzgZJFne1EdFX9A"]},{"@type":"Person","@id":"https:\/\/zadecu.org\/#\/schema\/person\/ad4f6997e66e4470c1ef6d15dd97b57e","name":"MODS","image":{"@type":"ImageObject","inLanguage":"en-US","@id":"https:\/\/secure.gravatar.com\/avatar\/60ee1947f5945cecca76529f5ef348f68d8e771648dbf26d5a30dac2000a09f7?s=96&d=mm&r=g","url":"https:\/\/secure.gravatar.com\/avatar\/60ee1947f5945cecca76529f5ef348f68d8e771648dbf26d5a30dac2000a09f7?s=96&d=mm&r=g","contentUrl":"https:\/\/secure.gravatar.com\/avatar\/60ee1947f5945cecca76529f5ef348f68d8e771648dbf26d5a30dac2000a09f7?s=96&d=mm&r=g","caption":"MODS"},"sameAs":["https:\/\/www.facebook.com\/zadecuMODS\/","https:\/\/x.com\/zadecuMODS"],"url":"https:\/\/zadecu.org\/en\/author\/ognjen\/"}]}},"_links":{"self":[{"href":"https:\/\/zadecu.org\/en\/wp-json\/wp\/v2\/posts\/9347","targetHints":{"allow":["GET"]}}],"collection":[{"href":"https:\/\/zadecu.org\/en\/wp-json\/wp\/v2\/posts"}],"about":[{"href":"https:\/\/zadecu.org\/en\/wp-json\/wp\/v2\/types\/post"}],"author":[{"embeddable":true,"href":"https:\/\/zadecu.org\/en\/wp-json\/wp\/v2\/users\/3"}],"replies":[{"embeddable":true,"href":"https:\/\/zadecu.org\/en\/wp-json\/wp\/v2\/comments?post=9347"}],"version-history":[{"count":0,"href":"https:\/\/zadecu.org\/en\/wp-json\/wp\/v2\/posts\/9347\/revisions"}],"wp:featuredmedia":[{"embeddable":true,"href":"https:\/\/zadecu.org\/en\/wp-json\/wp\/v2\/media\/7963"}],"wp:attachment":[{"href":"https:\/\/zadecu.org\/en\/wp-json\/wp\/v2\/media?parent=9347"}],"wp:term":[{"taxonomy":"category","embeddable":true,"href":"https:\/\/zadecu.org\/en\/wp-json\/wp\/v2\/categories?post=9347"},{"taxonomy":"post_tag","embeddable":true,"href":"https:\/\/zadecu.org\/en\/wp-json\/wp\/v2\/tags?post=9347"}],"curies":[{"name":"wp","href":"https:\/\/api.w.org\/{rel}","templated":true}]}}