
{"id":3352,"date":"2018-08-17T10:27:00","date_gmt":"2018-08-17T10:27:00","guid":{"rendered":"http:\/\/zadecu.org\/en\/?p=3352"},"modified":"2019-01-27T20:20:23","modified_gmt":"2019-01-27T20:20:23","slug":"closing-military-camp-zlatibor","status":"publish","type":"post","link":"https:\/\/zadecu.org\/en\/closing-military-camp-zlatibor\/","title":{"rendered":"Closing the Military Camp at Zlatibor"},"content":{"rendered":"<p style=\"text-align: justify;\"><span style=\"color: #000000;\">The Network of Organizations of Children of Serbia welcomes the reaction of the Ministry of Interior and the closure of <span style=\"color: #0000ff;\"><a style=\"color: #0000ff;\" href=\"https:\/\/www.youtube.com\/watch?time_continue=55&amp;v=FLKMkyON4Qc\">the camp at Zlatibor<\/a><\/span>, where children, among other things, passed military training, and where girls and boys aged 12 to 18 learned <strong>how to behave in combat, how to shoot guns &#8230;<\/strong><\/span><\/p>\n<p style=\"text-align: justify;\"><span style=\"color: #000000;\">The inclusion of children in camps undergoing military training is a gross violation of the Convention on the Rights of the Child, it is an abuse of children and is far from the best interests of the child. It is therefore particularly unacceptable that campsites and activities of this type are further financed from the public budget.<\/span><\/p>\n<p style=\"text-align: justify;\"><span style=\"color: #000000;\">Our children need campsites in nature, an opportunity to socialise with peers and learn about other cultures, tolerance, solidarity, history, develop and upgrade their skills and talents, in an educational and cultural context. At the same time, all of that is incompatible with the program of the camp that deals with, practically, <strong>the preparation of children for participation in armed conflicts<\/strong>. We believe that nobody wants that, in the first place parents of children, or organisers and those who support such a camp.<\/span><\/p>\n<p style=\"text-align: justify;\"><span style=\"color: #000000;\">We remind that the state of Serbia is a signing party to the Optional Protocol to the Convention on the Rights of the Child on <strong>the participation of children in armed conflicts<\/strong>. This protocol was created due to the need <strong>to protect children from taking part in armed conflicts<\/strong>.<\/span><\/p>\n<p style=\"text-align: justify;\"><span style=\"color: #000000;\">On this occasion, we would like to draw attention to the obligation of the state to introduce the public to the Optional Protocol on the involvement of children in armed conflicts. This protocol condemns with the utmost concern, <strong>recruitment, training and exploitation<\/strong>, inside and outside the state borders, <strong>of children in hostilities by armed groups that are not armed forces of the state and recognising the responsibility of those who recruit, train and use children for these purposes.<\/strong><\/span><\/p>\n<p style=\"text-align: justify;\"><span style=\"color: #000000;\">We appeal to parents not to allow anyone to prepare their children for participation in armed conflicts and thus to prevent the abuse and manipulation of children.<\/span><\/p>\n<p style=\"text-align: justify;\"><span style=\"color: #000000;\">At the same time, we invite competent state authorities and institutions, at national and local levels, not to allow the organization and maintenance of similar camps and activities in the future, based on the international obligations of the State as a signatory to the Convention on the Rights of the Child and the Optional Protocol on the Participation of Children in Armed Conflict, to inform the public what these documents contain and what comprises the corpus of the rights of the child.<\/span><\/p>\n","protected":false},"excerpt":{"rendered":"<p>The Network of Organizations of Children of Serbia welcomes the reaction of the Ministry of Interior and the closure of the camp at Zlatibor, where children, among other things, passed military training, and where girls and boys aged 12 to 18 learned how to behave in combat, how to shoot guns &#8230; The inclusion of [&hellip;]<\/p>\n","protected":false},"author":3,"featured_media":3262,"comment_status":"closed","ping_status":"open","sticky":false,"template":"","format":"standard","meta":{"footnotes":""},"categories":[55,220],"tags":[117,119],"class_list":["post-3352","post","type-post","status-publish","format-standard","has-post-thumbnail","hentry","category-media","category-protection-from-violence","tag-convention-on-the-rights-of-the-child","tag-protection-from-violence"],"yoast_head":"<!-- This site is optimized with the Yoast SEO plugin v28.0 - https:\/\/yoast.com\/product\/yoast-seo-wordpress\/ -->\n<title>MODS welcomes closing military camp for children in Zlatibor<\/title>\n<meta name=\"description\" content=\"The Network of Organizations of Children of Serbia welcomes the reaction of the Ministry of Interior and the closure of the camp at Zlatibor\" \/>\n<meta name=\"robots\" content=\"index, follow, max-snippet:-1, max-image-preview:large, max-video-preview:-1\" \/>\n<link rel=\"canonical\" href=\"https:\/\/zadecu.org\/en\/closing-military-camp-zlatibor\/\" \/>\n<meta property=\"og:locale\" content=\"en_US\" \/>\n<meta property=\"og:type\" content=\"article\" \/>\n<meta property=\"og:title\" content=\"MODS welcomes closing military camp for children in Zlatibor\" \/>\n<meta property=\"og:description\" content=\"The Network of Organizations of Children of Serbia welcomes the reaction of the Ministry of Interior and the closure of the camp at Zlatibor\" \/>\n<meta property=\"og:url\" content=\"https:\/\/zadecu.org\/en\/closing-military-camp-zlatibor\/\" \/>\n<meta property=\"og:site_name\" content=\"Mre\u017ea organizacija za decu Srbije\" \/>\n<meta property=\"article:publisher\" content=\"https:\/\/www.facebook.com\/zadecuMODS\/\" \/>\n<meta property=\"article:author\" content=\"https:\/\/www.facebook.com\/zadecuMODS\/\" \/>\n<meta property=\"article:published_time\" content=\"2018-08-17T10:27:00+00:00\" \/>\n<meta property=\"article:modified_time\" content=\"2019-01-27T20:20:23+00:00\" \/>\n<meta property=\"og:image\" content=\"https:\/\/zadecu.org\/wp-content\/uploads\/2018\/08\/Kamp.jpg\" \/>\n\t<meta property=\"og:image:width\" content=\"600\" \/>\n\t<meta property=\"og:image:height\" content=\"200\" \/>\n\t<meta property=\"og:image:type\" content=\"image\/jpeg\" \/>\n<meta name=\"author\" content=\"MODS\" \/>\n<meta name=\"twitter:card\" content=\"summary_large_image\" \/>\n<meta name=\"twitter:creator\" content=\"@zadecuMODS\" \/>\n<meta name=\"twitter:site\" content=\"@zadecuMODS\" \/>\n<meta name=\"twitter:label1\" content=\"Written by\" \/>\n\t<meta name=\"twitter:data1\" content=\"MODS\" \/>\n\t<meta name=\"twitter:label2\" content=\"Est. reading time\" \/>\n\t<meta name=\"twitter:data2\" content=\"2 minutes\" \/>\n<script type=\"application\/ld+json\" class=\"yoast-schema-graph\">{\"@context\":\"https:\\\/\\\/schema.org\",\"@graph\":[{\"@type\":\"Article\",\"@id\":\"https:\\\/\\\/zadecu.org\\\/en\\\/closing-military-camp-zlatibor\\\/#article\",\"isPartOf\":{\"@id\":\"https:\\\/\\\/zadecu.org\\\/en\\\/closing-military-camp-zlatibor\\\/\"},\"author\":{\"name\":\"MODS\",\"@id\":\"https:\\\/\\\/zadecu.org\\\/#\\\/schema\\\/person\\\/ad4f6997e66e4470c1ef6d15dd97b57e\"},\"headline\":\"Closing the Military Camp at Zlatibor\",\"datePublished\":\"2018-08-17T10:27:00+00:00\",\"dateModified\":\"2019-01-27T20:20:23+00:00\",\"mainEntityOfPage\":{\"@id\":\"https:\\\/\\\/zadecu.org\\\/en\\\/closing-military-camp-zlatibor\\\/\"},\"wordCount\":431,\"publisher\":{\"@id\":\"https:\\\/\\\/zadecu.org\\\/#organization\"},\"image\":{\"@id\":\"https:\\\/\\\/zadecu.org\\\/en\\\/closing-military-camp-zlatibor\\\/#primaryimage\"},\"thumbnailUrl\":\"https:\\\/\\\/zadecu.org\\\/wp-content\\\/uploads\\\/2018\\\/08\\\/Kamp.jpg\",\"keywords\":[\"Convention on the Rights of the Child\",\"Protection from violence\"],\"articleSection\":[\"Media\",\"Protection from violence\"],\"inLanguage\":\"en-US\"},{\"@type\":\"WebPage\",\"@id\":\"https:\\\/\\\/zadecu.org\\\/en\\\/closing-military-camp-zlatibor\\\/\",\"url\":\"https:\\\/\\\/zadecu.org\\\/en\\\/closing-military-camp-zlatibor\\\/\",\"name\":\"MODS welcomes closing military camp for children in Zlatibor\",\"isPartOf\":{\"@id\":\"https:\\\/\\\/zadecu.org\\\/#website\"},\"primaryImageOfPage\":{\"@id\":\"https:\\\/\\\/zadecu.org\\\/en\\\/closing-military-camp-zlatibor\\\/#primaryimage\"},\"image\":{\"@id\":\"https:\\\/\\\/zadecu.org\\\/en\\\/closing-military-camp-zlatibor\\\/#primaryimage\"},\"thumbnailUrl\":\"https:\\\/\\\/zadecu.org\\\/wp-content\\\/uploads\\\/2018\\\/08\\\/Kamp.jpg\",\"datePublished\":\"2018-08-17T10:27:00+00:00\",\"dateModified\":\"2019-01-27T20:20:23+00:00\",\"description\":\"The Network of Organizations of Children of Serbia welcomes the reaction of the Ministry of Interior and the closure of the camp at Zlatibor\",\"breadcrumb\":{\"@id\":\"https:\\\/\\\/zadecu.org\\\/en\\\/closing-military-camp-zlatibor\\\/#breadcrumb\"},\"inLanguage\":\"en-US\",\"potentialAction\":[{\"@type\":\"ReadAction\",\"target\":[\"https:\\\/\\\/zadecu.org\\\/en\\\/closing-military-camp-zlatibor\\\/\"]}]},{\"@type\":\"ImageObject\",\"inLanguage\":\"en-US\",\"@id\":\"https:\\\/\\\/zadecu.org\\\/en\\\/closing-military-camp-zlatibor\\\/#primaryimage\",\"url\":\"https:\\\/\\\/zadecu.org\\\/wp-content\\\/uploads\\\/2018\\\/08\\\/Kamp.jpg\",\"contentUrl\":\"https:\\\/\\\/zadecu.org\\\/wp-content\\\/uploads\\\/2018\\\/08\\\/Kamp.jpg\",\"width\":600,\"height\":200},{\"@type\":\"BreadcrumbList\",\"@id\":\"https:\\\/\\\/zadecu.org\\\/en\\\/closing-military-camp-zlatibor\\\/#breadcrumb\",\"itemListElement\":[{\"@type\":\"ListItem\",\"position\":1,\"name\":\"Home\",\"item\":\"https:\\\/\\\/zadecu.org\\\/en\\\/\"},{\"@type\":\"ListItem\",\"position\":2,\"name\":\"Closing the Military Camp at Zlatibor\"}]},{\"@type\":\"WebSite\",\"@id\":\"https:\\\/\\\/zadecu.org\\\/#website\",\"url\":\"https:\\\/\\\/zadecu.org\\\/\",\"name\":\"Mre\u017ea organizacija za decu Srbije\",\"description\":\"Savez organizacija civilnog dru\u0161tva koje se bave za\u0161titom i promocijom prava deteta u Srbiji\",\"publisher\":{\"@id\":\"https:\\\/\\\/zadecu.org\\\/#organization\"},\"potentialAction\":[{\"@type\":\"SearchAction\",\"target\":{\"@type\":\"EntryPoint\",\"urlTemplate\":\"https:\\\/\\\/zadecu.org\\\/?s={search_term_string}\"},\"query-input\":{\"@type\":\"PropertyValueSpecification\",\"valueRequired\":true,\"valueName\":\"search_term_string\"}}],\"inLanguage\":\"en-US\"},{\"@type\":\"Organization\",\"@id\":\"https:\\\/\\\/zadecu.org\\\/#organization\",\"name\":\"Mre\u017ea organizacija za decu Srbije MODS\",\"url\":\"https:\\\/\\\/zadecu.org\\\/\",\"logo\":{\"@type\":\"ImageObject\",\"inLanguage\":\"en-US\",\"@id\":\"https:\\\/\\\/zadecu.org\\\/#\\\/schema\\\/logo\\\/image\\\/\",\"url\":\"http:\\\/\\\/zadecu.org\\\/wp-content\\\/uploads\\\/2019\\\/07\\\/MODS_logo_veci.jpg\",\"contentUrl\":\"http:\\\/\\\/zadecu.org\\\/wp-content\\\/uploads\\\/2019\\\/07\\\/MODS_logo_veci.jpg\",\"width\":798,\"height\":335,\"caption\":\"Mre\u017ea organizacija za decu Srbije MODS\"},\"image\":{\"@id\":\"https:\\\/\\\/zadecu.org\\\/#\\\/schema\\\/logo\\\/image\\\/\"},\"sameAs\":[\"https:\\\/\\\/www.facebook.com\\\/zadecuMODS\\\/\",\"https:\\\/\\\/x.com\\\/zadecuMODS\",\"https:\\\/\\\/www.instagram.com\\\/zadecuMODS\\\/\",\"https:\\\/\\\/www.youtube.com\\\/channel\\\/UC1JWUdo0NzgZJFne1EdFX9A\"]},{\"@type\":\"Person\",\"@id\":\"https:\\\/\\\/zadecu.org\\\/#\\\/schema\\\/person\\\/ad4f6997e66e4470c1ef6d15dd97b57e\",\"name\":\"MODS\",\"image\":{\"@type\":\"ImageObject\",\"inLanguage\":\"en-US\",\"@id\":\"https:\\\/\\\/secure.gravatar.com\\\/avatar\\\/60ee1947f5945cecca76529f5ef348f68d8e771648dbf26d5a30dac2000a09f7?s=96&d=mm&r=g\",\"url\":\"https:\\\/\\\/secure.gravatar.com\\\/avatar\\\/60ee1947f5945cecca76529f5ef348f68d8e771648dbf26d5a30dac2000a09f7?s=96&d=mm&r=g\",\"contentUrl\":\"https:\\\/\\\/secure.gravatar.com\\\/avatar\\\/60ee1947f5945cecca76529f5ef348f68d8e771648dbf26d5a30dac2000a09f7?s=96&d=mm&r=g\",\"caption\":\"MODS\"},\"sameAs\":[\"https:\\\/\\\/www.facebook.com\\\/zadecuMODS\\\/\",\"https:\\\/\\\/x.com\\\/zadecuMODS\"],\"url\":\"https:\\\/\\\/zadecu.org\\\/en\\\/author\\\/ognjen\\\/\"}]}<\/script>\n<!-- \/ Yoast SEO plugin. -->","yoast_head_json":{"title":"MODS welcomes closing military camp for children in Zlatibor","description":"The Network of Organizations of Children of Serbia welcomes the reaction of the Ministry of Interior and the closure of the camp at Zlatibor","robots":{"index":"index","follow":"follow","max-snippet":"max-snippet:-1","max-image-preview":"max-image-preview:large","max-video-preview":"max-video-preview:-1"},"canonical":"https:\/\/zadecu.org\/en\/closing-military-camp-zlatibor\/","og_locale":"en_US","og_type":"article","og_title":"MODS welcomes closing military camp for children in Zlatibor","og_description":"The Network of Organizations of Children of Serbia welcomes the reaction of the Ministry of Interior and the closure of the camp at Zlatibor","og_url":"https:\/\/zadecu.org\/en\/closing-military-camp-zlatibor\/","og_site_name":"Mre\u017ea organizacija za decu Srbije","article_publisher":"https:\/\/www.facebook.com\/zadecuMODS\/","article_author":"https:\/\/www.facebook.com\/zadecuMODS\/","article_published_time":"2018-08-17T10:27:00+00:00","article_modified_time":"2019-01-27T20:20:23+00:00","og_image":[{"width":600,"height":200,"url":"https:\/\/zadecu.org\/wp-content\/uploads\/2018\/08\/Kamp.jpg","type":"image\/jpeg"}],"author":"MODS","twitter_card":"summary_large_image","twitter_creator":"@zadecuMODS","twitter_site":"@zadecuMODS","twitter_misc":{"Written by":"MODS","Est. reading time":"2 minutes"},"schema":{"@context":"https:\/\/schema.org","@graph":[{"@type":"Article","@id":"https:\/\/zadecu.org\/en\/closing-military-camp-zlatibor\/#article","isPartOf":{"@id":"https:\/\/zadecu.org\/en\/closing-military-camp-zlatibor\/"},"author":{"name":"MODS","@id":"https:\/\/zadecu.org\/#\/schema\/person\/ad4f6997e66e4470c1ef6d15dd97b57e"},"headline":"Closing the Military Camp at Zlatibor","datePublished":"2018-08-17T10:27:00+00:00","dateModified":"2019-01-27T20:20:23+00:00","mainEntityOfPage":{"@id":"https:\/\/zadecu.org\/en\/closing-military-camp-zlatibor\/"},"wordCount":431,"publisher":{"@id":"https:\/\/zadecu.org\/#organization"},"image":{"@id":"https:\/\/zadecu.org\/en\/closing-military-camp-zlatibor\/#primaryimage"},"thumbnailUrl":"https:\/\/zadecu.org\/wp-content\/uploads\/2018\/08\/Kamp.jpg","keywords":["Convention on the Rights of the Child","Protection from violence"],"articleSection":["Media","Protection from violence"],"inLanguage":"en-US"},{"@type":"WebPage","@id":"https:\/\/zadecu.org\/en\/closing-military-camp-zlatibor\/","url":"https:\/\/zadecu.org\/en\/closing-military-camp-zlatibor\/","name":"MODS welcomes closing military camp for children in Zlatibor","isPartOf":{"@id":"https:\/\/zadecu.org\/#website"},"primaryImageOfPage":{"@id":"https:\/\/zadecu.org\/en\/closing-military-camp-zlatibor\/#primaryimage"},"image":{"@id":"https:\/\/zadecu.org\/en\/closing-military-camp-zlatibor\/#primaryimage"},"thumbnailUrl":"https:\/\/zadecu.org\/wp-content\/uploads\/2018\/08\/Kamp.jpg","datePublished":"2018-08-17T10:27:00+00:00","dateModified":"2019-01-27T20:20:23+00:00","description":"The Network of Organizations of Children of Serbia welcomes the reaction of the Ministry of Interior and the closure of the camp at Zlatibor","breadcrumb":{"@id":"https:\/\/zadecu.org\/en\/closing-military-camp-zlatibor\/#breadcrumb"},"inLanguage":"en-US","potentialAction":[{"@type":"ReadAction","target":["https:\/\/zadecu.org\/en\/closing-military-camp-zlatibor\/"]}]},{"@type":"ImageObject","inLanguage":"en-US","@id":"https:\/\/zadecu.org\/en\/closing-military-camp-zlatibor\/#primaryimage","url":"https:\/\/zadecu.org\/wp-content\/uploads\/2018\/08\/Kamp.jpg","contentUrl":"https:\/\/zadecu.org\/wp-content\/uploads\/2018\/08\/Kamp.jpg","width":600,"height":200},{"@type":"BreadcrumbList","@id":"https:\/\/zadecu.org\/en\/closing-military-camp-zlatibor\/#breadcrumb","itemListElement":[{"@type":"ListItem","position":1,"name":"Home","item":"https:\/\/zadecu.org\/en\/"},{"@type":"ListItem","position":2,"name":"Closing the Military Camp at Zlatibor"}]},{"@type":"WebSite","@id":"https:\/\/zadecu.org\/#website","url":"https:\/\/zadecu.org\/","name":"Mre\u017ea organizacija za decu Srbije","description":"Savez organizacija civilnog dru\u0161tva koje se bave za\u0161titom i promocijom prava deteta u Srbiji","publisher":{"@id":"https:\/\/zadecu.org\/#organization"},"potentialAction":[{"@type":"SearchAction","target":{"@type":"EntryPoint","urlTemplate":"https:\/\/zadecu.org\/?s={search_term_string}"},"query-input":{"@type":"PropertyValueSpecification","valueRequired":true,"valueName":"search_term_string"}}],"inLanguage":"en-US"},{"@type":"Organization","@id":"https:\/\/zadecu.org\/#organization","name":"Mre\u017ea organizacija za decu Srbije MODS","url":"https:\/\/zadecu.org\/","logo":{"@type":"ImageObject","inLanguage":"en-US","@id":"https:\/\/zadecu.org\/#\/schema\/logo\/image\/","url":"http:\/\/zadecu.org\/wp-content\/uploads\/2019\/07\/MODS_logo_veci.jpg","contentUrl":"http:\/\/zadecu.org\/wp-content\/uploads\/2019\/07\/MODS_logo_veci.jpg","width":798,"height":335,"caption":"Mre\u017ea organizacija za decu Srbije MODS"},"image":{"@id":"https:\/\/zadecu.org\/#\/schema\/logo\/image\/"},"sameAs":["https:\/\/www.facebook.com\/zadecuMODS\/","https:\/\/x.com\/zadecuMODS","https:\/\/www.instagram.com\/zadecuMODS\/","https:\/\/www.youtube.com\/channel\/UC1JWUdo0NzgZJFne1EdFX9A"]},{"@type":"Person","@id":"https:\/\/zadecu.org\/#\/schema\/person\/ad4f6997e66e4470c1ef6d15dd97b57e","name":"MODS","image":{"@type":"ImageObject","inLanguage":"en-US","@id":"https:\/\/secure.gravatar.com\/avatar\/60ee1947f5945cecca76529f5ef348f68d8e771648dbf26d5a30dac2000a09f7?s=96&d=mm&r=g","url":"https:\/\/secure.gravatar.com\/avatar\/60ee1947f5945cecca76529f5ef348f68d8e771648dbf26d5a30dac2000a09f7?s=96&d=mm&r=g","contentUrl":"https:\/\/secure.gravatar.com\/avatar\/60ee1947f5945cecca76529f5ef348f68d8e771648dbf26d5a30dac2000a09f7?s=96&d=mm&r=g","caption":"MODS"},"sameAs":["https:\/\/www.facebook.com\/zadecuMODS\/","https:\/\/x.com\/zadecuMODS"],"url":"https:\/\/zadecu.org\/en\/author\/ognjen\/"}]}},"_links":{"self":[{"href":"https:\/\/zadecu.org\/en\/wp-json\/wp\/v2\/posts\/3352","targetHints":{"allow":["GET"]}}],"collection":[{"href":"https:\/\/zadecu.org\/en\/wp-json\/wp\/v2\/posts"}],"about":[{"href":"https:\/\/zadecu.org\/en\/wp-json\/wp\/v2\/types\/post"}],"author":[{"embeddable":true,"href":"https:\/\/zadecu.org\/en\/wp-json\/wp\/v2\/users\/3"}],"replies":[{"embeddable":true,"href":"https:\/\/zadecu.org\/en\/wp-json\/wp\/v2\/comments?post=3352"}],"version-history":[{"count":0,"href":"https:\/\/zadecu.org\/en\/wp-json\/wp\/v2\/posts\/3352\/revisions"}],"wp:featuredmedia":[{"embeddable":true,"href":"https:\/\/zadecu.org\/en\/wp-json\/wp\/v2\/media\/3262"}],"wp:attachment":[{"href":"https:\/\/zadecu.org\/en\/wp-json\/wp\/v2\/media?parent=3352"}],"wp:term":[{"taxonomy":"category","embeddable":true,"href":"https:\/\/zadecu.org\/en\/wp-json\/wp\/v2\/categories?post=3352"},{"taxonomy":"post_tag","embeddable":true,"href":"https:\/\/zadecu.org\/en\/wp-json\/wp\/v2\/tags?post=3352"}],"curies":[{"name":"wp","href":"https:\/\/api.w.org\/{rel}","templated":true}]}}