
{"id":3343,"date":"2018-05-30T10:11:57","date_gmt":"2018-05-30T10:11:57","guid":{"rendered":"http:\/\/zadecu.org\/en\/?p=3343"},"modified":"2019-01-27T20:26:59","modified_gmt":"2019-01-27T20:26:59","slug":"right-children-live-family","status":"publish","type":"post","link":"https:\/\/zadecu.org\/en\/right-children-live-family\/","title":{"rendered":"The right of children to live in the family above all!"},"content":{"rendered":"<p style=\"text-align: justify;\"><span style=\"color: #000000;\"><strong>The Network of Organizations for Children of Serbia \u2013 MODS<\/strong> expresses concern about the <span style=\"color: #0000ff;\"><a style=\"color: #0000ff;\" href=\"http:\/\/zadecu.org\/wp-content\/uploads\/2018\/05\/\u041c\u0438\u043d\u0438\u0441\u0442\u0430\u0440\u0441\u0442\u0432\u043e-\u0443-\u0431\u043e\u0440\u0431\u0438-\u043f\u0440\u043e\u0442\u0438\u0432-\u0437\u043b\u043e\u0443\u043f\u043e\u0442\u0440\u0435\u0431\u0435-\"><strong>Ministry&#8217;s announcement\u00a0 \u2013 the fight against the abuse of &#8220;street children&#8221;<\/strong><\/a><\/span><strong><span style=\"color: #0000ff;\">.<\/span> In the order sent to the centres for social work, in the first place it is emphasised that children should be taken away from their parents and that criminal charges should be brought against parents<\/strong>. Displacement of children from families is emphasised as a measure of support and assistance to &#8220;street children&#8221;. In a short period, 46 children were removed from their families, and another four children are planned to be separated from their families.<\/span><\/p>\n<p style=\"text-align: justify;\"><span style=\"color: #000000;\">We are particularly surprised by the data on the number of children displaced from families, bearing in mind the current reform processes of the competent ministry in order to reduce the number of children in institutions and the separation of children from families, in order to ensure that all children have the right for<strong> their parents to take care of them<\/strong> before anybody else.<\/span><\/p>\n<p style=\"text-align: justify;\"><span style=\"color: #000000;\"><strong>We are aware that there are situations in which, in order to assess the immediate vulnerability of child safety, it is in the best interest of a child to respond urgently and, as a final measure, to resort to relocation from the family. However, relocation from the family is the last and final measure, when there is an assessment of the team, and when all other prior necessary measures of support for the family and the child have already been taken<\/strong>.<\/span><\/p>\n<p style=\"text-align: justify;\"><span style=\"color: #000000;\">On this occasion, we would remind that the UN Children&#8217;s Rights Committee adopted <strong>General Comment No. 21 on Children in Street Situations<\/strong> and that our country, as a member of <strong>the Convention on the Rights of the Child,<\/strong> actively participated in its preparation. This document provides guidance to States to provide support to children in street situations, as it has been observed that <strong>child rights in street situations<\/strong> are not respected in accordance with the Convention on the Rights of the Child.<\/span><\/p>\n<p style=\"text-align: justify;\"><span style=\"color: #000000;\"><a href=\"http:\/\/cim.org.rs\/en\/\" target=\"_blank\"><strong>Youth Integration Center \u2013 CIM<\/strong><\/a>, a member of MODS, with many years of experience in supporting children in street situations, <strong>expresses concern that hasty action could result in criminal processing of all parents whose children are found working in the street, without a preliminary assessment of whether it really is the issue of child labour abuse for the purpose of exploitation.<\/strong> It must not be forgotten that street work is a result of extreme poverty and a way to survive.<\/span><\/p>\n<p style=\"text-align: justify;\"><span style=\"color: #000000;\">The UN Children&#8217;s Rights Committee states that States should not separate children from their families solely because a family is working or living on the street. Financial or material poverty, or conditions directly and exclusively attributable to such poverty, should never be the only justification for removing a child from parental care but should be considered a signal of the need to provide adequate support to the family.<\/span><\/p>\n<p style=\"text-align: justify;\"><span style=\"color: #000000;\"><strong>Therefore, we believe that the state should, above all, work to eliminate the causes that lead to street work, which is extreme poverty, and provide support to families before taking away their children. Poverty should not be the reason for relocating children from their families.<\/strong><\/span><\/p>\n<p style=\"text-align: justify;\"><span style=\"color: #000000;\">We call upon the Government of the Republic of Serbia and the competent ministry to fulfill the obligation to respect the dignity of children in street situations and their right to life, survival and development by <strong>decriminalizing behaviour that aims at survival; to provide material and financial support to the family; to support programs and services for developing parental competences; to respect children as active participants in support planning.<\/strong><\/span><\/p>\n<p>&nbsp;<\/p>\n","protected":false},"excerpt":{"rendered":"<p>The Network of Organizations for Children of Serbia \u2013 MODS expresses concern about the Ministry&#8217;s announcement\u00a0 \u2013 the fight against the abuse of &#8220;street children&#8221;. In the order sent to the centres for social work, in the first place it is emphasised that children should be taken away from their parents and that criminal charges [&hellip;]<\/p>\n","protected":false},"author":3,"featured_media":3344,"comment_status":"closed","ping_status":"open","sticky":false,"template":"","format":"standard","meta":{"footnotes":""},"categories":[55,220,219],"tags":[117,119],"class_list":["post-3343","post","type-post","status-publish","format-standard","has-post-thumbnail","hentry","category-media","category-protection-from-violence","category-social-protection","tag-convention-on-the-rights-of-the-child","tag-protection-from-violence"],"yoast_head":"<!-- This site is optimized with the Yoast SEO plugin v28.0 - https:\/\/yoast.com\/product\/yoast-seo-wordpress\/ -->\n<title>The right of children to live in the family above all - MODS<\/title>\n<meta name=\"description\" content=\"The Network of Organizations for Children of Serbia expresses concern about the Ministry&#039;s announcement \u2013 the fight against the abuse of &quot;street children&quot;.\" \/>\n<meta name=\"robots\" content=\"index, follow, max-snippet:-1, max-image-preview:large, max-video-preview:-1\" \/>\n<link rel=\"canonical\" href=\"https:\/\/zadecu.org\/en\/right-children-live-family\/\" \/>\n<meta property=\"og:locale\" content=\"en_US\" \/>\n<meta property=\"og:type\" content=\"article\" \/>\n<meta property=\"og:title\" content=\"The right of children to live in the family above all - MODS\" \/>\n<meta property=\"og:description\" content=\"The Network of Organizations for Children of Serbia expresses concern about the Ministry&#039;s announcement \u2013 the fight against the abuse of &quot;street children&quot;.\" \/>\n<meta property=\"og:url\" content=\"https:\/\/zadecu.org\/en\/right-children-live-family\/\" \/>\n<meta property=\"og:site_name\" content=\"Mre\u017ea organizacija za decu Srbije\" \/>\n<meta property=\"article:publisher\" content=\"https:\/\/www.facebook.com\/zadecuMODS\/\" \/>\n<meta property=\"article:author\" content=\"https:\/\/www.facebook.com\/zadecuMODS\/\" \/>\n<meta property=\"article:published_time\" content=\"2018-05-30T10:11:57+00:00\" \/>\n<meta property=\"article:modified_time\" content=\"2019-01-27T20:26:59+00:00\" \/>\n<meta property=\"og:image\" content=\"https:\/\/zadecu.org\/wp-content\/uploads\/2018\/09\/category_1476.jpg\" \/>\n\t<meta property=\"og:image:width\" content=\"482\" \/>\n\t<meta property=\"og:image:height\" content=\"251\" \/>\n\t<meta property=\"og:image:type\" content=\"image\/jpeg\" \/>\n<meta name=\"author\" content=\"MODS\" \/>\n<meta name=\"twitter:card\" content=\"summary_large_image\" \/>\n<meta name=\"twitter:creator\" content=\"@zadecuMODS\" \/>\n<meta name=\"twitter:site\" content=\"@zadecuMODS\" \/>\n<meta name=\"twitter:label1\" content=\"Written by\" \/>\n\t<meta name=\"twitter:data1\" content=\"MODS\" \/>\n\t<meta name=\"twitter:label2\" content=\"Est. reading time\" \/>\n\t<meta name=\"twitter:data2\" content=\"3 minutes\" \/>\n<script type=\"application\/ld+json\" class=\"yoast-schema-graph\">{\"@context\":\"https:\\\/\\\/schema.org\",\"@graph\":[{\"@type\":\"Article\",\"@id\":\"https:\\\/\\\/zadecu.org\\\/en\\\/right-children-live-family\\\/#article\",\"isPartOf\":{\"@id\":\"https:\\\/\\\/zadecu.org\\\/en\\\/right-children-live-family\\\/\"},\"author\":{\"name\":\"MODS\",\"@id\":\"https:\\\/\\\/zadecu.org\\\/#\\\/schema\\\/person\\\/ad4f6997e66e4470c1ef6d15dd97b57e\"},\"headline\":\"The right of children to live in the family above all!\",\"datePublished\":\"2018-05-30T10:11:57+00:00\",\"dateModified\":\"2019-01-27T20:26:59+00:00\",\"mainEntityOfPage\":{\"@id\":\"https:\\\/\\\/zadecu.org\\\/en\\\/right-children-live-family\\\/\"},\"wordCount\":599,\"publisher\":{\"@id\":\"https:\\\/\\\/zadecu.org\\\/#organization\"},\"image\":{\"@id\":\"https:\\\/\\\/zadecu.org\\\/en\\\/right-children-live-family\\\/#primaryimage\"},\"thumbnailUrl\":\"https:\\\/\\\/zadecu.org\\\/wp-content\\\/uploads\\\/2018\\\/09\\\/category_1476.jpg\",\"keywords\":[\"Convention on the Rights of the Child\",\"Protection from violence\"],\"articleSection\":[\"Media\",\"Protection from violence\",\"Social protection\"],\"inLanguage\":\"en-US\"},{\"@type\":\"WebPage\",\"@id\":\"https:\\\/\\\/zadecu.org\\\/en\\\/right-children-live-family\\\/\",\"url\":\"https:\\\/\\\/zadecu.org\\\/en\\\/right-children-live-family\\\/\",\"name\":\"The right of children to live in the family above all - MODS\",\"isPartOf\":{\"@id\":\"https:\\\/\\\/zadecu.org\\\/#website\"},\"primaryImageOfPage\":{\"@id\":\"https:\\\/\\\/zadecu.org\\\/en\\\/right-children-live-family\\\/#primaryimage\"},\"image\":{\"@id\":\"https:\\\/\\\/zadecu.org\\\/en\\\/right-children-live-family\\\/#primaryimage\"},\"thumbnailUrl\":\"https:\\\/\\\/zadecu.org\\\/wp-content\\\/uploads\\\/2018\\\/09\\\/category_1476.jpg\",\"datePublished\":\"2018-05-30T10:11:57+00:00\",\"dateModified\":\"2019-01-27T20:26:59+00:00\",\"description\":\"The Network of Organizations for Children of Serbia expresses concern about the Ministry's announcement \u2013 the fight against the abuse of \\\"street children\\\".\",\"breadcrumb\":{\"@id\":\"https:\\\/\\\/zadecu.org\\\/en\\\/right-children-live-family\\\/#breadcrumb\"},\"inLanguage\":\"en-US\",\"potentialAction\":[{\"@type\":\"ReadAction\",\"target\":[\"https:\\\/\\\/zadecu.org\\\/en\\\/right-children-live-family\\\/\"]}]},{\"@type\":\"ImageObject\",\"inLanguage\":\"en-US\",\"@id\":\"https:\\\/\\\/zadecu.org\\\/en\\\/right-children-live-family\\\/#primaryimage\",\"url\":\"https:\\\/\\\/zadecu.org\\\/wp-content\\\/uploads\\\/2018\\\/09\\\/category_1476.jpg\",\"contentUrl\":\"https:\\\/\\\/zadecu.org\\\/wp-content\\\/uploads\\\/2018\\\/09\\\/category_1476.jpg\",\"width\":482,\"height\":251},{\"@type\":\"BreadcrumbList\",\"@id\":\"https:\\\/\\\/zadecu.org\\\/en\\\/right-children-live-family\\\/#breadcrumb\",\"itemListElement\":[{\"@type\":\"ListItem\",\"position\":1,\"name\":\"Home\",\"item\":\"https:\\\/\\\/zadecu.org\\\/en\\\/\"},{\"@type\":\"ListItem\",\"position\":2,\"name\":\"The right of children to live in the family above all!\"}]},{\"@type\":\"WebSite\",\"@id\":\"https:\\\/\\\/zadecu.org\\\/#website\",\"url\":\"https:\\\/\\\/zadecu.org\\\/\",\"name\":\"Mre\u017ea organizacija za decu Srbije\",\"description\":\"Savez organizacija civilnog dru\u0161tva koje se bave za\u0161titom i promocijom prava deteta u Srbiji\",\"publisher\":{\"@id\":\"https:\\\/\\\/zadecu.org\\\/#organization\"},\"potentialAction\":[{\"@type\":\"SearchAction\",\"target\":{\"@type\":\"EntryPoint\",\"urlTemplate\":\"https:\\\/\\\/zadecu.org\\\/?s={search_term_string}\"},\"query-input\":{\"@type\":\"PropertyValueSpecification\",\"valueRequired\":true,\"valueName\":\"search_term_string\"}}],\"inLanguage\":\"en-US\"},{\"@type\":\"Organization\",\"@id\":\"https:\\\/\\\/zadecu.org\\\/#organization\",\"name\":\"Mre\u017ea organizacija za decu Srbije MODS\",\"url\":\"https:\\\/\\\/zadecu.org\\\/\",\"logo\":{\"@type\":\"ImageObject\",\"inLanguage\":\"en-US\",\"@id\":\"https:\\\/\\\/zadecu.org\\\/#\\\/schema\\\/logo\\\/image\\\/\",\"url\":\"http:\\\/\\\/zadecu.org\\\/wp-content\\\/uploads\\\/2019\\\/07\\\/MODS_logo_veci.jpg\",\"contentUrl\":\"http:\\\/\\\/zadecu.org\\\/wp-content\\\/uploads\\\/2019\\\/07\\\/MODS_logo_veci.jpg\",\"width\":798,\"height\":335,\"caption\":\"Mre\u017ea organizacija za decu Srbije MODS\"},\"image\":{\"@id\":\"https:\\\/\\\/zadecu.org\\\/#\\\/schema\\\/logo\\\/image\\\/\"},\"sameAs\":[\"https:\\\/\\\/www.facebook.com\\\/zadecuMODS\\\/\",\"https:\\\/\\\/x.com\\\/zadecuMODS\",\"https:\\\/\\\/www.instagram.com\\\/zadecuMODS\\\/\",\"https:\\\/\\\/www.youtube.com\\\/channel\\\/UC1JWUdo0NzgZJFne1EdFX9A\"]},{\"@type\":\"Person\",\"@id\":\"https:\\\/\\\/zadecu.org\\\/#\\\/schema\\\/person\\\/ad4f6997e66e4470c1ef6d15dd97b57e\",\"name\":\"MODS\",\"image\":{\"@type\":\"ImageObject\",\"inLanguage\":\"en-US\",\"@id\":\"https:\\\/\\\/secure.gravatar.com\\\/avatar\\\/60ee1947f5945cecca76529f5ef348f68d8e771648dbf26d5a30dac2000a09f7?s=96&d=mm&r=g\",\"url\":\"https:\\\/\\\/secure.gravatar.com\\\/avatar\\\/60ee1947f5945cecca76529f5ef348f68d8e771648dbf26d5a30dac2000a09f7?s=96&d=mm&r=g\",\"contentUrl\":\"https:\\\/\\\/secure.gravatar.com\\\/avatar\\\/60ee1947f5945cecca76529f5ef348f68d8e771648dbf26d5a30dac2000a09f7?s=96&d=mm&r=g\",\"caption\":\"MODS\"},\"sameAs\":[\"https:\\\/\\\/www.facebook.com\\\/zadecuMODS\\\/\",\"https:\\\/\\\/x.com\\\/zadecuMODS\"],\"url\":\"https:\\\/\\\/zadecu.org\\\/en\\\/author\\\/ognjen\\\/\"}]}<\/script>\n<!-- \/ Yoast SEO plugin. -->","yoast_head_json":{"title":"The right of children to live in the family above all - MODS","description":"The Network of Organizations for Children of Serbia expresses concern about the Ministry's announcement \u2013 the fight against the abuse of \"street children\".","robots":{"index":"index","follow":"follow","max-snippet":"max-snippet:-1","max-image-preview":"max-image-preview:large","max-video-preview":"max-video-preview:-1"},"canonical":"https:\/\/zadecu.org\/en\/right-children-live-family\/","og_locale":"en_US","og_type":"article","og_title":"The right of children to live in the family above all - MODS","og_description":"The Network of Organizations for Children of Serbia expresses concern about the Ministry's announcement \u2013 the fight against the abuse of \"street children\".","og_url":"https:\/\/zadecu.org\/en\/right-children-live-family\/","og_site_name":"Mre\u017ea organizacija za decu Srbije","article_publisher":"https:\/\/www.facebook.com\/zadecuMODS\/","article_author":"https:\/\/www.facebook.com\/zadecuMODS\/","article_published_time":"2018-05-30T10:11:57+00:00","article_modified_time":"2019-01-27T20:26:59+00:00","og_image":[{"width":482,"height":251,"url":"https:\/\/zadecu.org\/wp-content\/uploads\/2018\/09\/category_1476.jpg","type":"image\/jpeg"}],"author":"MODS","twitter_card":"summary_large_image","twitter_creator":"@zadecuMODS","twitter_site":"@zadecuMODS","twitter_misc":{"Written by":"MODS","Est. reading time":"3 minutes"},"schema":{"@context":"https:\/\/schema.org","@graph":[{"@type":"Article","@id":"https:\/\/zadecu.org\/en\/right-children-live-family\/#article","isPartOf":{"@id":"https:\/\/zadecu.org\/en\/right-children-live-family\/"},"author":{"name":"MODS","@id":"https:\/\/zadecu.org\/#\/schema\/person\/ad4f6997e66e4470c1ef6d15dd97b57e"},"headline":"The right of children to live in the family above all!","datePublished":"2018-05-30T10:11:57+00:00","dateModified":"2019-01-27T20:26:59+00:00","mainEntityOfPage":{"@id":"https:\/\/zadecu.org\/en\/right-children-live-family\/"},"wordCount":599,"publisher":{"@id":"https:\/\/zadecu.org\/#organization"},"image":{"@id":"https:\/\/zadecu.org\/en\/right-children-live-family\/#primaryimage"},"thumbnailUrl":"https:\/\/zadecu.org\/wp-content\/uploads\/2018\/09\/category_1476.jpg","keywords":["Convention on the Rights of the Child","Protection from violence"],"articleSection":["Media","Protection from violence","Social protection"],"inLanguage":"en-US"},{"@type":"WebPage","@id":"https:\/\/zadecu.org\/en\/right-children-live-family\/","url":"https:\/\/zadecu.org\/en\/right-children-live-family\/","name":"The right of children to live in the family above all - MODS","isPartOf":{"@id":"https:\/\/zadecu.org\/#website"},"primaryImageOfPage":{"@id":"https:\/\/zadecu.org\/en\/right-children-live-family\/#primaryimage"},"image":{"@id":"https:\/\/zadecu.org\/en\/right-children-live-family\/#primaryimage"},"thumbnailUrl":"https:\/\/zadecu.org\/wp-content\/uploads\/2018\/09\/category_1476.jpg","datePublished":"2018-05-30T10:11:57+00:00","dateModified":"2019-01-27T20:26:59+00:00","description":"The Network of Organizations for Children of Serbia expresses concern about the Ministry's announcement \u2013 the fight against the abuse of \"street children\".","breadcrumb":{"@id":"https:\/\/zadecu.org\/en\/right-children-live-family\/#breadcrumb"},"inLanguage":"en-US","potentialAction":[{"@type":"ReadAction","target":["https:\/\/zadecu.org\/en\/right-children-live-family\/"]}]},{"@type":"ImageObject","inLanguage":"en-US","@id":"https:\/\/zadecu.org\/en\/right-children-live-family\/#primaryimage","url":"https:\/\/zadecu.org\/wp-content\/uploads\/2018\/09\/category_1476.jpg","contentUrl":"https:\/\/zadecu.org\/wp-content\/uploads\/2018\/09\/category_1476.jpg","width":482,"height":251},{"@type":"BreadcrumbList","@id":"https:\/\/zadecu.org\/en\/right-children-live-family\/#breadcrumb","itemListElement":[{"@type":"ListItem","position":1,"name":"Home","item":"https:\/\/zadecu.org\/en\/"},{"@type":"ListItem","position":2,"name":"The right of children to live in the family above all!"}]},{"@type":"WebSite","@id":"https:\/\/zadecu.org\/#website","url":"https:\/\/zadecu.org\/","name":"Mre\u017ea organizacija za decu Srbije","description":"Savez organizacija civilnog dru\u0161tva koje se bave za\u0161titom i promocijom prava deteta u Srbiji","publisher":{"@id":"https:\/\/zadecu.org\/#organization"},"potentialAction":[{"@type":"SearchAction","target":{"@type":"EntryPoint","urlTemplate":"https:\/\/zadecu.org\/?s={search_term_string}"},"query-input":{"@type":"PropertyValueSpecification","valueRequired":true,"valueName":"search_term_string"}}],"inLanguage":"en-US"},{"@type":"Organization","@id":"https:\/\/zadecu.org\/#organization","name":"Mre\u017ea organizacija za decu Srbije MODS","url":"https:\/\/zadecu.org\/","logo":{"@type":"ImageObject","inLanguage":"en-US","@id":"https:\/\/zadecu.org\/#\/schema\/logo\/image\/","url":"http:\/\/zadecu.org\/wp-content\/uploads\/2019\/07\/MODS_logo_veci.jpg","contentUrl":"http:\/\/zadecu.org\/wp-content\/uploads\/2019\/07\/MODS_logo_veci.jpg","width":798,"height":335,"caption":"Mre\u017ea organizacija za decu Srbije MODS"},"image":{"@id":"https:\/\/zadecu.org\/#\/schema\/logo\/image\/"},"sameAs":["https:\/\/www.facebook.com\/zadecuMODS\/","https:\/\/x.com\/zadecuMODS","https:\/\/www.instagram.com\/zadecuMODS\/","https:\/\/www.youtube.com\/channel\/UC1JWUdo0NzgZJFne1EdFX9A"]},{"@type":"Person","@id":"https:\/\/zadecu.org\/#\/schema\/person\/ad4f6997e66e4470c1ef6d15dd97b57e","name":"MODS","image":{"@type":"ImageObject","inLanguage":"en-US","@id":"https:\/\/secure.gravatar.com\/avatar\/60ee1947f5945cecca76529f5ef348f68d8e771648dbf26d5a30dac2000a09f7?s=96&d=mm&r=g","url":"https:\/\/secure.gravatar.com\/avatar\/60ee1947f5945cecca76529f5ef348f68d8e771648dbf26d5a30dac2000a09f7?s=96&d=mm&r=g","contentUrl":"https:\/\/secure.gravatar.com\/avatar\/60ee1947f5945cecca76529f5ef348f68d8e771648dbf26d5a30dac2000a09f7?s=96&d=mm&r=g","caption":"MODS"},"sameAs":["https:\/\/www.facebook.com\/zadecuMODS\/","https:\/\/x.com\/zadecuMODS"],"url":"https:\/\/zadecu.org\/en\/author\/ognjen\/"}]}},"_links":{"self":[{"href":"https:\/\/zadecu.org\/en\/wp-json\/wp\/v2\/posts\/3343","targetHints":{"allow":["GET"]}}],"collection":[{"href":"https:\/\/zadecu.org\/en\/wp-json\/wp\/v2\/posts"}],"about":[{"href":"https:\/\/zadecu.org\/en\/wp-json\/wp\/v2\/types\/post"}],"author":[{"embeddable":true,"href":"https:\/\/zadecu.org\/en\/wp-json\/wp\/v2\/users\/3"}],"replies":[{"embeddable":true,"href":"https:\/\/zadecu.org\/en\/wp-json\/wp\/v2\/comments?post=3343"}],"version-history":[{"count":0,"href":"https:\/\/zadecu.org\/en\/wp-json\/wp\/v2\/posts\/3343\/revisions"}],"wp:featuredmedia":[{"embeddable":true,"href":"https:\/\/zadecu.org\/en\/wp-json\/wp\/v2\/media\/3344"}],"wp:attachment":[{"href":"https:\/\/zadecu.org\/en\/wp-json\/wp\/v2\/media?parent=3343"}],"wp:term":[{"taxonomy":"category","embeddable":true,"href":"https:\/\/zadecu.org\/en\/wp-json\/wp\/v2\/categories?post=3343"},{"taxonomy":"post_tag","embeddable":true,"href":"https:\/\/zadecu.org\/en\/wp-json\/wp\/v2\/tags?post=3343"}],"curies":[{"name":"wp","href":"https:\/\/api.w.org\/{rel}","templated":true}]}}