
{"id":14882,"date":"2026-08-05T20:43:27","date_gmt":"2026-08-05T20:43:27","guid":{"rendered":"https:\/\/zadecu.org\/?p=14882"},"modified":"2026-08-11T07:03:16","modified_gmt":"2026-08-11T07:03:16","slug":"mods-submits-joint-comments-to-the-un-committee-for-stronger-protection-of-childrens-freedom-of-association","status":"publish","type":"post","link":"https:\/\/zadecu.org\/en\/mods-submits-joint-comments-to-the-un-committee-for-stronger-protection-of-childrens-freedom-of-association\/","title":{"rendered":"Joint Comments Submitted to the UN Committee for Stronger Protection of Children\u2019s Freedom of Association"},"content":{"rendered":"<p style=\"text-align: justify;\"><span style=\"font-weight: 400;\">The Network of Organizations for Children of Serbia (MODS), together with <a href=\"https:\/\/www.srednjoskolci.org.rs\/\">the Union of Secondary School Students of Serbia (UNSS)<\/a> and the international network <a href=\"https:\/\/childrightsconnect.org\/\">Child Rights Connect<\/a>, submitted joint comments to the United Nations Human Rights Committee on the Draft General Comment No. 38 on the right to freedom of association.<\/span><\/p>\n<p style=\"text-align: justify;\"><span style=\"font-weight: 400;\">The submission was made on 15 July 2026, in response to <a href=\"https:\/\/www.ohchr.org\/en\/calls-for-input\/2026\/call-comments-draft-general-comment-no-38-article-22-right-freedom-association\">the Committee\u2019s call for stakeholders to contribute to the finalisation of the General Comment<\/a>, which will provide more detailed guidance on the implementation of Article 22 of the International Covenant on Civil and Political Rights.<\/span><\/p>\n<p style=\"text-align: justify;\"><span style=\"font-weight: 400;\">The UN Human Rights Committee began developing General Comment No. 38 during its 144th session, held in July 2025. The first reading of the draft was completed at its 145th session in March 2026, after which States, civil society organisations, national human rights institutions, trade unions, academia and other interested stakeholders were invited to submit comments ahead of the second reading.<\/span><\/p>\n<p style=\"text-align: justify;\"><span style=\"font-weight: 400;\">The joint submission by MODS, UNSS and Child Rights Connect also draws on the experiences and recommendations of children who participated in international consultations on the right to freedom of association. Their views were translated into concrete proposals for amendments and additions to the draft General Comment.<\/span><\/p>\n<p style=\"text-align: justify;\"><span style=\"font-weight: 400;\">The submission particularly emphasises that the right to freedom of association applies fully to children, including informal groups, student councils, associations, and initiatives led by children and young people. It stresses that children\u2019s activities, especially within schools, should not be treated solely as matters of school discipline, parental authority or protection, but as the exercise of their civil and political rights.<\/span><\/p>\n<p style=\"text-align: justify;\"><span style=\"font-weight: 400;\">The organisations recommended that the final General Comment more clearly recognise the importance of child-friendly civic and human rights education, protect school-based groups and initiatives from both direct and indirect restrictions, and ensure accessible and child-sensitive remedies.<\/span><\/p>\n<p style=\"text-align: justify;\"><span style=\"font-weight: 400;\">MODS, UNSS and Child Rights Connect also recommended that any restriction on a child\u2019s freedom of association must meet the same strict requirements of legality, legitimacy, necessity and proportionality that apply to all other rights-holders. Age, the best interests of the child, protection concerns or evolving capacities must not be used to justify broad or automatic restrictions on this right.<\/span><\/p>\n<p>Joint Submission on Draft General Comment No. 38 on Article 22 of the ICCPR of the <a title=\"subm-comments-general-cso-23-ne2r-mods-nnect.docx\" href=\"https:\/\/www.ohchr.org\/sites\/default\/files\/documents\/cfi-subm\/2026\/359-comments-gc32-ccpr\/subm-comments-general-cso-23-ne2r-mods-nnect.docx\" data-entity-type=\"file\" data-entity-uuid=\"7797bcad-078e-440f-91e5-a04fe24f6e18\" data-entity-substitution=\"file\">Network of Organizations for Children of Serbia (MODS), Union of Secondary School Students of Serbia (UNSS), and Child Rights Connect <\/a>is available <a href=\"https:\/\/www.ohchr.org\/sites\/default\/files\/documents\/cfi-subm\/2026\/359-comments-gc32-ccpr\/subm-comments-general-cso-23-ne2r-mods-nnect.docx\">HERE<\/a>.<\/p>\n","protected":false},"excerpt":{"rendered":"<p>The Network of Organizations for Children of Serbia (MODS), together with the Union of Secondary School Students of Serbia (UNSS) and the international network Child Rights Connect, submitted joint comments to the United Nations Human Rights Committee on the Draft General Comment No. 38 on the right to freedom of association. The submission was made [&hellip;]<\/p>\n","protected":false},"author":3,"featured_media":14368,"comment_status":"closed","ping_status":"closed","sticky":false,"template":"","format":"standard","meta":{"footnotes":""},"categories":[52],"tags":[118,371,359],"class_list":["post-14882","post","type-post","status-publish","format-standard","has-post-thumbnail","hentry","category-uncategorized","tag-member-organizations","tag-the-right-to-freedom-of-association","tag-united-nations"],"yoast_head":"<!-- This site is optimized with the Yoast SEO plugin v28.0 - https:\/\/yoast.com\/product\/yoast-seo-wordpress\/ -->\n<title>Joint Comments Submitted to the UN Committee for Stronger Protection of Children\u2019s Freedom of Association - Mre\u017ea organizacija za decu Srbije<\/title>\n<meta name=\"description\" content=\"MODS Submits Joint Comments to the UN Committee for Stronger Protection of Children\u2019s Freedom of Association\" \/>\n<meta name=\"robots\" content=\"index, follow, max-snippet:-1, max-image-preview:large, max-video-preview:-1\" \/>\n<link rel=\"canonical\" href=\"https:\/\/zadecu.org\/en\/mods-submits-joint-comments-to-the-un-committee-for-stronger-protection-of-childrens-freedom-of-association\/\" \/>\n<meta property=\"og:locale\" content=\"en_US\" \/>\n<meta property=\"og:type\" content=\"article\" \/>\n<meta property=\"og:title\" content=\"Joint Comments Submitted to the UN Committee for Stronger Protection of Children\u2019s Freedom of Association - Mre\u017ea organizacija za decu Srbije\" \/>\n<meta property=\"og:description\" content=\"MODS Submits Joint Comments to the UN Committee for Stronger Protection of Children\u2019s Freedom of Association\" \/>\n<meta property=\"og:url\" content=\"https:\/\/zadecu.org\/en\/mods-submits-joint-comments-to-the-un-committee-for-stronger-protection-of-childrens-freedom-of-association\/\" \/>\n<meta property=\"og:site_name\" content=\"Mre\u017ea organizacija za decu Srbije\" \/>\n<meta property=\"article:publisher\" content=\"https:\/\/www.facebook.com\/zadecuMODS\/\" \/>\n<meta property=\"article:author\" content=\"https:\/\/www.facebook.com\/zadecuMODS\/\" \/>\n<meta property=\"article:published_time\" content=\"2026-08-05T20:43:27+00:00\" \/>\n<meta property=\"article:modified_time\" content=\"2026-08-11T07:03:16+00:00\" \/>\n<meta property=\"og:image\" content=\"https:\/\/zadecu.org\/wp-content\/uploads\/2026\/01\/UN.webp\" \/>\n\t<meta property=\"og:image:width\" content=\"1141\" \/>\n\t<meta property=\"og:image:height\" content=\"264\" \/>\n\t<meta property=\"og:image:type\" content=\"image\/webp\" \/>\n<meta name=\"author\" content=\"MODS\" \/>\n<meta name=\"twitter:card\" content=\"summary_large_image\" \/>\n<meta name=\"twitter:creator\" content=\"@zadecuMODS\" \/>\n<meta name=\"twitter:site\" content=\"@zadecuMODS\" \/>\n<meta name=\"twitter:label1\" content=\"Written by\" \/>\n\t<meta name=\"twitter:data1\" content=\"MODS\" \/>\n\t<meta name=\"twitter:label2\" content=\"Est. reading time\" \/>\n\t<meta name=\"twitter:data2\" content=\"3 minutes\" \/>\n<script type=\"application\/ld+json\" class=\"yoast-schema-graph\">{\"@context\":\"https:\\\/\\\/schema.org\",\"@graph\":[{\"@type\":\"Article\",\"@id\":\"https:\\\/\\\/zadecu.org\\\/en\\\/mods-submits-joint-comments-to-the-un-committee-for-stronger-protection-of-childrens-freedom-of-association\\\/#article\",\"isPartOf\":{\"@id\":\"https:\\\/\\\/zadecu.org\\\/en\\\/mods-submits-joint-comments-to-the-un-committee-for-stronger-protection-of-childrens-freedom-of-association\\\/\"},\"author\":{\"name\":\"MODS\",\"@id\":\"https:\\\/\\\/zadecu.org\\\/#\\\/schema\\\/person\\\/ad4f6997e66e4470c1ef6d15dd97b57e\"},\"headline\":\"Joint Comments Submitted to the UN Committee for Stronger Protection of Children\u2019s Freedom of Association\",\"datePublished\":\"2026-08-05T20:43:27+00:00\",\"dateModified\":\"2026-08-11T07:03:16+00:00\",\"mainEntityOfPage\":{\"@id\":\"https:\\\/\\\/zadecu.org\\\/en\\\/mods-submits-joint-comments-to-the-un-committee-for-stronger-protection-of-childrens-freedom-of-association\\\/\"},\"wordCount\":412,\"publisher\":{\"@id\":\"https:\\\/\\\/zadecu.org\\\/#organization\"},\"image\":{\"@id\":\"https:\\\/\\\/zadecu.org\\\/en\\\/mods-submits-joint-comments-to-the-un-committee-for-stronger-protection-of-childrens-freedom-of-association\\\/#primaryimage\"},\"thumbnailUrl\":\"https:\\\/\\\/zadecu.org\\\/wp-content\\\/uploads\\\/2026\\\/01\\\/UN.webp\",\"keywords\":[\"Member organizations\",\"the right to freedom of association\",\"United Nations\"],\"articleSection\":[\"News\"],\"inLanguage\":\"en-US\"},{\"@type\":\"WebPage\",\"@id\":\"https:\\\/\\\/zadecu.org\\\/en\\\/mods-submits-joint-comments-to-the-un-committee-for-stronger-protection-of-childrens-freedom-of-association\\\/\",\"url\":\"https:\\\/\\\/zadecu.org\\\/en\\\/mods-submits-joint-comments-to-the-un-committee-for-stronger-protection-of-childrens-freedom-of-association\\\/\",\"name\":\"Joint Comments Submitted to the UN Committee for Stronger Protection of Children\u2019s Freedom of Association - Mre\u017ea organizacija za decu Srbije\",\"isPartOf\":{\"@id\":\"https:\\\/\\\/zadecu.org\\\/#website\"},\"primaryImageOfPage\":{\"@id\":\"https:\\\/\\\/zadecu.org\\\/en\\\/mods-submits-joint-comments-to-the-un-committee-for-stronger-protection-of-childrens-freedom-of-association\\\/#primaryimage\"},\"image\":{\"@id\":\"https:\\\/\\\/zadecu.org\\\/en\\\/mods-submits-joint-comments-to-the-un-committee-for-stronger-protection-of-childrens-freedom-of-association\\\/#primaryimage\"},\"thumbnailUrl\":\"https:\\\/\\\/zadecu.org\\\/wp-content\\\/uploads\\\/2026\\\/01\\\/UN.webp\",\"datePublished\":\"2026-08-05T20:43:27+00:00\",\"dateModified\":\"2026-08-11T07:03:16+00:00\",\"description\":\"MODS Submits Joint Comments to the UN Committee for Stronger Protection of Children\u2019s Freedom of Association\",\"breadcrumb\":{\"@id\":\"https:\\\/\\\/zadecu.org\\\/en\\\/mods-submits-joint-comments-to-the-un-committee-for-stronger-protection-of-childrens-freedom-of-association\\\/#breadcrumb\"},\"inLanguage\":\"en-US\",\"potentialAction\":[{\"@type\":\"ReadAction\",\"target\":[\"https:\\\/\\\/zadecu.org\\\/en\\\/mods-submits-joint-comments-to-the-un-committee-for-stronger-protection-of-childrens-freedom-of-association\\\/\"]}]},{\"@type\":\"ImageObject\",\"inLanguage\":\"en-US\",\"@id\":\"https:\\\/\\\/zadecu.org\\\/en\\\/mods-submits-joint-comments-to-the-un-committee-for-stronger-protection-of-childrens-freedom-of-association\\\/#primaryimage\",\"url\":\"https:\\\/\\\/zadecu.org\\\/wp-content\\\/uploads\\\/2026\\\/01\\\/UN.webp\",\"contentUrl\":\"https:\\\/\\\/zadecu.org\\\/wp-content\\\/uploads\\\/2026\\\/01\\\/UN.webp\",\"width\":1141,\"height\":264},{\"@type\":\"BreadcrumbList\",\"@id\":\"https:\\\/\\\/zadecu.org\\\/en\\\/mods-submits-joint-comments-to-the-un-committee-for-stronger-protection-of-childrens-freedom-of-association\\\/#breadcrumb\",\"itemListElement\":[{\"@type\":\"ListItem\",\"position\":1,\"name\":\"Home\",\"item\":\"https:\\\/\\\/zadecu.org\\\/en\\\/\"},{\"@type\":\"ListItem\",\"position\":2,\"name\":\"Joint Comments Submitted to the UN Committee for Stronger Protection of Children\u2019s Freedom of Association\"}]},{\"@type\":\"WebSite\",\"@id\":\"https:\\\/\\\/zadecu.org\\\/#website\",\"url\":\"https:\\\/\\\/zadecu.org\\\/\",\"name\":\"Mre\u017ea organizacija za decu Srbije\",\"description\":\"Savez organizacija civilnog dru\u0161tva koje se bave za\u0161titom i promocijom prava deteta u Srbiji\",\"publisher\":{\"@id\":\"https:\\\/\\\/zadecu.org\\\/#organization\"},\"potentialAction\":[{\"@type\":\"SearchAction\",\"target\":{\"@type\":\"EntryPoint\",\"urlTemplate\":\"https:\\\/\\\/zadecu.org\\\/?s={search_term_string}\"},\"query-input\":{\"@type\":\"PropertyValueSpecification\",\"valueRequired\":true,\"valueName\":\"search_term_string\"}}],\"inLanguage\":\"en-US\"},{\"@type\":\"Organization\",\"@id\":\"https:\\\/\\\/zadecu.org\\\/#organization\",\"name\":\"Mre\u017ea organizacija za decu Srbije MODS\",\"url\":\"https:\\\/\\\/zadecu.org\\\/\",\"logo\":{\"@type\":\"ImageObject\",\"inLanguage\":\"en-US\",\"@id\":\"https:\\\/\\\/zadecu.org\\\/#\\\/schema\\\/logo\\\/image\\\/\",\"url\":\"http:\\\/\\\/zadecu.org\\\/wp-content\\\/uploads\\\/2019\\\/07\\\/MODS_logo_veci.jpg\",\"contentUrl\":\"http:\\\/\\\/zadecu.org\\\/wp-content\\\/uploads\\\/2019\\\/07\\\/MODS_logo_veci.jpg\",\"width\":798,\"height\":335,\"caption\":\"Mre\u017ea organizacija za decu Srbije MODS\"},\"image\":{\"@id\":\"https:\\\/\\\/zadecu.org\\\/#\\\/schema\\\/logo\\\/image\\\/\"},\"sameAs\":[\"https:\\\/\\\/www.facebook.com\\\/zadecuMODS\\\/\",\"https:\\\/\\\/x.com\\\/zadecuMODS\",\"https:\\\/\\\/www.instagram.com\\\/zadecuMODS\\\/\",\"https:\\\/\\\/www.youtube.com\\\/channel\\\/UC1JWUdo0NzgZJFne1EdFX9A\"]},{\"@type\":\"Person\",\"@id\":\"https:\\\/\\\/zadecu.org\\\/#\\\/schema\\\/person\\\/ad4f6997e66e4470c1ef6d15dd97b57e\",\"name\":\"MODS\",\"image\":{\"@type\":\"ImageObject\",\"inLanguage\":\"en-US\",\"@id\":\"https:\\\/\\\/secure.gravatar.com\\\/avatar\\\/60ee1947f5945cecca76529f5ef348f68d8e771648dbf26d5a30dac2000a09f7?s=96&d=mm&r=g\",\"url\":\"https:\\\/\\\/secure.gravatar.com\\\/avatar\\\/60ee1947f5945cecca76529f5ef348f68d8e771648dbf26d5a30dac2000a09f7?s=96&d=mm&r=g\",\"contentUrl\":\"https:\\\/\\\/secure.gravatar.com\\\/avatar\\\/60ee1947f5945cecca76529f5ef348f68d8e771648dbf26d5a30dac2000a09f7?s=96&d=mm&r=g\",\"caption\":\"MODS\"},\"sameAs\":[\"https:\\\/\\\/www.facebook.com\\\/zadecuMODS\\\/\",\"https:\\\/\\\/x.com\\\/zadecuMODS\"],\"url\":\"https:\\\/\\\/zadecu.org\\\/en\\\/author\\\/ognjen\\\/\"}]}<\/script>\n<!-- \/ Yoast SEO plugin. -->","yoast_head_json":{"title":"Joint Comments Submitted to the UN Committee for Stronger Protection of Children\u2019s Freedom of Association - Mre\u017ea organizacija za decu Srbije","description":"MODS Submits Joint Comments to the UN Committee for Stronger Protection of Children\u2019s Freedom of Association","robots":{"index":"index","follow":"follow","max-snippet":"max-snippet:-1","max-image-preview":"max-image-preview:large","max-video-preview":"max-video-preview:-1"},"canonical":"https:\/\/zadecu.org\/en\/mods-submits-joint-comments-to-the-un-committee-for-stronger-protection-of-childrens-freedom-of-association\/","og_locale":"en_US","og_type":"article","og_title":"Joint Comments Submitted to the UN Committee for Stronger Protection of Children\u2019s Freedom of Association - Mre\u017ea organizacija za decu Srbije","og_description":"MODS Submits Joint Comments to the UN Committee for Stronger Protection of Children\u2019s Freedom of Association","og_url":"https:\/\/zadecu.org\/en\/mods-submits-joint-comments-to-the-un-committee-for-stronger-protection-of-childrens-freedom-of-association\/","og_site_name":"Mre\u017ea organizacija za decu Srbije","article_publisher":"https:\/\/www.facebook.com\/zadecuMODS\/","article_author":"https:\/\/www.facebook.com\/zadecuMODS\/","article_published_time":"2026-08-05T20:43:27+00:00","article_modified_time":"2026-08-11T07:03:16+00:00","og_image":[{"width":1141,"height":264,"url":"https:\/\/zadecu.org\/wp-content\/uploads\/2026\/01\/UN.webp","type":"image\/webp"}],"author":"MODS","twitter_card":"summary_large_image","twitter_creator":"@zadecuMODS","twitter_site":"@zadecuMODS","twitter_misc":{"Written by":"MODS","Est. reading time":"3 minutes"},"schema":{"@context":"https:\/\/schema.org","@graph":[{"@type":"Article","@id":"https:\/\/zadecu.org\/en\/mods-submits-joint-comments-to-the-un-committee-for-stronger-protection-of-childrens-freedom-of-association\/#article","isPartOf":{"@id":"https:\/\/zadecu.org\/en\/mods-submits-joint-comments-to-the-un-committee-for-stronger-protection-of-childrens-freedom-of-association\/"},"author":{"name":"MODS","@id":"https:\/\/zadecu.org\/#\/schema\/person\/ad4f6997e66e4470c1ef6d15dd97b57e"},"headline":"Joint Comments Submitted to the UN Committee for Stronger Protection of Children\u2019s Freedom of Association","datePublished":"2026-08-05T20:43:27+00:00","dateModified":"2026-08-11T07:03:16+00:00","mainEntityOfPage":{"@id":"https:\/\/zadecu.org\/en\/mods-submits-joint-comments-to-the-un-committee-for-stronger-protection-of-childrens-freedom-of-association\/"},"wordCount":412,"publisher":{"@id":"https:\/\/zadecu.org\/#organization"},"image":{"@id":"https:\/\/zadecu.org\/en\/mods-submits-joint-comments-to-the-un-committee-for-stronger-protection-of-childrens-freedom-of-association\/#primaryimage"},"thumbnailUrl":"https:\/\/zadecu.org\/wp-content\/uploads\/2026\/01\/UN.webp","keywords":["Member organizations","the right to freedom of association","United Nations"],"articleSection":["News"],"inLanguage":"en-US"},{"@type":"WebPage","@id":"https:\/\/zadecu.org\/en\/mods-submits-joint-comments-to-the-un-committee-for-stronger-protection-of-childrens-freedom-of-association\/","url":"https:\/\/zadecu.org\/en\/mods-submits-joint-comments-to-the-un-committee-for-stronger-protection-of-childrens-freedom-of-association\/","name":"Joint Comments Submitted to the UN Committee for Stronger Protection of Children\u2019s Freedom of Association - Mre\u017ea organizacija za decu Srbije","isPartOf":{"@id":"https:\/\/zadecu.org\/#website"},"primaryImageOfPage":{"@id":"https:\/\/zadecu.org\/en\/mods-submits-joint-comments-to-the-un-committee-for-stronger-protection-of-childrens-freedom-of-association\/#primaryimage"},"image":{"@id":"https:\/\/zadecu.org\/en\/mods-submits-joint-comments-to-the-un-committee-for-stronger-protection-of-childrens-freedom-of-association\/#primaryimage"},"thumbnailUrl":"https:\/\/zadecu.org\/wp-content\/uploads\/2026\/01\/UN.webp","datePublished":"2026-08-05T20:43:27+00:00","dateModified":"2026-08-11T07:03:16+00:00","description":"MODS Submits Joint Comments to the UN Committee for Stronger Protection of Children\u2019s Freedom of Association","breadcrumb":{"@id":"https:\/\/zadecu.org\/en\/mods-submits-joint-comments-to-the-un-committee-for-stronger-protection-of-childrens-freedom-of-association\/#breadcrumb"},"inLanguage":"en-US","potentialAction":[{"@type":"ReadAction","target":["https:\/\/zadecu.org\/en\/mods-submits-joint-comments-to-the-un-committee-for-stronger-protection-of-childrens-freedom-of-association\/"]}]},{"@type":"ImageObject","inLanguage":"en-US","@id":"https:\/\/zadecu.org\/en\/mods-submits-joint-comments-to-the-un-committee-for-stronger-protection-of-childrens-freedom-of-association\/#primaryimage","url":"https:\/\/zadecu.org\/wp-content\/uploads\/2026\/01\/UN.webp","contentUrl":"https:\/\/zadecu.org\/wp-content\/uploads\/2026\/01\/UN.webp","width":1141,"height":264},{"@type":"BreadcrumbList","@id":"https:\/\/zadecu.org\/en\/mods-submits-joint-comments-to-the-un-committee-for-stronger-protection-of-childrens-freedom-of-association\/#breadcrumb","itemListElement":[{"@type":"ListItem","position":1,"name":"Home","item":"https:\/\/zadecu.org\/en\/"},{"@type":"ListItem","position":2,"name":"Joint Comments Submitted to the UN Committee for Stronger Protection of Children\u2019s Freedom of Association"}]},{"@type":"WebSite","@id":"https:\/\/zadecu.org\/#website","url":"https:\/\/zadecu.org\/","name":"Mre\u017ea organizacija za decu Srbije","description":"Savez organizacija civilnog dru\u0161tva koje se bave za\u0161titom i promocijom prava deteta u Srbiji","publisher":{"@id":"https:\/\/zadecu.org\/#organization"},"potentialAction":[{"@type":"SearchAction","target":{"@type":"EntryPoint","urlTemplate":"https:\/\/zadecu.org\/?s={search_term_string}"},"query-input":{"@type":"PropertyValueSpecification","valueRequired":true,"valueName":"search_term_string"}}],"inLanguage":"en-US"},{"@type":"Organization","@id":"https:\/\/zadecu.org\/#organization","name":"Mre\u017ea organizacija za decu Srbije MODS","url":"https:\/\/zadecu.org\/","logo":{"@type":"ImageObject","inLanguage":"en-US","@id":"https:\/\/zadecu.org\/#\/schema\/logo\/image\/","url":"http:\/\/zadecu.org\/wp-content\/uploads\/2019\/07\/MODS_logo_veci.jpg","contentUrl":"http:\/\/zadecu.org\/wp-content\/uploads\/2019\/07\/MODS_logo_veci.jpg","width":798,"height":335,"caption":"Mre\u017ea organizacija za decu Srbije MODS"},"image":{"@id":"https:\/\/zadecu.org\/#\/schema\/logo\/image\/"},"sameAs":["https:\/\/www.facebook.com\/zadecuMODS\/","https:\/\/x.com\/zadecuMODS","https:\/\/www.instagram.com\/zadecuMODS\/","https:\/\/www.youtube.com\/channel\/UC1JWUdo0NzgZJFne1EdFX9A"]},{"@type":"Person","@id":"https:\/\/zadecu.org\/#\/schema\/person\/ad4f6997e66e4470c1ef6d15dd97b57e","name":"MODS","image":{"@type":"ImageObject","inLanguage":"en-US","@id":"https:\/\/secure.gravatar.com\/avatar\/60ee1947f5945cecca76529f5ef348f68d8e771648dbf26d5a30dac2000a09f7?s=96&d=mm&r=g","url":"https:\/\/secure.gravatar.com\/avatar\/60ee1947f5945cecca76529f5ef348f68d8e771648dbf26d5a30dac2000a09f7?s=96&d=mm&r=g","contentUrl":"https:\/\/secure.gravatar.com\/avatar\/60ee1947f5945cecca76529f5ef348f68d8e771648dbf26d5a30dac2000a09f7?s=96&d=mm&r=g","caption":"MODS"},"sameAs":["https:\/\/www.facebook.com\/zadecuMODS\/","https:\/\/x.com\/zadecuMODS"],"url":"https:\/\/zadecu.org\/en\/author\/ognjen\/"}]}},"_links":{"self":[{"href":"https:\/\/zadecu.org\/en\/wp-json\/wp\/v2\/posts\/14882","targetHints":{"allow":["GET"]}}],"collection":[{"href":"https:\/\/zadecu.org\/en\/wp-json\/wp\/v2\/posts"}],"about":[{"href":"https:\/\/zadecu.org\/en\/wp-json\/wp\/v2\/types\/post"}],"author":[{"embeddable":true,"href":"https:\/\/zadecu.org\/en\/wp-json\/wp\/v2\/users\/3"}],"replies":[{"embeddable":true,"href":"https:\/\/zadecu.org\/en\/wp-json\/wp\/v2\/comments?post=14882"}],"version-history":[{"count":0,"href":"https:\/\/zadecu.org\/en\/wp-json\/wp\/v2\/posts\/14882\/revisions"}],"wp:featuredmedia":[{"embeddable":true,"href":"https:\/\/zadecu.org\/en\/wp-json\/wp\/v2\/media\/14368"}],"wp:attachment":[{"href":"https:\/\/zadecu.org\/en\/wp-json\/wp\/v2\/media?parent=14882"}],"wp:term":[{"taxonomy":"category","embeddable":true,"href":"https:\/\/zadecu.org\/en\/wp-json\/wp\/v2\/categories?post=14882"},{"taxonomy":"post_tag","embeddable":true,"href":"https:\/\/zadecu.org\/en\/wp-json\/wp\/v2\/tags?post=14882"}],"curies":[{"name":"wp","href":"https:\/\/api.w.org\/{rel}","templated":true}]}}