
{"id":14825,"date":"2026-07-03T13:37:25","date_gmt":"2026-07-03T13:37:25","guid":{"rendered":"https:\/\/zadecu.org\/?p=14825"},"modified":"2026-07-03T13:51:08","modified_gmt":"2026-07-03T13:51:08","slug":"odrzan-zavrsni-sastanak-zajednice-ucenja-o-zastiti-dece-i-mladih-od-seksualne-eksploatacije-i-zlostavljanja","status":"publish","type":"post","link":"https:\/\/zadecu.org\/en\/odrzan-zavrsni-sastanak-zajednice-ucenja-o-zastiti-dece-i-mladih-od-seksualne-eksploatacije-i-zlostavljanja\/","title":{"rendered":"Strengthening Safeguarding in Youth Spaces: Final Community of Practice Meeting Held in Belgrade."},"content":{"rendered":"<p class=\"isSelectedEnd\" style=\"text-align: justify;\">The final meeting of the Community of Practice was held at the UNICEF Office in Belgrade on 25 June. The meeting focused on the results achieved, lessons learned, and next steps in applying safeguarding standards and strengthening the protection of children and young people from sexual exploitation and abuse in youth settings.<\/p>\n<p class=\"isSelectedEnd\" style=\"text-align: justify;\">The event brought together representatives of UNICEF, the Ministry of Tourism and Youth, MODS, trainers, mentors, youth offices and organisations working with children and young people from Ivanjica, Zrenjanin, Ni\u0161, Novi Sad and Be\u010dej. Discussions focused on the programme\u2019s results, experiences from local communities and opportunities to further integrate PSEA standards into the work of youth organisations and institutions.<\/p>\n<p class=\"isSelectedEnd\" style=\"text-align: justify;\">Participants were presented with the results of the process implemented across 15 municipalities, as well as the experiences of trainers and mentors who supported organisations and youth workers. Particular attention was given to the challenges faced by youth centres, youth clubs and local youth offices, and to how the Community of Practice can continue to serve as a space for support, exchange and shared learning.<\/p>\n<p class=\"isSelectedEnd\" style=\"text-align: justify;\">Participants emphasised that youth spaces should be places where young people feel safe, accepted and empowered to participate. Safeguarding policies should therefore not be viewed merely as formal documents or administrative requirements, but as practical tools that help place the well-being of young people at the heart of every organisation\u2019s and institution\u2019s work.<\/p>\n<p class=\"isSelectedEnd\" style=\"text-align: justify;\">It was also stressed that policies and procedures must be understandable and accessible to young people. This is particularly important for young people with disabilities, those living in rural areas and others who face additional barriers in accessing support, information and safe spaces.<\/p>\n<p class=\"isSelectedEnd\" style=\"text-align: justify;\">One of the key conclusions was that the Community of Practice, together with the network of trainers and mentors, can become an important resource for the continued support of youth centres, youth clubs, local youth offices and organisations working with children and young people. Participants highlighted that practitioners should not be left to navigate this process alone, but should have access to peer exchange, consultation, mentoring and opportunities to improve their practices together.<\/p>\n<p style=\"text-align: justify;\">The meeting also concluded that the sustainability of this process requires coordinated support at several levels: practical support for organisations through models, training and mentoring; local support through youth centres, local youth offices and local authorities; and institutional support from the Ministry through funding calls, standards and publicly available resources.<\/p>\n<p><img loading=\"lazy\" decoding=\"async\" class=\"size-medium wp-image-14828 aligncenter\" src=\"https:\/\/zadecu.org\/wp-content\/uploads\/2026\/07\/Omladinski-prostori_3_11zon-600x374.webp\" alt=\"\" width=\"600\" height=\"374\" srcset=\"https:\/\/zadecu.org\/wp-content\/uploads\/2026\/07\/Omladinski-prostori_3_11zon-600x374.webp 600w, https:\/\/zadecu.org\/wp-content\/uploads\/2026\/07\/Omladinski-prostori_3_11zon-1024x638.webp 1024w, https:\/\/zadecu.org\/wp-content\/uploads\/2026\/07\/Omladinski-prostori_3_11zon-768x478.webp 768w, https:\/\/zadecu.org\/wp-content\/uploads\/2026\/07\/Omladinski-prostori_3_11zon-1536x957.webp 1536w, https:\/\/zadecu.org\/wp-content\/uploads\/2026\/07\/Omladinski-prostori_3_11zon-810x504.webp 810w, https:\/\/zadecu.org\/wp-content\/uploads\/2026\/07\/Omladinski-prostori_3_11zon-1140x710.webp 1140w, https:\/\/zadecu.org\/wp-content\/uploads\/2026\/07\/Omladinski-prostori_3_11zon.webp 1593w\" sizes=\"auto, (max-width: 600px) 100vw, 600px\" \/> <img loading=\"lazy\" decoding=\"async\" class=\"size-medium wp-image-14830 aligncenter\" src=\"https:\/\/zadecu.org\/wp-content\/uploads\/2026\/07\/Omladinski-prostori_2_11zon-600x395.webp\" alt=\"\" width=\"600\" height=\"395\" srcset=\"https:\/\/zadecu.org\/wp-content\/uploads\/2026\/07\/Omladinski-prostori_2_11zon-600x395.webp 600w, https:\/\/zadecu.org\/wp-content\/uploads\/2026\/07\/Omladinski-prostori_2_11zon-1024x675.webp 1024w, https:\/\/zadecu.org\/wp-content\/uploads\/2026\/07\/Omladinski-prostori_2_11zon-768x506.webp 768w, https:\/\/zadecu.org\/wp-content\/uploads\/2026\/07\/Omladinski-prostori_2_11zon-1536x1012.webp 1536w, https:\/\/zadecu.org\/wp-content\/uploads\/2026\/07\/Omladinski-prostori_2_11zon-810x534.webp 810w, https:\/\/zadecu.org\/wp-content\/uploads\/2026\/07\/Omladinski-prostori_2_11zon-1140x751.webp 1140w, https:\/\/zadecu.org\/wp-content\/uploads\/2026\/07\/Omladinski-prostori_2_11zon.webp 1580w\" sizes=\"auto, (max-width: 600px) 100vw, 600px\" \/> <img loading=\"lazy\" decoding=\"async\" class=\"size-medium wp-image-14832 aligncenter\" src=\"https:\/\/zadecu.org\/wp-content\/uploads\/2026\/07\/Omladinski-prostori_4_11zon-600x306.webp\" alt=\"\" width=\"600\" height=\"306\" srcset=\"https:\/\/zadecu.org\/wp-content\/uploads\/2026\/07\/Omladinski-prostori_4_11zon-600x306.webp 600w, https:\/\/zadecu.org\/wp-content\/uploads\/2026\/07\/Omladinski-prostori_4_11zon-1024x522.webp 1024w, https:\/\/zadecu.org\/wp-content\/uploads\/2026\/07\/Omladinski-prostori_4_11zon-768x392.webp 768w, https:\/\/zadecu.org\/wp-content\/uploads\/2026\/07\/Omladinski-prostori_4_11zon-810x413.webp 810w, https:\/\/zadecu.org\/wp-content\/uploads\/2026\/07\/Omladinski-prostori_4_11zon-1140x582.webp 1140w, https:\/\/zadecu.org\/wp-content\/uploads\/2026\/07\/Omladinski-prostori_4_11zon.webp 1472w\" sizes=\"auto, (max-width: 600px) 100vw, 600px\" \/><\/p>\n","protected":false},"excerpt":{"rendered":"<p>The final meeting of the Community of Practice was held at the UNICEF Office in Belgrade on 25 June. The meeting focused on the results achieved, lessons learned, and next steps in applying safeguarding standards and strengthening the protection of children and young people from sexual exploitation and abuse in youth settings. The event brought [&hellip;]<\/p>\n","protected":false},"author":3,"featured_media":14826,"comment_status":"closed","ping_status":"closed","sticky":false,"template":"","format":"standard","meta":{"footnotes":""},"categories":[52,220],"tags":[],"class_list":["post-14825","post","type-post","status-publish","format-standard","has-post-thumbnail","hentry","category-uncategorized","category-protection-from-violence"],"yoast_head":"<!-- This site is optimized with the Yoast SEO plugin v28.0 - https:\/\/yoast.com\/product\/yoast-seo-wordpress\/ -->\n<title>Strengthening Safeguarding in Youth Spaces: Final Community of Practice Meeting Held in Belgrade. - Mre\u017ea organizacija za decu Srbije<\/title>\n<meta name=\"description\" content=\"U kancelariji UNICEF-a u Beogradu, 25. juna, odr\u017ean je zavr\u0161ni sastanak Zajednice u\u010denja posve\u0107en rezultatima, iskustvima i narednim koracima\" \/>\n<meta name=\"robots\" content=\"index, follow, max-snippet:-1, max-image-preview:large, max-video-preview:-1\" \/>\n<link rel=\"canonical\" href=\"https:\/\/zadecu.org\/en\/odrzan-zavrsni-sastanak-zajednice-ucenja-o-zastiti-dece-i-mladih-od-seksualne-eksploatacije-i-zlostavljanja\/\" \/>\n<meta property=\"og:locale\" content=\"en_US\" \/>\n<meta property=\"og:type\" content=\"article\" \/>\n<meta property=\"og:title\" content=\"Strengthening Safeguarding in Youth Spaces: Final Community of Practice Meeting Held in Belgrade. - Mre\u017ea organizacija za decu Srbije\" \/>\n<meta property=\"og:description\" content=\"U kancelariji UNICEF-a u Beogradu, 25. juna, odr\u017ean je zavr\u0161ni sastanak Zajednice u\u010denja posve\u0107en rezultatima, iskustvima i narednim koracima\" \/>\n<meta property=\"og:url\" content=\"https:\/\/zadecu.org\/en\/odrzan-zavrsni-sastanak-zajednice-ucenja-o-zastiti-dece-i-mladih-od-seksualne-eksploatacije-i-zlostavljanja\/\" \/>\n<meta property=\"og:site_name\" content=\"Mre\u017ea organizacija za decu Srbije\" \/>\n<meta property=\"article:publisher\" content=\"https:\/\/www.facebook.com\/zadecuMODS\/\" \/>\n<meta property=\"article:author\" content=\"https:\/\/www.facebook.com\/zadecuMODS\/\" \/>\n<meta property=\"article:published_time\" content=\"2026-07-03T13:37:25+00:00\" \/>\n<meta property=\"article:modified_time\" content=\"2026-07-03T13:51:08+00:00\" \/>\n<meta property=\"og:image\" content=\"https:\/\/zadecu.org\/wp-content\/uploads\/2026\/07\/Omladinski-prostori_1_11zon.webp\" \/>\n\t<meta property=\"og:image:width\" content=\"1489\" \/>\n\t<meta property=\"og:image:height\" content=\"753\" \/>\n\t<meta property=\"og:image:type\" content=\"image\/webp\" \/>\n<meta name=\"author\" content=\"MODS\" \/>\n<meta name=\"twitter:card\" content=\"summary_large_image\" \/>\n<meta name=\"twitter:creator\" content=\"@zadecuMODS\" \/>\n<meta name=\"twitter:site\" content=\"@zadecuMODS\" \/>\n<meta name=\"twitter:label1\" content=\"Written by\" \/>\n\t<meta name=\"twitter:data1\" content=\"MODS\" \/>\n\t<meta name=\"twitter:label2\" content=\"Est. reading time\" \/>\n\t<meta name=\"twitter:data2\" content=\"3 minutes\" \/>\n<script type=\"application\/ld+json\" class=\"yoast-schema-graph\">{\"@context\":\"https:\\\/\\\/schema.org\",\"@graph\":[{\"@type\":\"Article\",\"@id\":\"https:\\\/\\\/zadecu.org\\\/en\\\/odrzan-zavrsni-sastanak-zajednice-ucenja-o-zastiti-dece-i-mladih-od-seksualne-eksploatacije-i-zlostavljanja\\\/#article\",\"isPartOf\":{\"@id\":\"https:\\\/\\\/zadecu.org\\\/en\\\/odrzan-zavrsni-sastanak-zajednice-ucenja-o-zastiti-dece-i-mladih-od-seksualne-eksploatacije-i-zlostavljanja\\\/\"},\"author\":{\"name\":\"MODS\",\"@id\":\"https:\\\/\\\/zadecu.org\\\/#\\\/schema\\\/person\\\/ad4f6997e66e4470c1ef6d15dd97b57e\"},\"headline\":\"Strengthening Safeguarding in Youth Spaces: Final Community of Practice Meeting Held in Belgrade.\",\"datePublished\":\"2026-07-03T13:37:25+00:00\",\"dateModified\":\"2026-07-03T13:51:08+00:00\",\"mainEntityOfPage\":{\"@id\":\"https:\\\/\\\/zadecu.org\\\/en\\\/odrzan-zavrsni-sastanak-zajednice-ucenja-o-zastiti-dece-i-mladih-od-seksualne-eksploatacije-i-zlostavljanja\\\/\"},\"wordCount\":410,\"publisher\":{\"@id\":\"https:\\\/\\\/zadecu.org\\\/#organization\"},\"image\":{\"@id\":\"https:\\\/\\\/zadecu.org\\\/en\\\/odrzan-zavrsni-sastanak-zajednice-ucenja-o-zastiti-dece-i-mladih-od-seksualne-eksploatacije-i-zlostavljanja\\\/#primaryimage\"},\"thumbnailUrl\":\"https:\\\/\\\/zadecu.org\\\/wp-content\\\/uploads\\\/2026\\\/07\\\/Omladinski-prostori_1_11zon.webp\",\"articleSection\":[\"News\",\"Protection from violence\"],\"inLanguage\":\"en-US\"},{\"@type\":\"WebPage\",\"@id\":\"https:\\\/\\\/zadecu.org\\\/en\\\/odrzan-zavrsni-sastanak-zajednice-ucenja-o-zastiti-dece-i-mladih-od-seksualne-eksploatacije-i-zlostavljanja\\\/\",\"url\":\"https:\\\/\\\/zadecu.org\\\/en\\\/odrzan-zavrsni-sastanak-zajednice-ucenja-o-zastiti-dece-i-mladih-od-seksualne-eksploatacije-i-zlostavljanja\\\/\",\"name\":\"Strengthening Safeguarding in Youth Spaces: Final Community of Practice Meeting Held in Belgrade. - Mre\u017ea organizacija za decu Srbije\",\"isPartOf\":{\"@id\":\"https:\\\/\\\/zadecu.org\\\/#website\"},\"primaryImageOfPage\":{\"@id\":\"https:\\\/\\\/zadecu.org\\\/en\\\/odrzan-zavrsni-sastanak-zajednice-ucenja-o-zastiti-dece-i-mladih-od-seksualne-eksploatacije-i-zlostavljanja\\\/#primaryimage\"},\"image\":{\"@id\":\"https:\\\/\\\/zadecu.org\\\/en\\\/odrzan-zavrsni-sastanak-zajednice-ucenja-o-zastiti-dece-i-mladih-od-seksualne-eksploatacije-i-zlostavljanja\\\/#primaryimage\"},\"thumbnailUrl\":\"https:\\\/\\\/zadecu.org\\\/wp-content\\\/uploads\\\/2026\\\/07\\\/Omladinski-prostori_1_11zon.webp\",\"datePublished\":\"2026-07-03T13:37:25+00:00\",\"dateModified\":\"2026-07-03T13:51:08+00:00\",\"description\":\"U kancelariji UNICEF-a u Beogradu, 25. juna, odr\u017ean je zavr\u0161ni sastanak Zajednice u\u010denja posve\u0107en rezultatima, iskustvima i narednim koracima\",\"breadcrumb\":{\"@id\":\"https:\\\/\\\/zadecu.org\\\/en\\\/odrzan-zavrsni-sastanak-zajednice-ucenja-o-zastiti-dece-i-mladih-od-seksualne-eksploatacije-i-zlostavljanja\\\/#breadcrumb\"},\"inLanguage\":\"en-US\",\"potentialAction\":[{\"@type\":\"ReadAction\",\"target\":[\"https:\\\/\\\/zadecu.org\\\/en\\\/odrzan-zavrsni-sastanak-zajednice-ucenja-o-zastiti-dece-i-mladih-od-seksualne-eksploatacije-i-zlostavljanja\\\/\"]}]},{\"@type\":\"ImageObject\",\"inLanguage\":\"en-US\",\"@id\":\"https:\\\/\\\/zadecu.org\\\/en\\\/odrzan-zavrsni-sastanak-zajednice-ucenja-o-zastiti-dece-i-mladih-od-seksualne-eksploatacije-i-zlostavljanja\\\/#primaryimage\",\"url\":\"https:\\\/\\\/zadecu.org\\\/wp-content\\\/uploads\\\/2026\\\/07\\\/Omladinski-prostori_1_11zon.webp\",\"contentUrl\":\"https:\\\/\\\/zadecu.org\\\/wp-content\\\/uploads\\\/2026\\\/07\\\/Omladinski-prostori_1_11zon.webp\",\"width\":1489,\"height\":753},{\"@type\":\"BreadcrumbList\",\"@id\":\"https:\\\/\\\/zadecu.org\\\/en\\\/odrzan-zavrsni-sastanak-zajednice-ucenja-o-zastiti-dece-i-mladih-od-seksualne-eksploatacije-i-zlostavljanja\\\/#breadcrumb\",\"itemListElement\":[{\"@type\":\"ListItem\",\"position\":1,\"name\":\"Home\",\"item\":\"https:\\\/\\\/zadecu.org\\\/en\\\/\"},{\"@type\":\"ListItem\",\"position\":2,\"name\":\"Strengthening Safeguarding in Youth Spaces: Final Community of Practice Meeting Held in Belgrade.\"}]},{\"@type\":\"WebSite\",\"@id\":\"https:\\\/\\\/zadecu.org\\\/#website\",\"url\":\"https:\\\/\\\/zadecu.org\\\/\",\"name\":\"Mre\u017ea organizacija za decu Srbije\",\"description\":\"Savez organizacija civilnog dru\u0161tva koje se bave za\u0161titom i promocijom prava deteta u Srbiji\",\"publisher\":{\"@id\":\"https:\\\/\\\/zadecu.org\\\/#organization\"},\"potentialAction\":[{\"@type\":\"SearchAction\",\"target\":{\"@type\":\"EntryPoint\",\"urlTemplate\":\"https:\\\/\\\/zadecu.org\\\/?s={search_term_string}\"},\"query-input\":{\"@type\":\"PropertyValueSpecification\",\"valueRequired\":true,\"valueName\":\"search_term_string\"}}],\"inLanguage\":\"en-US\"},{\"@type\":\"Organization\",\"@id\":\"https:\\\/\\\/zadecu.org\\\/#organization\",\"name\":\"Mre\u017ea organizacija za decu Srbije MODS\",\"url\":\"https:\\\/\\\/zadecu.org\\\/\",\"logo\":{\"@type\":\"ImageObject\",\"inLanguage\":\"en-US\",\"@id\":\"https:\\\/\\\/zadecu.org\\\/#\\\/schema\\\/logo\\\/image\\\/\",\"url\":\"http:\\\/\\\/zadecu.org\\\/wp-content\\\/uploads\\\/2019\\\/07\\\/MODS_logo_veci.jpg\",\"contentUrl\":\"http:\\\/\\\/zadecu.org\\\/wp-content\\\/uploads\\\/2019\\\/07\\\/MODS_logo_veci.jpg\",\"width\":798,\"height\":335,\"caption\":\"Mre\u017ea organizacija za decu Srbije MODS\"},\"image\":{\"@id\":\"https:\\\/\\\/zadecu.org\\\/#\\\/schema\\\/logo\\\/image\\\/\"},\"sameAs\":[\"https:\\\/\\\/www.facebook.com\\\/zadecuMODS\\\/\",\"https:\\\/\\\/x.com\\\/zadecuMODS\",\"https:\\\/\\\/www.instagram.com\\\/zadecuMODS\\\/\",\"https:\\\/\\\/www.youtube.com\\\/channel\\\/UC1JWUdo0NzgZJFne1EdFX9A\"]},{\"@type\":\"Person\",\"@id\":\"https:\\\/\\\/zadecu.org\\\/#\\\/schema\\\/person\\\/ad4f6997e66e4470c1ef6d15dd97b57e\",\"name\":\"MODS\",\"image\":{\"@type\":\"ImageObject\",\"inLanguage\":\"en-US\",\"@id\":\"https:\\\/\\\/secure.gravatar.com\\\/avatar\\\/60ee1947f5945cecca76529f5ef348f68d8e771648dbf26d5a30dac2000a09f7?s=96&d=mm&r=g\",\"url\":\"https:\\\/\\\/secure.gravatar.com\\\/avatar\\\/60ee1947f5945cecca76529f5ef348f68d8e771648dbf26d5a30dac2000a09f7?s=96&d=mm&r=g\",\"contentUrl\":\"https:\\\/\\\/secure.gravatar.com\\\/avatar\\\/60ee1947f5945cecca76529f5ef348f68d8e771648dbf26d5a30dac2000a09f7?s=96&d=mm&r=g\",\"caption\":\"MODS\"},\"sameAs\":[\"https:\\\/\\\/www.facebook.com\\\/zadecuMODS\\\/\",\"https:\\\/\\\/x.com\\\/zadecuMODS\"],\"url\":\"https:\\\/\\\/zadecu.org\\\/en\\\/author\\\/ognjen\\\/\"}]}<\/script>\n<!-- \/ Yoast SEO plugin. -->","yoast_head_json":{"title":"Strengthening Safeguarding in Youth Spaces: Final Community of Practice Meeting Held in Belgrade. - Mre\u017ea organizacija za decu Srbije","description":"U kancelariji UNICEF-a u Beogradu, 25. juna, odr\u017ean je zavr\u0161ni sastanak Zajednice u\u010denja posve\u0107en rezultatima, iskustvima i narednim koracima","robots":{"index":"index","follow":"follow","max-snippet":"max-snippet:-1","max-image-preview":"max-image-preview:large","max-video-preview":"max-video-preview:-1"},"canonical":"https:\/\/zadecu.org\/en\/odrzan-zavrsni-sastanak-zajednice-ucenja-o-zastiti-dece-i-mladih-od-seksualne-eksploatacije-i-zlostavljanja\/","og_locale":"en_US","og_type":"article","og_title":"Strengthening Safeguarding in Youth Spaces: Final Community of Practice Meeting Held in Belgrade. - Mre\u017ea organizacija za decu Srbije","og_description":"U kancelariji UNICEF-a u Beogradu, 25. juna, odr\u017ean je zavr\u0161ni sastanak Zajednice u\u010denja posve\u0107en rezultatima, iskustvima i narednim koracima","og_url":"https:\/\/zadecu.org\/en\/odrzan-zavrsni-sastanak-zajednice-ucenja-o-zastiti-dece-i-mladih-od-seksualne-eksploatacije-i-zlostavljanja\/","og_site_name":"Mre\u017ea organizacija za decu Srbije","article_publisher":"https:\/\/www.facebook.com\/zadecuMODS\/","article_author":"https:\/\/www.facebook.com\/zadecuMODS\/","article_published_time":"2026-07-03T13:37:25+00:00","article_modified_time":"2026-07-03T13:51:08+00:00","og_image":[{"width":1489,"height":753,"url":"https:\/\/zadecu.org\/wp-content\/uploads\/2026\/07\/Omladinski-prostori_1_11zon.webp","type":"image\/webp"}],"author":"MODS","twitter_card":"summary_large_image","twitter_creator":"@zadecuMODS","twitter_site":"@zadecuMODS","twitter_misc":{"Written by":"MODS","Est. reading time":"3 minutes"},"schema":{"@context":"https:\/\/schema.org","@graph":[{"@type":"Article","@id":"https:\/\/zadecu.org\/en\/odrzan-zavrsni-sastanak-zajednice-ucenja-o-zastiti-dece-i-mladih-od-seksualne-eksploatacije-i-zlostavljanja\/#article","isPartOf":{"@id":"https:\/\/zadecu.org\/en\/odrzan-zavrsni-sastanak-zajednice-ucenja-o-zastiti-dece-i-mladih-od-seksualne-eksploatacije-i-zlostavljanja\/"},"author":{"name":"MODS","@id":"https:\/\/zadecu.org\/#\/schema\/person\/ad4f6997e66e4470c1ef6d15dd97b57e"},"headline":"Strengthening Safeguarding in Youth Spaces: Final Community of Practice Meeting Held in Belgrade.","datePublished":"2026-07-03T13:37:25+00:00","dateModified":"2026-07-03T13:51:08+00:00","mainEntityOfPage":{"@id":"https:\/\/zadecu.org\/en\/odrzan-zavrsni-sastanak-zajednice-ucenja-o-zastiti-dece-i-mladih-od-seksualne-eksploatacije-i-zlostavljanja\/"},"wordCount":410,"publisher":{"@id":"https:\/\/zadecu.org\/#organization"},"image":{"@id":"https:\/\/zadecu.org\/en\/odrzan-zavrsni-sastanak-zajednice-ucenja-o-zastiti-dece-i-mladih-od-seksualne-eksploatacije-i-zlostavljanja\/#primaryimage"},"thumbnailUrl":"https:\/\/zadecu.org\/wp-content\/uploads\/2026\/07\/Omladinski-prostori_1_11zon.webp","articleSection":["News","Protection from violence"],"inLanguage":"en-US"},{"@type":"WebPage","@id":"https:\/\/zadecu.org\/en\/odrzan-zavrsni-sastanak-zajednice-ucenja-o-zastiti-dece-i-mladih-od-seksualne-eksploatacije-i-zlostavljanja\/","url":"https:\/\/zadecu.org\/en\/odrzan-zavrsni-sastanak-zajednice-ucenja-o-zastiti-dece-i-mladih-od-seksualne-eksploatacije-i-zlostavljanja\/","name":"Strengthening Safeguarding in Youth Spaces: Final Community of Practice Meeting Held in Belgrade. - Mre\u017ea organizacija za decu Srbije","isPartOf":{"@id":"https:\/\/zadecu.org\/#website"},"primaryImageOfPage":{"@id":"https:\/\/zadecu.org\/en\/odrzan-zavrsni-sastanak-zajednice-ucenja-o-zastiti-dece-i-mladih-od-seksualne-eksploatacije-i-zlostavljanja\/#primaryimage"},"image":{"@id":"https:\/\/zadecu.org\/en\/odrzan-zavrsni-sastanak-zajednice-ucenja-o-zastiti-dece-i-mladih-od-seksualne-eksploatacije-i-zlostavljanja\/#primaryimage"},"thumbnailUrl":"https:\/\/zadecu.org\/wp-content\/uploads\/2026\/07\/Omladinski-prostori_1_11zon.webp","datePublished":"2026-07-03T13:37:25+00:00","dateModified":"2026-07-03T13:51:08+00:00","description":"U kancelariji UNICEF-a u Beogradu, 25. juna, odr\u017ean je zavr\u0161ni sastanak Zajednice u\u010denja posve\u0107en rezultatima, iskustvima i narednim koracima","breadcrumb":{"@id":"https:\/\/zadecu.org\/en\/odrzan-zavrsni-sastanak-zajednice-ucenja-o-zastiti-dece-i-mladih-od-seksualne-eksploatacije-i-zlostavljanja\/#breadcrumb"},"inLanguage":"en-US","potentialAction":[{"@type":"ReadAction","target":["https:\/\/zadecu.org\/en\/odrzan-zavrsni-sastanak-zajednice-ucenja-o-zastiti-dece-i-mladih-od-seksualne-eksploatacije-i-zlostavljanja\/"]}]},{"@type":"ImageObject","inLanguage":"en-US","@id":"https:\/\/zadecu.org\/en\/odrzan-zavrsni-sastanak-zajednice-ucenja-o-zastiti-dece-i-mladih-od-seksualne-eksploatacije-i-zlostavljanja\/#primaryimage","url":"https:\/\/zadecu.org\/wp-content\/uploads\/2026\/07\/Omladinski-prostori_1_11zon.webp","contentUrl":"https:\/\/zadecu.org\/wp-content\/uploads\/2026\/07\/Omladinski-prostori_1_11zon.webp","width":1489,"height":753},{"@type":"BreadcrumbList","@id":"https:\/\/zadecu.org\/en\/odrzan-zavrsni-sastanak-zajednice-ucenja-o-zastiti-dece-i-mladih-od-seksualne-eksploatacije-i-zlostavljanja\/#breadcrumb","itemListElement":[{"@type":"ListItem","position":1,"name":"Home","item":"https:\/\/zadecu.org\/en\/"},{"@type":"ListItem","position":2,"name":"Strengthening Safeguarding in Youth Spaces: Final Community of Practice Meeting Held in Belgrade."}]},{"@type":"WebSite","@id":"https:\/\/zadecu.org\/#website","url":"https:\/\/zadecu.org\/","name":"Mre\u017ea organizacija za decu Srbije","description":"Savez organizacija civilnog dru\u0161tva koje se bave za\u0161titom i promocijom prava deteta u Srbiji","publisher":{"@id":"https:\/\/zadecu.org\/#organization"},"potentialAction":[{"@type":"SearchAction","target":{"@type":"EntryPoint","urlTemplate":"https:\/\/zadecu.org\/?s={search_term_string}"},"query-input":{"@type":"PropertyValueSpecification","valueRequired":true,"valueName":"search_term_string"}}],"inLanguage":"en-US"},{"@type":"Organization","@id":"https:\/\/zadecu.org\/#organization","name":"Mre\u017ea organizacija za decu Srbije MODS","url":"https:\/\/zadecu.org\/","logo":{"@type":"ImageObject","inLanguage":"en-US","@id":"https:\/\/zadecu.org\/#\/schema\/logo\/image\/","url":"http:\/\/zadecu.org\/wp-content\/uploads\/2019\/07\/MODS_logo_veci.jpg","contentUrl":"http:\/\/zadecu.org\/wp-content\/uploads\/2019\/07\/MODS_logo_veci.jpg","width":798,"height":335,"caption":"Mre\u017ea organizacija za decu Srbije MODS"},"image":{"@id":"https:\/\/zadecu.org\/#\/schema\/logo\/image\/"},"sameAs":["https:\/\/www.facebook.com\/zadecuMODS\/","https:\/\/x.com\/zadecuMODS","https:\/\/www.instagram.com\/zadecuMODS\/","https:\/\/www.youtube.com\/channel\/UC1JWUdo0NzgZJFne1EdFX9A"]},{"@type":"Person","@id":"https:\/\/zadecu.org\/#\/schema\/person\/ad4f6997e66e4470c1ef6d15dd97b57e","name":"MODS","image":{"@type":"ImageObject","inLanguage":"en-US","@id":"https:\/\/secure.gravatar.com\/avatar\/60ee1947f5945cecca76529f5ef348f68d8e771648dbf26d5a30dac2000a09f7?s=96&d=mm&r=g","url":"https:\/\/secure.gravatar.com\/avatar\/60ee1947f5945cecca76529f5ef348f68d8e771648dbf26d5a30dac2000a09f7?s=96&d=mm&r=g","contentUrl":"https:\/\/secure.gravatar.com\/avatar\/60ee1947f5945cecca76529f5ef348f68d8e771648dbf26d5a30dac2000a09f7?s=96&d=mm&r=g","caption":"MODS"},"sameAs":["https:\/\/www.facebook.com\/zadecuMODS\/","https:\/\/x.com\/zadecuMODS"],"url":"https:\/\/zadecu.org\/en\/author\/ognjen\/"}]}},"_links":{"self":[{"href":"https:\/\/zadecu.org\/en\/wp-json\/wp\/v2\/posts\/14825","targetHints":{"allow":["GET"]}}],"collection":[{"href":"https:\/\/zadecu.org\/en\/wp-json\/wp\/v2\/posts"}],"about":[{"href":"https:\/\/zadecu.org\/en\/wp-json\/wp\/v2\/types\/post"}],"author":[{"embeddable":true,"href":"https:\/\/zadecu.org\/en\/wp-json\/wp\/v2\/users\/3"}],"replies":[{"embeddable":true,"href":"https:\/\/zadecu.org\/en\/wp-json\/wp\/v2\/comments?post=14825"}],"version-history":[{"count":0,"href":"https:\/\/zadecu.org\/en\/wp-json\/wp\/v2\/posts\/14825\/revisions"}],"wp:featuredmedia":[{"embeddable":true,"href":"https:\/\/zadecu.org\/en\/wp-json\/wp\/v2\/media\/14826"}],"wp:attachment":[{"href":"https:\/\/zadecu.org\/en\/wp-json\/wp\/v2\/media?parent=14825"}],"wp:term":[{"taxonomy":"category","embeddable":true,"href":"https:\/\/zadecu.org\/en\/wp-json\/wp\/v2\/categories?post=14825"},{"taxonomy":"post_tag","embeddable":true,"href":"https:\/\/zadecu.org\/en\/wp-json\/wp\/v2\/tags?post=14825"}],"curies":[{"name":"wp","href":"https:\/\/api.w.org\/{rel}","templated":true}]}}