
{"id":14713,"date":"2026-05-25T09:32:25","date_gmt":"2026-05-25T09:32:25","guid":{"rendered":"https:\/\/zadecu.org\/?p=14713"},"modified":"2026-05-25T09:34:38","modified_gmt":"2026-05-25T09:34:38","slug":"mods-and-the-republic-institute-for-social-protection-signed-a-memorandum-of-cooperation","status":"publish","type":"post","link":"https:\/\/zadecu.org\/en\/mods-and-the-republic-institute-for-social-protection-signed-a-memorandum-of-cooperation\/","title":{"rendered":"MODS and the Republic Institute for Social Protection Signed a Memorandum of Cooperation"},"content":{"rendered":"<p class=\"isSelectedEnd\" style=\"text-align: justify;\">At the event \u201cCaring Communities \u2013 Towards the Systemic Sustainability of Long-Term Care\u201d, held on May 21, 2026, in Belgrade, the Network of Organizations for Children of Serbia (MODS) and the Republic Institute for Social Protection signed a Memorandum of Understanding on the institutional cooperation and sustainability of the System Innovation Lab (SIL).<\/p>\n<p class=\"isSelectedEnd\" style=\"text-align: justify;\">\u00a0The Memorandum represents an important step toward the long-term development and institutionalization of SIL as a platform for developing innovative systemic solutions in the fields of social protection and long-term care.<\/p>\n<p><img loading=\"lazy\" decoding=\"async\" class=\"size-medium wp-image-14700 aligncenter\" src=\"https:\/\/zadecu.org\/wp-content\/uploads\/2026\/05\/Memorandum_RZSZ-i-MODS-600x528.webp\" alt=\"\" width=\"600\" height=\"528\" srcset=\"https:\/\/zadecu.org\/wp-content\/uploads\/2026\/05\/Memorandum_RZSZ-i-MODS-600x528.webp 600w, https:\/\/zadecu.org\/wp-content\/uploads\/2026\/05\/Memorandum_RZSZ-i-MODS-1024x900.webp 1024w, https:\/\/zadecu.org\/wp-content\/uploads\/2026\/05\/Memorandum_RZSZ-i-MODS-768x675.webp 768w, https:\/\/zadecu.org\/wp-content\/uploads\/2026\/05\/Memorandum_RZSZ-i-MODS-1536x1350.webp 1536w, https:\/\/zadecu.org\/wp-content\/uploads\/2026\/05\/Memorandum_RZSZ-i-MODS-2048x1801.webp 2048w, https:\/\/zadecu.org\/wp-content\/uploads\/2026\/05\/Memorandum_RZSZ-i-MODS-810x712.webp 810w, https:\/\/zadecu.org\/wp-content\/uploads\/2026\/05\/Memorandum_RZSZ-i-MODS-1140x1002.webp 1140w\" sizes=\"auto, (max-width: 600px) 100vw, 600px\" \/><\/p>\n<p class=\"isSelectedEnd\" style=\"text-align: justify;\">The cooperation between MODS and the Republic Institute for Social Protection is based on their joint work within the international project \u201cCaring Communities\u201d, during which SIL was successfully established and tested as a space for the development and implementation of systemic innovations. Through this partnership, the parties will continue to develop innovative approaches, strengthen cross-sectoral cooperation, organize events and trainings, and contribute to the improvement of public policies in the fields of social protection and long-term care.<\/p>\n<p class=\"isSelectedEnd\" style=\"text-align: justify;\">Special focus has been placed on the institutionalization of the SIL methodology, the application of systemic innovation tools to other social challenges, knowledge exchange, and contributions to the improvement of public policies and legal frameworks.<\/p>\n<p style=\"text-align: justify;\">Through this cooperation, MODS will contribute civil society expertise, the inclusion of diverse stakeholders, and advocacy for systemic changes, while the Republic Institute for Social Protection will provide institutional and professional support and ensure the alignment of SIL results with the national social protection system.<\/p>\n<p style=\"text-align: justify;\"><em>The \u201cCaring Communities \u2014 Transnational Approaches for Multiple Transformative Changes in the Homecare Sector and Community-based Development of the Danube Region.\u201d project is supported within the transnational cooperation program for the Danube Region and involves 25 partners from 9 countries from January 2024 to June 2026.<\/em><\/p>\n","protected":false},"excerpt":{"rendered":"<p>At the event \u201cCaring Communities \u2013 Towards the Systemic Sustainability of Long-Term Care\u201d, held on May 21, 2026, in Belgrade, the Network of Organizations for Children of Serbia (MODS) and the Republic Institute for Social Protection signed a Memorandum of Understanding on the institutional cooperation and sustainability of the System Innovation Lab (SIL). \u00a0The Memorandum [&hellip;]<\/p>\n","protected":false},"author":3,"featured_media":14714,"comment_status":"closed","ping_status":"closed","sticky":false,"template":"","format":"standard","meta":{"footnotes":""},"categories":[52,219],"tags":[353],"class_list":["post-14713","post","type-post","status-publish","format-standard","has-post-thumbnail","hentry","category-uncategorized","category-social-protection","tag-caring-communities"],"yoast_head":"<!-- This site is optimized with the Yoast SEO plugin v28.0 - https:\/\/yoast.com\/product\/yoast-seo-wordpress\/ -->\n<title>MODS and the Republic Institute for Social Protection Signed a Memorandum of Cooperation - Mre\u017ea organizacija za decu Srbije<\/title>\n<meta name=\"description\" content=\"During the event, MODS and the Republic Institute for Social Protection signed a Memorandum of Understanding on the institutional cooperation and sustainability of the System Innovation Lab (SIL).\" \/>\n<meta name=\"robots\" content=\"index, follow, max-snippet:-1, max-image-preview:large, max-video-preview:-1\" \/>\n<link rel=\"canonical\" href=\"https:\/\/zadecu.org\/en\/mods-and-the-republic-institute-for-social-protection-signed-a-memorandum-of-cooperation\/\" \/>\n<meta property=\"og:locale\" content=\"en_US\" \/>\n<meta property=\"og:type\" content=\"article\" \/>\n<meta property=\"og:title\" content=\"MODS and the Republic Institute for Social Protection Signed a Memorandum of Cooperation - Mre\u017ea organizacija za decu Srbije\" \/>\n<meta property=\"og:description\" content=\"During the event, MODS and the Republic Institute for Social Protection signed a Memorandum of Understanding on the institutional cooperation and sustainability of the System Innovation Lab (SIL).\" \/>\n<meta property=\"og:url\" content=\"https:\/\/zadecu.org\/en\/mods-and-the-republic-institute-for-social-protection-signed-a-memorandum-of-cooperation\/\" \/>\n<meta property=\"og:site_name\" content=\"Mre\u017ea organizacija za decu Srbije\" \/>\n<meta property=\"article:publisher\" content=\"https:\/\/www.facebook.com\/zadecuMODS\/\" \/>\n<meta property=\"article:author\" content=\"https:\/\/www.facebook.com\/zadecuMODS\/\" \/>\n<meta property=\"article:published_time\" content=\"2026-05-25T09:32:25+00:00\" \/>\n<meta property=\"article:modified_time\" content=\"2026-05-25T09:34:38+00:00\" \/>\n<meta property=\"og:image\" content=\"https:\/\/zadecu.org\/wp-content\/uploads\/2026\/05\/MODS-I-Zavod-scaled.webp\" \/>\n\t<meta property=\"og:image:width\" content=\"2560\" \/>\n\t<meta property=\"og:image:height\" content=\"1420\" \/>\n\t<meta property=\"og:image:type\" content=\"image\/webp\" \/>\n<meta name=\"author\" content=\"MODS\" \/>\n<meta name=\"twitter:card\" content=\"summary_large_image\" \/>\n<meta name=\"twitter:creator\" content=\"@zadecuMODS\" \/>\n<meta name=\"twitter:site\" content=\"@zadecuMODS\" \/>\n<meta name=\"twitter:label1\" content=\"Written by\" \/>\n\t<meta name=\"twitter:data1\" content=\"MODS\" \/>\n\t<meta name=\"twitter:label2\" content=\"Est. reading time\" \/>\n\t<meta name=\"twitter:data2\" content=\"2 minutes\" \/>\n<script type=\"application\/ld+json\" class=\"yoast-schema-graph\">{\"@context\":\"https:\\\/\\\/schema.org\",\"@graph\":[{\"@type\":\"Article\",\"@id\":\"https:\\\/\\\/zadecu.org\\\/en\\\/mods-and-the-republic-institute-for-social-protection-signed-a-memorandum-of-cooperation\\\/#article\",\"isPartOf\":{\"@id\":\"https:\\\/\\\/zadecu.org\\\/en\\\/mods-and-the-republic-institute-for-social-protection-signed-a-memorandum-of-cooperation\\\/\"},\"author\":{\"name\":\"MODS\",\"@id\":\"https:\\\/\\\/zadecu.org\\\/#\\\/schema\\\/person\\\/ad4f6997e66e4470c1ef6d15dd97b57e\"},\"headline\":\"MODS and the Republic Institute for Social Protection Signed a Memorandum of Cooperation\",\"datePublished\":\"2026-05-25T09:32:25+00:00\",\"dateModified\":\"2026-05-25T09:34:38+00:00\",\"mainEntityOfPage\":{\"@id\":\"https:\\\/\\\/zadecu.org\\\/en\\\/mods-and-the-republic-institute-for-social-protection-signed-a-memorandum-of-cooperation\\\/\"},\"wordCount\":292,\"publisher\":{\"@id\":\"https:\\\/\\\/zadecu.org\\\/#organization\"},\"image\":{\"@id\":\"https:\\\/\\\/zadecu.org\\\/en\\\/mods-and-the-republic-institute-for-social-protection-signed-a-memorandum-of-cooperation\\\/#primaryimage\"},\"thumbnailUrl\":\"https:\\\/\\\/zadecu.org\\\/wp-content\\\/uploads\\\/2026\\\/05\\\/MODS-I-Zavod-scaled.webp\",\"keywords\":[\"Caring Communities\"],\"articleSection\":[\"News\",\"Social protection\"],\"inLanguage\":\"en-US\"},{\"@type\":\"WebPage\",\"@id\":\"https:\\\/\\\/zadecu.org\\\/en\\\/mods-and-the-republic-institute-for-social-protection-signed-a-memorandum-of-cooperation\\\/\",\"url\":\"https:\\\/\\\/zadecu.org\\\/en\\\/mods-and-the-republic-institute-for-social-protection-signed-a-memorandum-of-cooperation\\\/\",\"name\":\"MODS and the Republic Institute for Social Protection Signed a Memorandum of Cooperation - Mre\u017ea organizacija za decu Srbije\",\"isPartOf\":{\"@id\":\"https:\\\/\\\/zadecu.org\\\/#website\"},\"primaryImageOfPage\":{\"@id\":\"https:\\\/\\\/zadecu.org\\\/en\\\/mods-and-the-republic-institute-for-social-protection-signed-a-memorandum-of-cooperation\\\/#primaryimage\"},\"image\":{\"@id\":\"https:\\\/\\\/zadecu.org\\\/en\\\/mods-and-the-republic-institute-for-social-protection-signed-a-memorandum-of-cooperation\\\/#primaryimage\"},\"thumbnailUrl\":\"https:\\\/\\\/zadecu.org\\\/wp-content\\\/uploads\\\/2026\\\/05\\\/MODS-I-Zavod-scaled.webp\",\"datePublished\":\"2026-05-25T09:32:25+00:00\",\"dateModified\":\"2026-05-25T09:34:38+00:00\",\"description\":\"During the event, MODS and the Republic Institute for Social Protection signed a Memorandum of Understanding on the institutional cooperation and sustainability of the System Innovation Lab (SIL).\",\"breadcrumb\":{\"@id\":\"https:\\\/\\\/zadecu.org\\\/en\\\/mods-and-the-republic-institute-for-social-protection-signed-a-memorandum-of-cooperation\\\/#breadcrumb\"},\"inLanguage\":\"en-US\",\"potentialAction\":[{\"@type\":\"ReadAction\",\"target\":[\"https:\\\/\\\/zadecu.org\\\/en\\\/mods-and-the-republic-institute-for-social-protection-signed-a-memorandum-of-cooperation\\\/\"]}]},{\"@type\":\"ImageObject\",\"inLanguage\":\"en-US\",\"@id\":\"https:\\\/\\\/zadecu.org\\\/en\\\/mods-and-the-republic-institute-for-social-protection-signed-a-memorandum-of-cooperation\\\/#primaryimage\",\"url\":\"https:\\\/\\\/zadecu.org\\\/wp-content\\\/uploads\\\/2026\\\/05\\\/MODS-I-Zavod-scaled.webp\",\"contentUrl\":\"https:\\\/\\\/zadecu.org\\\/wp-content\\\/uploads\\\/2026\\\/05\\\/MODS-I-Zavod-scaled.webp\",\"width\":2560,\"height\":1420},{\"@type\":\"BreadcrumbList\",\"@id\":\"https:\\\/\\\/zadecu.org\\\/en\\\/mods-and-the-republic-institute-for-social-protection-signed-a-memorandum-of-cooperation\\\/#breadcrumb\",\"itemListElement\":[{\"@type\":\"ListItem\",\"position\":1,\"name\":\"Home\",\"item\":\"https:\\\/\\\/zadecu.org\\\/en\\\/\"},{\"@type\":\"ListItem\",\"position\":2,\"name\":\"MODS and the Republic Institute for Social Protection Signed a Memorandum of Cooperation\"}]},{\"@type\":\"WebSite\",\"@id\":\"https:\\\/\\\/zadecu.org\\\/#website\",\"url\":\"https:\\\/\\\/zadecu.org\\\/\",\"name\":\"Mre\u017ea organizacija za decu Srbije\",\"description\":\"Savez organizacija civilnog dru\u0161tva koje se bave za\u0161titom i promocijom prava deteta u Srbiji\",\"publisher\":{\"@id\":\"https:\\\/\\\/zadecu.org\\\/#organization\"},\"potentialAction\":[{\"@type\":\"SearchAction\",\"target\":{\"@type\":\"EntryPoint\",\"urlTemplate\":\"https:\\\/\\\/zadecu.org\\\/?s={search_term_string}\"},\"query-input\":{\"@type\":\"PropertyValueSpecification\",\"valueRequired\":true,\"valueName\":\"search_term_string\"}}],\"inLanguage\":\"en-US\"},{\"@type\":\"Organization\",\"@id\":\"https:\\\/\\\/zadecu.org\\\/#organization\",\"name\":\"Mre\u017ea organizacija za decu Srbije MODS\",\"url\":\"https:\\\/\\\/zadecu.org\\\/\",\"logo\":{\"@type\":\"ImageObject\",\"inLanguage\":\"en-US\",\"@id\":\"https:\\\/\\\/zadecu.org\\\/#\\\/schema\\\/logo\\\/image\\\/\",\"url\":\"http:\\\/\\\/zadecu.org\\\/wp-content\\\/uploads\\\/2019\\\/07\\\/MODS_logo_veci.jpg\",\"contentUrl\":\"http:\\\/\\\/zadecu.org\\\/wp-content\\\/uploads\\\/2019\\\/07\\\/MODS_logo_veci.jpg\",\"width\":798,\"height\":335,\"caption\":\"Mre\u017ea organizacija za decu Srbije MODS\"},\"image\":{\"@id\":\"https:\\\/\\\/zadecu.org\\\/#\\\/schema\\\/logo\\\/image\\\/\"},\"sameAs\":[\"https:\\\/\\\/www.facebook.com\\\/zadecuMODS\\\/\",\"https:\\\/\\\/x.com\\\/zadecuMODS\",\"https:\\\/\\\/www.instagram.com\\\/zadecuMODS\\\/\",\"https:\\\/\\\/www.youtube.com\\\/channel\\\/UC1JWUdo0NzgZJFne1EdFX9A\"]},{\"@type\":\"Person\",\"@id\":\"https:\\\/\\\/zadecu.org\\\/#\\\/schema\\\/person\\\/ad4f6997e66e4470c1ef6d15dd97b57e\",\"name\":\"MODS\",\"image\":{\"@type\":\"ImageObject\",\"inLanguage\":\"en-US\",\"@id\":\"https:\\\/\\\/secure.gravatar.com\\\/avatar\\\/60ee1947f5945cecca76529f5ef348f68d8e771648dbf26d5a30dac2000a09f7?s=96&d=mm&r=g\",\"url\":\"https:\\\/\\\/secure.gravatar.com\\\/avatar\\\/60ee1947f5945cecca76529f5ef348f68d8e771648dbf26d5a30dac2000a09f7?s=96&d=mm&r=g\",\"contentUrl\":\"https:\\\/\\\/secure.gravatar.com\\\/avatar\\\/60ee1947f5945cecca76529f5ef348f68d8e771648dbf26d5a30dac2000a09f7?s=96&d=mm&r=g\",\"caption\":\"MODS\"},\"sameAs\":[\"https:\\\/\\\/www.facebook.com\\\/zadecuMODS\\\/\",\"https:\\\/\\\/x.com\\\/zadecuMODS\"],\"url\":\"https:\\\/\\\/zadecu.org\\\/en\\\/author\\\/ognjen\\\/\"}]}<\/script>\n<!-- \/ Yoast SEO plugin. -->","yoast_head_json":{"title":"MODS and the Republic Institute for Social Protection Signed a Memorandum of Cooperation - Mre\u017ea organizacija za decu Srbije","description":"During the event, MODS and the Republic Institute for Social Protection signed a Memorandum of Understanding on the institutional cooperation and sustainability of the System Innovation Lab (SIL).","robots":{"index":"index","follow":"follow","max-snippet":"max-snippet:-1","max-image-preview":"max-image-preview:large","max-video-preview":"max-video-preview:-1"},"canonical":"https:\/\/zadecu.org\/en\/mods-and-the-republic-institute-for-social-protection-signed-a-memorandum-of-cooperation\/","og_locale":"en_US","og_type":"article","og_title":"MODS and the Republic Institute for Social Protection Signed a Memorandum of Cooperation - Mre\u017ea organizacija za decu Srbije","og_description":"During the event, MODS and the Republic Institute for Social Protection signed a Memorandum of Understanding on the institutional cooperation and sustainability of the System Innovation Lab (SIL).","og_url":"https:\/\/zadecu.org\/en\/mods-and-the-republic-institute-for-social-protection-signed-a-memorandum-of-cooperation\/","og_site_name":"Mre\u017ea organizacija za decu Srbije","article_publisher":"https:\/\/www.facebook.com\/zadecuMODS\/","article_author":"https:\/\/www.facebook.com\/zadecuMODS\/","article_published_time":"2026-05-25T09:32:25+00:00","article_modified_time":"2026-05-25T09:34:38+00:00","og_image":[{"width":2560,"height":1420,"url":"https:\/\/zadecu.org\/wp-content\/uploads\/2026\/05\/MODS-I-Zavod-scaled.webp","type":"image\/webp"}],"author":"MODS","twitter_card":"summary_large_image","twitter_creator":"@zadecuMODS","twitter_site":"@zadecuMODS","twitter_misc":{"Written by":"MODS","Est. reading time":"2 minutes"},"schema":{"@context":"https:\/\/schema.org","@graph":[{"@type":"Article","@id":"https:\/\/zadecu.org\/en\/mods-and-the-republic-institute-for-social-protection-signed-a-memorandum-of-cooperation\/#article","isPartOf":{"@id":"https:\/\/zadecu.org\/en\/mods-and-the-republic-institute-for-social-protection-signed-a-memorandum-of-cooperation\/"},"author":{"name":"MODS","@id":"https:\/\/zadecu.org\/#\/schema\/person\/ad4f6997e66e4470c1ef6d15dd97b57e"},"headline":"MODS and the Republic Institute for Social Protection Signed a Memorandum of Cooperation","datePublished":"2026-05-25T09:32:25+00:00","dateModified":"2026-05-25T09:34:38+00:00","mainEntityOfPage":{"@id":"https:\/\/zadecu.org\/en\/mods-and-the-republic-institute-for-social-protection-signed-a-memorandum-of-cooperation\/"},"wordCount":292,"publisher":{"@id":"https:\/\/zadecu.org\/#organization"},"image":{"@id":"https:\/\/zadecu.org\/en\/mods-and-the-republic-institute-for-social-protection-signed-a-memorandum-of-cooperation\/#primaryimage"},"thumbnailUrl":"https:\/\/zadecu.org\/wp-content\/uploads\/2026\/05\/MODS-I-Zavod-scaled.webp","keywords":["Caring Communities"],"articleSection":["News","Social protection"],"inLanguage":"en-US"},{"@type":"WebPage","@id":"https:\/\/zadecu.org\/en\/mods-and-the-republic-institute-for-social-protection-signed-a-memorandum-of-cooperation\/","url":"https:\/\/zadecu.org\/en\/mods-and-the-republic-institute-for-social-protection-signed-a-memorandum-of-cooperation\/","name":"MODS and the Republic Institute for Social Protection Signed a Memorandum of Cooperation - Mre\u017ea organizacija za decu Srbije","isPartOf":{"@id":"https:\/\/zadecu.org\/#website"},"primaryImageOfPage":{"@id":"https:\/\/zadecu.org\/en\/mods-and-the-republic-institute-for-social-protection-signed-a-memorandum-of-cooperation\/#primaryimage"},"image":{"@id":"https:\/\/zadecu.org\/en\/mods-and-the-republic-institute-for-social-protection-signed-a-memorandum-of-cooperation\/#primaryimage"},"thumbnailUrl":"https:\/\/zadecu.org\/wp-content\/uploads\/2026\/05\/MODS-I-Zavod-scaled.webp","datePublished":"2026-05-25T09:32:25+00:00","dateModified":"2026-05-25T09:34:38+00:00","description":"During the event, MODS and the Republic Institute for Social Protection signed a Memorandum of Understanding on the institutional cooperation and sustainability of the System Innovation Lab (SIL).","breadcrumb":{"@id":"https:\/\/zadecu.org\/en\/mods-and-the-republic-institute-for-social-protection-signed-a-memorandum-of-cooperation\/#breadcrumb"},"inLanguage":"en-US","potentialAction":[{"@type":"ReadAction","target":["https:\/\/zadecu.org\/en\/mods-and-the-republic-institute-for-social-protection-signed-a-memorandum-of-cooperation\/"]}]},{"@type":"ImageObject","inLanguage":"en-US","@id":"https:\/\/zadecu.org\/en\/mods-and-the-republic-institute-for-social-protection-signed-a-memorandum-of-cooperation\/#primaryimage","url":"https:\/\/zadecu.org\/wp-content\/uploads\/2026\/05\/MODS-I-Zavod-scaled.webp","contentUrl":"https:\/\/zadecu.org\/wp-content\/uploads\/2026\/05\/MODS-I-Zavod-scaled.webp","width":2560,"height":1420},{"@type":"BreadcrumbList","@id":"https:\/\/zadecu.org\/en\/mods-and-the-republic-institute-for-social-protection-signed-a-memorandum-of-cooperation\/#breadcrumb","itemListElement":[{"@type":"ListItem","position":1,"name":"Home","item":"https:\/\/zadecu.org\/en\/"},{"@type":"ListItem","position":2,"name":"MODS and the Republic Institute for Social Protection Signed a Memorandum of Cooperation"}]},{"@type":"WebSite","@id":"https:\/\/zadecu.org\/#website","url":"https:\/\/zadecu.org\/","name":"Mre\u017ea organizacija za decu Srbije","description":"Savez organizacija civilnog dru\u0161tva koje se bave za\u0161titom i promocijom prava deteta u Srbiji","publisher":{"@id":"https:\/\/zadecu.org\/#organization"},"potentialAction":[{"@type":"SearchAction","target":{"@type":"EntryPoint","urlTemplate":"https:\/\/zadecu.org\/?s={search_term_string}"},"query-input":{"@type":"PropertyValueSpecification","valueRequired":true,"valueName":"search_term_string"}}],"inLanguage":"en-US"},{"@type":"Organization","@id":"https:\/\/zadecu.org\/#organization","name":"Mre\u017ea organizacija za decu Srbije MODS","url":"https:\/\/zadecu.org\/","logo":{"@type":"ImageObject","inLanguage":"en-US","@id":"https:\/\/zadecu.org\/#\/schema\/logo\/image\/","url":"http:\/\/zadecu.org\/wp-content\/uploads\/2019\/07\/MODS_logo_veci.jpg","contentUrl":"http:\/\/zadecu.org\/wp-content\/uploads\/2019\/07\/MODS_logo_veci.jpg","width":798,"height":335,"caption":"Mre\u017ea organizacija za decu Srbije MODS"},"image":{"@id":"https:\/\/zadecu.org\/#\/schema\/logo\/image\/"},"sameAs":["https:\/\/www.facebook.com\/zadecuMODS\/","https:\/\/x.com\/zadecuMODS","https:\/\/www.instagram.com\/zadecuMODS\/","https:\/\/www.youtube.com\/channel\/UC1JWUdo0NzgZJFne1EdFX9A"]},{"@type":"Person","@id":"https:\/\/zadecu.org\/#\/schema\/person\/ad4f6997e66e4470c1ef6d15dd97b57e","name":"MODS","image":{"@type":"ImageObject","inLanguage":"en-US","@id":"https:\/\/secure.gravatar.com\/avatar\/60ee1947f5945cecca76529f5ef348f68d8e771648dbf26d5a30dac2000a09f7?s=96&d=mm&r=g","url":"https:\/\/secure.gravatar.com\/avatar\/60ee1947f5945cecca76529f5ef348f68d8e771648dbf26d5a30dac2000a09f7?s=96&d=mm&r=g","contentUrl":"https:\/\/secure.gravatar.com\/avatar\/60ee1947f5945cecca76529f5ef348f68d8e771648dbf26d5a30dac2000a09f7?s=96&d=mm&r=g","caption":"MODS"},"sameAs":["https:\/\/www.facebook.com\/zadecuMODS\/","https:\/\/x.com\/zadecuMODS"],"url":"https:\/\/zadecu.org\/en\/author\/ognjen\/"}]}},"_links":{"self":[{"href":"https:\/\/zadecu.org\/en\/wp-json\/wp\/v2\/posts\/14713","targetHints":{"allow":["GET"]}}],"collection":[{"href":"https:\/\/zadecu.org\/en\/wp-json\/wp\/v2\/posts"}],"about":[{"href":"https:\/\/zadecu.org\/en\/wp-json\/wp\/v2\/types\/post"}],"author":[{"embeddable":true,"href":"https:\/\/zadecu.org\/en\/wp-json\/wp\/v2\/users\/3"}],"replies":[{"embeddable":true,"href":"https:\/\/zadecu.org\/en\/wp-json\/wp\/v2\/comments?post=14713"}],"version-history":[{"count":0,"href":"https:\/\/zadecu.org\/en\/wp-json\/wp\/v2\/posts\/14713\/revisions"}],"wp:featuredmedia":[{"embeddable":true,"href":"https:\/\/zadecu.org\/en\/wp-json\/wp\/v2\/media\/14714"}],"wp:attachment":[{"href":"https:\/\/zadecu.org\/en\/wp-json\/wp\/v2\/media?parent=14713"}],"wp:term":[{"taxonomy":"category","embeddable":true,"href":"https:\/\/zadecu.org\/en\/wp-json\/wp\/v2\/categories?post=14713"},{"taxonomy":"post_tag","embeddable":true,"href":"https:\/\/zadecu.org\/en\/wp-json\/wp\/v2\/tags?post=14713"}],"curies":[{"name":"wp","href":"https:\/\/api.w.org\/{rel}","templated":true}]}}