
{"id":14563,"date":"2026-04-06T09:28:28","date_gmt":"2026-04-06T09:28:28","guid":{"rendered":"https:\/\/zadecu.org\/?p=14563"},"modified":"2026-04-06T09:28:29","modified_gmt":"2026-04-06T09:28:29","slug":"regulate-platforms-not-children-commissioner-urges-caution-over-social-media-bans","status":"publish","type":"post","link":"https:\/\/zadecu.org\/en\/regulate-platforms-not-children-commissioner-urges-caution-over-social-media-bans\/","title":{"rendered":"Regulate platforms, not children \u2013 Commissioner urges caution over social media bans"},"content":{"rendered":"<p style=\"text-align: justify;\">As several European countries consider introducing a minimum age to access social media platforms, I urge caution in imposing sweeping bans. The focus on restricting access should not deflect attention from ensuring that platforms respect human rights through clear legal duties, independent oversight, and effective accountability.<\/p>\n<p style=\"text-align: justify;\">Efforts to restrict children\u2019s access through blanket bans and mandatory age verification arise from legitimate concerns, as the current online ecosystem is failing children. Children are exposed to violent, sexual, or distressing content, grooming, and rapidly spreading disinformation. Opaque algorithms direct them toward extreme material, while manipulative designs influence their behaviour, and pervasive data collection compromises their privacy. These outcomes are foreseeable results of specific design choices and business models, necessitating regulatory intervention at the source.<\/p>\n<p style=\"text-align: justify;\">Banning children\u2019s access to social media, though, shifts the responsibility for safety from the platforms that create the environment to the children who navigate it. States should require platforms to prevent and mitigate risks to children\u2019s rights by design and by default, and hold platforms accountable for failures.<\/p>\n<p style=\"text-align: justify;\">Given the pervasiveness of algorithmic systems, comprehensive regulation is essential. This includes ensuring algorithmic transparency and auditability, effective reporting and redress mechanisms, children\u2019s rights risk assessments, independent audits, and restrictions on targeted advertising. These obligations must be enforceable, subject to independent oversight, and supported by sanctions and liabilities that are effective deterrents.<\/p>\n<p style=\"text-align: justify;\">It is encouraging that the European Commission has implemented measures, including sanctions, against several large online platforms found to be in breach of the Digital Services Act<a title=\"\" href=\"https:\/\/www.coe.int\/en\/web\/commissioner\/-\/regulate-platforms-not-children-council-of-europe-commissioner-for-human-rights-urges-caution-over-social-media-bans#_ftn1\" name=\"_ftnref1\">[1]<\/a>. Member states should adopt and support a similar approach by allocating enforcement resources, coordinating supervision, and ensuring that penalties exceed any economic benefit derived from harmful engagement practices.<\/p>\n<p style=\"text-align: justify;\">Before considering a ban, governments and parliaments should pause and exercise caution. They should consult with experts, civil society, and children, and ensure that proposals are human rights compliant. The source of harm is rooted in the design and incentives of the platforms. That should be the primary focus of regulation.<\/p>\n<p style=\"text-align: justify;\"><em>-Michael O&#8217;Flaherty<\/em><\/p>\n<hr align=\"left\" size=\"1\" width=\"33%\" \/>\n<p style=\"text-align: justify;\"><a title=\"\" href=\"https:\/\/www.coe.int\/en\/web\/commissioner\/-\/regulate-platforms-not-children-council-of-europe-commissioner-for-human-rights-urges-caution-over-social-media-bans#_ftnref1\" name=\"_ftn1\">[1]<\/a>\u00a0<a href=\"https:\/\/ec.europa.eu\/commission\/presscorner\/detail\/en\/ip_26_312\" target=\"_blank\" rel=\"noopener\">Commission preliminarily finds TikTok&#8217;s addictive design in breach of the Digital Services Act<\/a><\/p>\n<p>Source: <a href=\"https:\/\/www.coe.int\/en\/web\/commissioner\/-\/regulate-platforms-not-children-council-of-europe-commissioner-for-human-rights-urges-caution-over-social-media-bans\">Council of Europe<\/a><\/p>\n","protected":false},"excerpt":{"rendered":"<p>As several European countries consider introducing a minimum age to access social media platforms, I urge caution in imposing sweeping bans. The focus on restricting access should not deflect attention from ensuring that platforms respect human rights through clear legal duties, independent oversight, and effective accountability. Efforts to restrict children\u2019s access through blanket bans and [&hellip;]<\/p>\n","protected":false},"author":3,"featured_media":14564,"comment_status":"closed","ping_status":"closed","sticky":false,"template":"","format":"standard","meta":{"footnotes":""},"categories":[220],"tags":[117,119,368],"class_list":["post-14563","post","type-post","status-publish","format-standard","has-post-thumbnail","hentry","category-protection-from-violence","tag-convention-on-the-rights-of-the-child","tag-protection-from-violence","tag-social-media"],"yoast_head":"<!-- This site is optimized with the Yoast SEO plugin v28.0 - https:\/\/yoast.com\/product\/yoast-seo-wordpress\/ -->\n<title>Regulate platforms, not children \u2013 Commissioner urges caution over social media bans - Mre\u017ea organizacija za decu Srbije<\/title>\n<meta name=\"description\" content=\"As several European countries consider introducing a minimum age to access social media platforms, I urge caution in imposing sweeping bans.\" \/>\n<meta name=\"robots\" content=\"index, follow, max-snippet:-1, max-image-preview:large, max-video-preview:-1\" \/>\n<link rel=\"canonical\" href=\"https:\/\/zadecu.org\/en\/regulate-platforms-not-children-commissioner-urges-caution-over-social-media-bans\/\" \/>\n<meta property=\"og:locale\" content=\"en_US\" \/>\n<meta property=\"og:type\" content=\"article\" \/>\n<meta property=\"og:title\" content=\"Regulate platforms, not children \u2013 Commissioner urges caution over social media bans - Mre\u017ea organizacija za decu Srbije\" \/>\n<meta property=\"og:description\" content=\"As several European countries consider introducing a minimum age to access social media platforms, I urge caution in imposing sweeping bans.\" \/>\n<meta property=\"og:url\" content=\"https:\/\/zadecu.org\/en\/regulate-platforms-not-children-commissioner-urges-caution-over-social-media-bans\/\" \/>\n<meta property=\"og:site_name\" content=\"Mre\u017ea organizacija za decu Srbije\" \/>\n<meta property=\"article:publisher\" content=\"https:\/\/www.facebook.com\/zadecuMODS\/\" \/>\n<meta property=\"article:author\" content=\"https:\/\/www.facebook.com\/zadecuMODS\/\" \/>\n<meta property=\"article:published_time\" content=\"2026-04-06T09:28:28+00:00\" \/>\n<meta property=\"article:modified_time\" content=\"2026-04-06T09:28:29+00:00\" \/>\n<meta property=\"og:image\" content=\"https:\/\/zadecu.org\/wp-content\/uploads\/2026\/04\/shoutout-Social-media-ban-2026-870x489_11zon.webp\" \/>\n\t<meta property=\"og:image:width\" content=\"870\" \/>\n\t<meta property=\"og:image:height\" content=\"489\" \/>\n\t<meta property=\"og:image:type\" content=\"image\/webp\" \/>\n<meta name=\"author\" content=\"MODS\" \/>\n<meta name=\"twitter:card\" content=\"summary_large_image\" \/>\n<meta name=\"twitter:creator\" content=\"@zadecuMODS\" \/>\n<meta name=\"twitter:site\" content=\"@zadecuMODS\" \/>\n<meta name=\"twitter:label1\" content=\"Written by\" \/>\n\t<meta name=\"twitter:data1\" content=\"MODS\" \/>\n\t<meta name=\"twitter:label2\" content=\"Est. reading time\" \/>\n\t<meta name=\"twitter:data2\" content=\"3 minutes\" \/>\n<script type=\"application\/ld+json\" class=\"yoast-schema-graph\">{\"@context\":\"https:\\\/\\\/schema.org\",\"@graph\":[{\"@type\":\"Article\",\"@id\":\"https:\\\/\\\/zadecu.org\\\/en\\\/regulate-platforms-not-children-commissioner-urges-caution-over-social-media-bans\\\/#article\",\"isPartOf\":{\"@id\":\"https:\\\/\\\/zadecu.org\\\/en\\\/regulate-platforms-not-children-commissioner-urges-caution-over-social-media-bans\\\/\"},\"author\":{\"name\":\"MODS\",\"@id\":\"https:\\\/\\\/zadecu.org\\\/#\\\/schema\\\/person\\\/ad4f6997e66e4470c1ef6d15dd97b57e\"},\"headline\":\"Regulate platforms, not children \u2013 Commissioner urges caution over social media bans\",\"datePublished\":\"2026-04-06T09:28:28+00:00\",\"dateModified\":\"2026-04-06T09:28:29+00:00\",\"mainEntityOfPage\":{\"@id\":\"https:\\\/\\\/zadecu.org\\\/en\\\/regulate-platforms-not-children-commissioner-urges-caution-over-social-media-bans\\\/\"},\"wordCount\":364,\"publisher\":{\"@id\":\"https:\\\/\\\/zadecu.org\\\/#organization\"},\"image\":{\"@id\":\"https:\\\/\\\/zadecu.org\\\/en\\\/regulate-platforms-not-children-commissioner-urges-caution-over-social-media-bans\\\/#primaryimage\"},\"thumbnailUrl\":\"https:\\\/\\\/zadecu.org\\\/wp-content\\\/uploads\\\/2026\\\/04\\\/shoutout-Social-media-ban-2026-870x489_11zon.webp\",\"keywords\":[\"Convention on the Rights of the Child\",\"Protection from violence\",\"Social media\"],\"articleSection\":[\"Protection from violence\"],\"inLanguage\":\"en-US\"},{\"@type\":\"WebPage\",\"@id\":\"https:\\\/\\\/zadecu.org\\\/en\\\/regulate-platforms-not-children-commissioner-urges-caution-over-social-media-bans\\\/\",\"url\":\"https:\\\/\\\/zadecu.org\\\/en\\\/regulate-platforms-not-children-commissioner-urges-caution-over-social-media-bans\\\/\",\"name\":\"Regulate platforms, not children \u2013 Commissioner urges caution over social media bans - Mre\u017ea organizacija za decu Srbije\",\"isPartOf\":{\"@id\":\"https:\\\/\\\/zadecu.org\\\/#website\"},\"primaryImageOfPage\":{\"@id\":\"https:\\\/\\\/zadecu.org\\\/en\\\/regulate-platforms-not-children-commissioner-urges-caution-over-social-media-bans\\\/#primaryimage\"},\"image\":{\"@id\":\"https:\\\/\\\/zadecu.org\\\/en\\\/regulate-platforms-not-children-commissioner-urges-caution-over-social-media-bans\\\/#primaryimage\"},\"thumbnailUrl\":\"https:\\\/\\\/zadecu.org\\\/wp-content\\\/uploads\\\/2026\\\/04\\\/shoutout-Social-media-ban-2026-870x489_11zon.webp\",\"datePublished\":\"2026-04-06T09:28:28+00:00\",\"dateModified\":\"2026-04-06T09:28:29+00:00\",\"description\":\"As several European countries consider introducing a minimum age to access social media platforms, I urge caution in imposing sweeping bans.\",\"breadcrumb\":{\"@id\":\"https:\\\/\\\/zadecu.org\\\/en\\\/regulate-platforms-not-children-commissioner-urges-caution-over-social-media-bans\\\/#breadcrumb\"},\"inLanguage\":\"en-US\",\"potentialAction\":[{\"@type\":\"ReadAction\",\"target\":[\"https:\\\/\\\/zadecu.org\\\/en\\\/regulate-platforms-not-children-commissioner-urges-caution-over-social-media-bans\\\/\"]}]},{\"@type\":\"ImageObject\",\"inLanguage\":\"en-US\",\"@id\":\"https:\\\/\\\/zadecu.org\\\/en\\\/regulate-platforms-not-children-commissioner-urges-caution-over-social-media-bans\\\/#primaryimage\",\"url\":\"https:\\\/\\\/zadecu.org\\\/wp-content\\\/uploads\\\/2026\\\/04\\\/shoutout-Social-media-ban-2026-870x489_11zon.webp\",\"contentUrl\":\"https:\\\/\\\/zadecu.org\\\/wp-content\\\/uploads\\\/2026\\\/04\\\/shoutout-Social-media-ban-2026-870x489_11zon.webp\",\"width\":870,\"height\":489},{\"@type\":\"BreadcrumbList\",\"@id\":\"https:\\\/\\\/zadecu.org\\\/en\\\/regulate-platforms-not-children-commissioner-urges-caution-over-social-media-bans\\\/#breadcrumb\",\"itemListElement\":[{\"@type\":\"ListItem\",\"position\":1,\"name\":\"Home\",\"item\":\"https:\\\/\\\/zadecu.org\\\/en\\\/\"},{\"@type\":\"ListItem\",\"position\":2,\"name\":\"Regulate platforms, not children \u2013 Commissioner urges caution over social media bans\"}]},{\"@type\":\"WebSite\",\"@id\":\"https:\\\/\\\/zadecu.org\\\/#website\",\"url\":\"https:\\\/\\\/zadecu.org\\\/\",\"name\":\"Mre\u017ea organizacija za decu Srbije\",\"description\":\"Savez organizacija civilnog dru\u0161tva koje se bave za\u0161titom i promocijom prava deteta u Srbiji\",\"publisher\":{\"@id\":\"https:\\\/\\\/zadecu.org\\\/#organization\"},\"potentialAction\":[{\"@type\":\"SearchAction\",\"target\":{\"@type\":\"EntryPoint\",\"urlTemplate\":\"https:\\\/\\\/zadecu.org\\\/?s={search_term_string}\"},\"query-input\":{\"@type\":\"PropertyValueSpecification\",\"valueRequired\":true,\"valueName\":\"search_term_string\"}}],\"inLanguage\":\"en-US\"},{\"@type\":\"Organization\",\"@id\":\"https:\\\/\\\/zadecu.org\\\/#organization\",\"name\":\"Mre\u017ea organizacija za decu Srbije MODS\",\"url\":\"https:\\\/\\\/zadecu.org\\\/\",\"logo\":{\"@type\":\"ImageObject\",\"inLanguage\":\"en-US\",\"@id\":\"https:\\\/\\\/zadecu.org\\\/#\\\/schema\\\/logo\\\/image\\\/\",\"url\":\"http:\\\/\\\/zadecu.org\\\/wp-content\\\/uploads\\\/2019\\\/07\\\/MODS_logo_veci.jpg\",\"contentUrl\":\"http:\\\/\\\/zadecu.org\\\/wp-content\\\/uploads\\\/2019\\\/07\\\/MODS_logo_veci.jpg\",\"width\":798,\"height\":335,\"caption\":\"Mre\u017ea organizacija za decu Srbije MODS\"},\"image\":{\"@id\":\"https:\\\/\\\/zadecu.org\\\/#\\\/schema\\\/logo\\\/image\\\/\"},\"sameAs\":[\"https:\\\/\\\/www.facebook.com\\\/zadecuMODS\\\/\",\"https:\\\/\\\/x.com\\\/zadecuMODS\",\"https:\\\/\\\/www.instagram.com\\\/zadecuMODS\\\/\",\"https:\\\/\\\/www.youtube.com\\\/channel\\\/UC1JWUdo0NzgZJFne1EdFX9A\"]},{\"@type\":\"Person\",\"@id\":\"https:\\\/\\\/zadecu.org\\\/#\\\/schema\\\/person\\\/ad4f6997e66e4470c1ef6d15dd97b57e\",\"name\":\"MODS\",\"image\":{\"@type\":\"ImageObject\",\"inLanguage\":\"en-US\",\"@id\":\"https:\\\/\\\/secure.gravatar.com\\\/avatar\\\/60ee1947f5945cecca76529f5ef348f68d8e771648dbf26d5a30dac2000a09f7?s=96&d=mm&r=g\",\"url\":\"https:\\\/\\\/secure.gravatar.com\\\/avatar\\\/60ee1947f5945cecca76529f5ef348f68d8e771648dbf26d5a30dac2000a09f7?s=96&d=mm&r=g\",\"contentUrl\":\"https:\\\/\\\/secure.gravatar.com\\\/avatar\\\/60ee1947f5945cecca76529f5ef348f68d8e771648dbf26d5a30dac2000a09f7?s=96&d=mm&r=g\",\"caption\":\"MODS\"},\"sameAs\":[\"https:\\\/\\\/www.facebook.com\\\/zadecuMODS\\\/\",\"https:\\\/\\\/x.com\\\/zadecuMODS\"],\"url\":\"https:\\\/\\\/zadecu.org\\\/en\\\/author\\\/ognjen\\\/\"}]}<\/script>\n<!-- \/ Yoast SEO plugin. -->","yoast_head_json":{"title":"Regulate platforms, not children \u2013 Commissioner urges caution over social media bans - Mre\u017ea organizacija za decu Srbije","description":"As several European countries consider introducing a minimum age to access social media platforms, I urge caution in imposing sweeping bans.","robots":{"index":"index","follow":"follow","max-snippet":"max-snippet:-1","max-image-preview":"max-image-preview:large","max-video-preview":"max-video-preview:-1"},"canonical":"https:\/\/zadecu.org\/en\/regulate-platforms-not-children-commissioner-urges-caution-over-social-media-bans\/","og_locale":"en_US","og_type":"article","og_title":"Regulate platforms, not children \u2013 Commissioner urges caution over social media bans - Mre\u017ea organizacija za decu Srbije","og_description":"As several European countries consider introducing a minimum age to access social media platforms, I urge caution in imposing sweeping bans.","og_url":"https:\/\/zadecu.org\/en\/regulate-platforms-not-children-commissioner-urges-caution-over-social-media-bans\/","og_site_name":"Mre\u017ea organizacija za decu Srbije","article_publisher":"https:\/\/www.facebook.com\/zadecuMODS\/","article_author":"https:\/\/www.facebook.com\/zadecuMODS\/","article_published_time":"2026-04-06T09:28:28+00:00","article_modified_time":"2026-04-06T09:28:29+00:00","og_image":[{"width":870,"height":489,"url":"https:\/\/zadecu.org\/wp-content\/uploads\/2026\/04\/shoutout-Social-media-ban-2026-870x489_11zon.webp","type":"image\/webp"}],"author":"MODS","twitter_card":"summary_large_image","twitter_creator":"@zadecuMODS","twitter_site":"@zadecuMODS","twitter_misc":{"Written by":"MODS","Est. reading time":"3 minutes"},"schema":{"@context":"https:\/\/schema.org","@graph":[{"@type":"Article","@id":"https:\/\/zadecu.org\/en\/regulate-platforms-not-children-commissioner-urges-caution-over-social-media-bans\/#article","isPartOf":{"@id":"https:\/\/zadecu.org\/en\/regulate-platforms-not-children-commissioner-urges-caution-over-social-media-bans\/"},"author":{"name":"MODS","@id":"https:\/\/zadecu.org\/#\/schema\/person\/ad4f6997e66e4470c1ef6d15dd97b57e"},"headline":"Regulate platforms, not children \u2013 Commissioner urges caution over social media bans","datePublished":"2026-04-06T09:28:28+00:00","dateModified":"2026-04-06T09:28:29+00:00","mainEntityOfPage":{"@id":"https:\/\/zadecu.org\/en\/regulate-platforms-not-children-commissioner-urges-caution-over-social-media-bans\/"},"wordCount":364,"publisher":{"@id":"https:\/\/zadecu.org\/#organization"},"image":{"@id":"https:\/\/zadecu.org\/en\/regulate-platforms-not-children-commissioner-urges-caution-over-social-media-bans\/#primaryimage"},"thumbnailUrl":"https:\/\/zadecu.org\/wp-content\/uploads\/2026\/04\/shoutout-Social-media-ban-2026-870x489_11zon.webp","keywords":["Convention on the Rights of the Child","Protection from violence","Social media"],"articleSection":["Protection from violence"],"inLanguage":"en-US"},{"@type":"WebPage","@id":"https:\/\/zadecu.org\/en\/regulate-platforms-not-children-commissioner-urges-caution-over-social-media-bans\/","url":"https:\/\/zadecu.org\/en\/regulate-platforms-not-children-commissioner-urges-caution-over-social-media-bans\/","name":"Regulate platforms, not children \u2013 Commissioner urges caution over social media bans - Mre\u017ea organizacija za decu Srbije","isPartOf":{"@id":"https:\/\/zadecu.org\/#website"},"primaryImageOfPage":{"@id":"https:\/\/zadecu.org\/en\/regulate-platforms-not-children-commissioner-urges-caution-over-social-media-bans\/#primaryimage"},"image":{"@id":"https:\/\/zadecu.org\/en\/regulate-platforms-not-children-commissioner-urges-caution-over-social-media-bans\/#primaryimage"},"thumbnailUrl":"https:\/\/zadecu.org\/wp-content\/uploads\/2026\/04\/shoutout-Social-media-ban-2026-870x489_11zon.webp","datePublished":"2026-04-06T09:28:28+00:00","dateModified":"2026-04-06T09:28:29+00:00","description":"As several European countries consider introducing a minimum age to access social media platforms, I urge caution in imposing sweeping bans.","breadcrumb":{"@id":"https:\/\/zadecu.org\/en\/regulate-platforms-not-children-commissioner-urges-caution-over-social-media-bans\/#breadcrumb"},"inLanguage":"en-US","potentialAction":[{"@type":"ReadAction","target":["https:\/\/zadecu.org\/en\/regulate-platforms-not-children-commissioner-urges-caution-over-social-media-bans\/"]}]},{"@type":"ImageObject","inLanguage":"en-US","@id":"https:\/\/zadecu.org\/en\/regulate-platforms-not-children-commissioner-urges-caution-over-social-media-bans\/#primaryimage","url":"https:\/\/zadecu.org\/wp-content\/uploads\/2026\/04\/shoutout-Social-media-ban-2026-870x489_11zon.webp","contentUrl":"https:\/\/zadecu.org\/wp-content\/uploads\/2026\/04\/shoutout-Social-media-ban-2026-870x489_11zon.webp","width":870,"height":489},{"@type":"BreadcrumbList","@id":"https:\/\/zadecu.org\/en\/regulate-platforms-not-children-commissioner-urges-caution-over-social-media-bans\/#breadcrumb","itemListElement":[{"@type":"ListItem","position":1,"name":"Home","item":"https:\/\/zadecu.org\/en\/"},{"@type":"ListItem","position":2,"name":"Regulate platforms, not children \u2013 Commissioner urges caution over social media bans"}]},{"@type":"WebSite","@id":"https:\/\/zadecu.org\/#website","url":"https:\/\/zadecu.org\/","name":"Mre\u017ea organizacija za decu Srbije","description":"Savez organizacija civilnog dru\u0161tva koje se bave za\u0161titom i promocijom prava deteta u Srbiji","publisher":{"@id":"https:\/\/zadecu.org\/#organization"},"potentialAction":[{"@type":"SearchAction","target":{"@type":"EntryPoint","urlTemplate":"https:\/\/zadecu.org\/?s={search_term_string}"},"query-input":{"@type":"PropertyValueSpecification","valueRequired":true,"valueName":"search_term_string"}}],"inLanguage":"en-US"},{"@type":"Organization","@id":"https:\/\/zadecu.org\/#organization","name":"Mre\u017ea organizacija za decu Srbije MODS","url":"https:\/\/zadecu.org\/","logo":{"@type":"ImageObject","inLanguage":"en-US","@id":"https:\/\/zadecu.org\/#\/schema\/logo\/image\/","url":"http:\/\/zadecu.org\/wp-content\/uploads\/2019\/07\/MODS_logo_veci.jpg","contentUrl":"http:\/\/zadecu.org\/wp-content\/uploads\/2019\/07\/MODS_logo_veci.jpg","width":798,"height":335,"caption":"Mre\u017ea organizacija za decu Srbije MODS"},"image":{"@id":"https:\/\/zadecu.org\/#\/schema\/logo\/image\/"},"sameAs":["https:\/\/www.facebook.com\/zadecuMODS\/","https:\/\/x.com\/zadecuMODS","https:\/\/www.instagram.com\/zadecuMODS\/","https:\/\/www.youtube.com\/channel\/UC1JWUdo0NzgZJFne1EdFX9A"]},{"@type":"Person","@id":"https:\/\/zadecu.org\/#\/schema\/person\/ad4f6997e66e4470c1ef6d15dd97b57e","name":"MODS","image":{"@type":"ImageObject","inLanguage":"en-US","@id":"https:\/\/secure.gravatar.com\/avatar\/60ee1947f5945cecca76529f5ef348f68d8e771648dbf26d5a30dac2000a09f7?s=96&d=mm&r=g","url":"https:\/\/secure.gravatar.com\/avatar\/60ee1947f5945cecca76529f5ef348f68d8e771648dbf26d5a30dac2000a09f7?s=96&d=mm&r=g","contentUrl":"https:\/\/secure.gravatar.com\/avatar\/60ee1947f5945cecca76529f5ef348f68d8e771648dbf26d5a30dac2000a09f7?s=96&d=mm&r=g","caption":"MODS"},"sameAs":["https:\/\/www.facebook.com\/zadecuMODS\/","https:\/\/x.com\/zadecuMODS"],"url":"https:\/\/zadecu.org\/en\/author\/ognjen\/"}]}},"_links":{"self":[{"href":"https:\/\/zadecu.org\/en\/wp-json\/wp\/v2\/posts\/14563","targetHints":{"allow":["GET"]}}],"collection":[{"href":"https:\/\/zadecu.org\/en\/wp-json\/wp\/v2\/posts"}],"about":[{"href":"https:\/\/zadecu.org\/en\/wp-json\/wp\/v2\/types\/post"}],"author":[{"embeddable":true,"href":"https:\/\/zadecu.org\/en\/wp-json\/wp\/v2\/users\/3"}],"replies":[{"embeddable":true,"href":"https:\/\/zadecu.org\/en\/wp-json\/wp\/v2\/comments?post=14563"}],"version-history":[{"count":0,"href":"https:\/\/zadecu.org\/en\/wp-json\/wp\/v2\/posts\/14563\/revisions"}],"wp:featuredmedia":[{"embeddable":true,"href":"https:\/\/zadecu.org\/en\/wp-json\/wp\/v2\/media\/14564"}],"wp:attachment":[{"href":"https:\/\/zadecu.org\/en\/wp-json\/wp\/v2\/media?parent=14563"}],"wp:term":[{"taxonomy":"category","embeddable":true,"href":"https:\/\/zadecu.org\/en\/wp-json\/wp\/v2\/categories?post=14563"},{"taxonomy":"post_tag","embeddable":true,"href":"https:\/\/zadecu.org\/en\/wp-json\/wp\/v2\/tags?post=14563"}],"curies":[{"name":"wp","href":"https:\/\/api.w.org\/{rel}","templated":true}]}}