
{"id":14476,"date":"2026-02-13T15:59:35","date_gmt":"2026-02-13T15:59:35","guid":{"rendered":"https:\/\/zadecu.org\/?p=14476"},"modified":"2026-02-13T15:59:36","modified_gmt":"2026-02-13T15:59:36","slug":"to-ban-or-not-to-ban-that-should-not-be-the-question","status":"publish","type":"post","link":"https:\/\/zadecu.org\/en\/to-ban-or-not-to-ban-that-should-not-be-the-question\/","title":{"rendered":"To Ban Or Not To Ban?: That Should Not Be The Question"},"content":{"rendered":"<p style=\"text-align: center;\"><em>CRIN &#8211; CHILD RIGHTS INTERNATIONAL NETWORK<\/em><\/p>\n<p style=\"text-align: justify;\">To ban or not to ban social media for children? That is the question many countries are considering worldwide, starting with\u00a0<u><a href=\"https:\/\/www.theguardian.com\/australia-news\/2025\/dec\/09\/australia-under-16-social-media-ban-begins-apps-listed\" target=\"_blank\" rel=\"noopener\">Australia<\/a><\/u>\u00a0which, in December 2025 became the first to pass a law that excludes under-16s from\u00a0<u><a href=\"https:\/\/www.esafety.gov.au\/about-us\/industry-regulation\/social-media-age-restrictions\/which-platforms-are-age-restricted\" target=\"_blank\" rel=\"noopener\">some social media<\/a><\/u>. The next month,\u00a0<a href=\"https:\/\/www.gov.uk\/government\/news\/government-to-drive-action-to-improve-childrens-relationship-with-mobile-phones-and-social-media\" target=\"_blank\" rel=\"noopener\"><u>the UK Government<\/u><\/a>\u00a0announced a consultation on the issue. There are ongoing discussions around an\u00a0<a href=\"https:\/\/www.europarl.europa.eu\/news\/en\/press-room\/20251120IPR31496\/children-should-be-at-least-16-to-access-social-media-say-meps\" target=\"_blank\" rel=\"noopener\"><u>EU<\/u><\/a>\u00a0digital minimum age for access to social media. And the debate continues to gain momentum\u00a0<a href=\"https:\/\/www.reuters.com\/world\/asia-pacific\/australia-europe-countries-move-curb-childrens-social-media-access-2025-12-09\/\" target=\"_blank\" rel=\"noopener\"><u>in more and more countries<\/u><\/a>, from\u00a0<a href=\"https:\/\/www.reuters.com\/sustainability\/society-equity\/denmark-set-ban-social-media-platforms-children-under-15-2025-11-07\/\" target=\"_blank\" rel=\"noopener\"><u>Denmark<\/u><\/a>,\u00a0<a href=\"https:\/\/www.theguardian.com\/world\/2026\/jan\/27\/france-social-media-ban-under-15s\" target=\"_blank\" rel=\"noopener\"><u>France<\/u><\/a>\u00a0and\u00a0<a href=\"https:\/\/www.euractiv.com\/news\/spain-moves-to-ban-social-media-for-under-16s\/\" target=\"_blank\" rel=\"noopener\"><u>Spain<\/u><\/a>\u00a0to\u00a0<a href=\"https:\/\/www.multistate.us\/insider\/2025\/10\/8\/eight-states-enact-minor-social-media-bans-despite-court-fights\" target=\"_blank\" rel=\"noopener\"><u>several US states<\/u><\/a>,\u00a0<a href=\"https:\/\/www.independent.co.uk\/bulletin\/news\/social-media-ban-india-under-16s-b2911404.html\" target=\"_blank\" rel=\"noopener\"><u>India<\/u><\/a>,\u00a0<a href=\"https:\/\/www.nst.com.my\/news\/nation\/2025\/11\/1321197\/updated-govt-targets-2026-rollout-ban-social-media-accounts-children?_ga=2.19729272.1760370696.1764214447-1163169888.1764214447\" target=\"_blank\" rel=\"noopener\"><u>Malaysia<\/u>\u00a0<\/a>and\u00a0<a href=\"https:\/\/missionmedia.asia\/indonesia-2026-child-social-media-restrictions-pp-tunas\/\" target=\"_blank\" rel=\"noopener\"><u>Indonesia<\/u><\/a>.<\/p>\n<p style=\"text-align: justify;\">Proponents for bans\u00a0<a href=\"https:\/\/humanrights.gov.au\/__data\/assets\/file\/0016\/65104\/Online-Safety-Amendment-Social-Media-Minimum-Age-Bill-2024-Submission_0.pdf\" target=\"_blank\" rel=\"noopener\"><u>emphasise<\/u><\/a>\u00a0the need to safeguard children\u2019s psychological and emotional well-being, promote healthy development, mitigate the exploitation of children\u2019s personal data, and empower parents to better guide their children\u2019s online activities. Opponents of the bans, a group that perhaps counter-intuitively includes many\u00a0<a href=\"https:\/\/mollyrosefoundation.org\/wp-content\/uploads\/2026\/01\/Joint-statement-from-childrens-and-online-safety-organisations-experts-and-bereaved-families-on-a-social-media-ban-for-under-16s.pdf\" target=\"_blank\" rel=\"noopener\"><u>children\u2019s and online safety<\/u><\/a>\u00a0organisations,\u00a0<a href=\"https:\/\/www.lse.ac.uk\/media-and-communications\/research\/research-projects\/eu-kids-online\/bans\" target=\"_blank\" rel=\"noopener\"><u>argue<\/u><\/a>\u00a0that they limit children\u2019s ability to exercise the full range of their rights, including the ability to develop, share and look for ideas, connect with others, organise themselves politically, explore and shape their identities, and learn, play and more.<\/p>\n<p style=\"text-align: justify;\">These arguments in favour and against social media bans illustrate an ongoing binary approach to children\u2019s place in the digital world, and it is difficult to talk about the issue without reinforcing the divide in the debate. This alone points to the need for a more nuanced and deliberative approach, one which critically examines things. What if \u201cto ban or not to ban\u201d is the wrong question? And if it is, then where should we start instead?<\/p>\n<h4 style=\"text-align: justify;\">How do social media bans affect the debates on children and the digital environment?<\/h4>\n<p style=\"text-align: justify;\">One question always seems to run through the debates on children and the digital world: should the approach focus on protecting children online\u00a0<i>or<\/i>\u00a0on empowering them to freely explore the world around them?<\/p>\n<p style=\"text-align: justify;\">The problem with this question &#8211; which CRIN has\u00a0<a href=\"https:\/\/home.crin.org\/readlistenwatch\/stories\/privacy-and-protection\" target=\"_blank\" rel=\"noopener\"><u>visited<\/u><\/a>\u00a0previously &#8211; is that it frames the issue as\u00a0<i>either\/or<\/i>. But this is a false dilemma: should children not be able to access digital spaces\u00a0<i>and<\/i>\u00a0be safe while doing so? These two things are not incompatible. Yet what we are seeing is that, with a rising number of countries considering bans as the apparent solution to the problems children face on social media, mainstream approaches are prioritising protection over access and connection.<\/p>\n<p style=\"text-align: justify;\">It is uncritically assumed that bans are the best way to achieve protection. We have seen this prohibitionist argument before: it is\u00a0<a href=\"https:\/\/home.crin.org\/readlistenwatch\/stories\/eliminating-age-discrimination-lockdown-curfews\" target=\"_blank\" rel=\"noopener\"><u>regrettably<\/u><\/a>\u00a0<a href=\"https:\/\/archive.crin.org\/en\/library\/publications\/labour-rights-child-labour-and-protecting-working-children.html\" target=\"_blank\" rel=\"noopener\"><u>often<\/u><\/a>\u00a0made about children. But bans bypass the whole conversation about what\u00a0<i>effective<\/i>\u00a0protection looks like.<\/p>\n<p style=\"text-align: justify;\">Ban-solutionism &#8211; the belief that banning something is the same as solving it &#8211; promises us safety but sidesteps the complicated reality of what children face and fails to define the problem. To help us unpack this, we should be looking at the full range of children\u2019s rights, which covers the protection and empowerment of children, in all their complexity.<\/p>\n<h4 style=\"text-align: justify;\">How should we approach a rights-based discussion on social media bans?<\/h4>\n<p style=\"text-align: justify;\">Examining the impact of social media bans on children requires an appreciation of the full range of their human rights, with none existing in isolation or being more important than others. The\u00a0<a href=\"https:\/\/www.ohchr.org\/en\/instruments-mechanisms\/instruments\/convention-rights-child\" target=\"_blank\" rel=\"noopener\"><u>UN Convention on the Rights of the Child<\/u><\/a>\u00a0(CRC) shows us the breadth of human rights that children have both online and offline, among which we find children\u2019s rights to protection from violence and protection from information and material \u201cinjurious to their well-being\u201d, as well as the rights to non-discrimination, freedom of expression and information, free association and peaceful assembly, privacy, health, education and development, culture, leisure and play. And what is fundamental about these rights is that they are universal (they apply to all children), indivisible (no right is more important than another), and interdependent (the realisation of one right depends on the fulfilment of the others).<\/p>\n<p style=\"text-align: justify;\">Considering this broad range of rights, the impact of social media bans is complex. This is consistent with\u00a0<a href=\"https:\/\/theconversation.com\/social-media-has-complex-effects-on-adolescent-wellbeing-and-policymakers-must-take-note-243213\" target=\"_blank\" rel=\"noopener\"><u>available evidence<\/u><\/a>, which\u00a0<a href=\"https:\/\/www.sciencemediacentre.org\/expert-comments-on-evidence-on-benefits-and-harms-of-social-media-and-social-media-bans-on-young-people\/\" target=\"_blank\" rel=\"noopener\"><u>does not support<\/u><\/a>\u00a0\u201csimple or universal claims that social media use is inherently harmful\u201d. Some social media is indeed toxic and it can be a tool for committing\u00a0<a href=\"https:\/\/www.weprotect.org\/global-threat-assessment-23\/analysis-sexual-threats-children-face-online\/\" target=\"_blank\" rel=\"noopener\"><u>the most serious crimes<\/u><\/a>\u00a0against children, but there is nothing about the concept of social media itself that makes it so.<\/p>\n<h4 style=\"text-align: justify;\">How do social media bans impact children\u2019s rights?<\/h4>\n<p style=\"text-align: justify;\"><b>Take protection from violence.<\/b>\u00a0The assumption is that banning children from social media could shelter them from contact with\u00a0<a href=\"https:\/\/safeonline.global\/wp-content\/uploads\/2023\/12\/DH-data-insights-7-EVAC-131223.pdf\" target=\"_blank\" rel=\"noopener\"><u>perpetrators of online child sexual abuse<\/u><\/a>\u00a0or protect them from the mental violence caused by\u00a0<a href=\"https:\/\/www.weprotect.org\/wp-content\/uploads\/A-web-of-deceit-Financial-sexual-extortion-of-children-and-young-people-June-2024.pdf\" target=\"_blank\" rel=\"noopener\"><u>financial sexual extortion<\/u><\/a>.<\/p>\n<p style=\"text-align: justify;\">In reality, bans could also prevent children who are already facing violence from finding advice and understanding from peers and professionals in online support groups accessed via social media. Such children could feel\u00a0<a href=\"https:\/\/www.savethechildren.net\/news\/australias-social-media-ban-under-16s-could-put-children-greater-risk\" target=\"_blank\" rel=\"noopener\"><u>increased shame<\/u><\/a>\u00a0and isolation, which might stop them from seeking help altogether, thereby leaving them vulnerable to continued violence. There are ways to circumvent bans by keeping users\u2019 circumstances (location or age) private. But the assumption will be that most children will not use social media following a ban, which removes the incentive to make platforms safe for children in general. Younger children who will manage to access social media somehow will find themselves in\u00a0<a href=\"https:\/\/www.oaic.gov.au\/news\/blog\/laws-not-bans-can-make-kids-safer-online\" target=\"_blank\" rel=\"noopener\"><u>even lower-quality environments<\/u><\/a>\u00a0than now. Some might even be\u00a0<a href=\"https:\/\/www.theregister.com\/2024\/02\/16\/dark_web_kids_limit_uk\/\" target=\"_blank\" rel=\"noopener\"><u>driven to the dark web<\/u><\/a>.<\/p>\n<p style=\"text-align: justify;\">But even supposing the majority do respect the prohibition,\u00a0<a href=\"https:\/\/swgfl.org.uk\/magazine\/why-a-social-media-ban-for-under-16s-isn-t-the-right-answer\/#:~:text=An%20Easy%20but%20Flawed%20Solution&amp;text=Children%20would%20not%20disappear%20from,specific%20risks%20these%20children%20face.\" target=\"_blank\" rel=\"noopener\"><u>bans create a \u201ccliff edge\u201d<\/u><\/a>\u00a0when children turn the age required to join social media. Birthdays are not magic moments of sudden wisdom and resilience: having only known a low-tech, rudimentary, sanitised digital space, children will gain immediate access to high-risk social media &#8211; but without having gradually developed the skills to navigate it safely and, as per the CRC, in a manner consistent with their evolving capacities. Welcome to the jungle.<\/p>\n<p style=\"text-align: justify;\"><b>Next, take mental health.<\/b>\u00a0Social media\u00a0<a href=\"https:\/\/www.youngminds.org.uk\/young-person\/coping-with-life\/social-media-and-mental-health\/\" target=\"_blank\" rel=\"noopener\"><u>can<\/u><\/a>\u00a0make children compare themselves to others, increase their fear of missing out, keep them in echo chambers, put them under pressure to reply and keep up to date, feed them overwhelming or triggering content and cause sleep problems. Some social media even contains\u00a0<a href=\"https:\/\/www.theguardian.com\/society\/2025\/may\/31\/more-than-half-of-top-100-mental-health-tiktoks-contain-misinformation-study-finds\" target=\"_blank\" rel=\"noopener\"><u>misinformation<\/u><\/a>\u00a0about mental health. Based on this, it would seem that banning social media could be beneficial to children&#8217;s mental health.<\/p>\n<p style=\"text-align: justify;\">But social media can also have\u00a0<a href=\"https:\/\/www.youngminds.org.uk\/young-person\/coping-with-life\/social-media-and-mental-health\/\" target=\"_blank\" rel=\"noopener\"><u>positive impacts<\/u><\/a>\u00a0on children\u2019s mental health by helping them build community, see themselves represented in different experiences, get creative, find inspiration for activities, support causes they care about, or find education and work experiences. Plus, bans would\u00a0<a href=\"https:\/\/pmc.ncbi.nlm.nih.gov\/articles\/PMC9536523\/\" target=\"_blank\" rel=\"noopener\"><u>negatively<\/u><\/a>\u00a0<a href=\"https:\/\/everyonecan.org.uk\/social-media-as-a-communication-tool-for-disabled-people\/\" target=\"_blank\" rel=\"noopener\"><u>impact<\/u><\/a>\u00a0the mental well-being of those from disadvantaged or marginalised communities in particular, like\u00a0<a href=\"https:\/\/saferinternet.org.uk\/blog\/lgbt-history-month-why-is-the-internet-important-for-lgbt-young-people-and-what-can-parents-and-carers-do-to-help-them-stay-safe\" target=\"_blank\" rel=\"noopener\"><u>LGBT+<\/u><\/a>\u00a0<a href=\"https:\/\/www.sbs.com.au\/news\/the-feed\/article\/what-these-aussie-kids-want-you-to-know-about-the-social-media-ban\/wfcxod6ib\" target=\"_blank\" rel=\"noopener\"><u>children<\/u><\/a>\u00a0or\u00a0<a href=\"https:\/\/councilfordisabledchildren.org.uk\/what-we-do-0\/impact-engagement\/involving-young-people\/active-voice\/flare-blogs\/louises-blog-social\" target=\"_blank\" rel=\"noopener\"><u>children with disabilities<\/u><\/a>, by preventing them from accessing spaces where they feel safe to be themselves.<\/p>\n<p style=\"text-align: justify;\"><b>Now take privacy.<\/b>\u00a0The claim is that bans could\u00a0<a href=\"https:\/\/humanrights.gov.au\/__data\/assets\/file\/0016\/65104\/Online-Safety-Amendment-Social-Media-Minimum-Age-Bill-2024-Submission_0.pdf\" target=\"_blank\" rel=\"noopener\"><u>address concerns around the exploitation of children&#8217;s data<\/u><\/a>\u00a0by limiting the amount of personal data about children collected by companies.<\/p>\n<p style=\"text-align: justify;\">In fact, bans are extremely intrusive because of the need to identify who is a child, potentially by checking every user\u2019s age &#8211; adults as well as children. Bans could increase the processing of personal data, raising questions about how age-checking could be done effectively and\u00a0<a href=\"https:\/\/humanrights.gov.au\/__data\/assets\/file\/0016\/65104\/Online-Safety-Amendment-Social-Media-Minimum-Age-Bill-2024-Submission_0.pdf\" target=\"_blank\" rel=\"noopener\"><u>what the impact would be on privacy<\/u><\/a>.<\/p>\n<p style=\"text-align: justify;\"><b>And crucially, take children\u2019s right to be heard.<\/b>\u00a0It is true that some children\u00a0<a href=\"https:\/\/www.internetmatters.org\/hub\/research\/childrens-perspectives-on-restricting-social-media-for-under-16s\/\" target=\"_blank\" rel=\"noopener\"><u>think<\/u><\/a>\u00a0that social media bans could encourage them to socialise more in person, exercise more, engage more in hobbies, and break free from addiction and exposure to unrealistic standards.<\/p>\n<p style=\"text-align: justify;\">But children, just like adults, hold a variety of opinions. Surveys already show that many under-18s are either\u00a0<a href=\"https:\/\/www.bbc.co.uk\/news\/articles\/c8x40qplk15o\" target=\"_blank\" rel=\"noopener\"><u>clearly opposed to<\/u><\/a>\u00a0or have\u00a0<a href=\"https:\/\/www.internetmatters.org\/hub\/research\/childrens-perspectives-on-restricting-social-media-for-under-16s\/\" target=\"_blank\" rel=\"noopener\"><u>very mixed<\/u><\/a>\u00a0<a href=\"https:\/\/www.nytimes.com\/2023\/11\/30\/learning\/what-students-are-saying-about-school-cellphone-bans.html\" target=\"_blank\" rel=\"noopener\"><u>feelings<\/u><\/a>\u00a0about bans, feeling that the drawbacks of social media\u00a0<a href=\"https:\/\/www.internetmatters.org\/hub\/research\/childrens-perspectives-on-restricting-social-media-for-under-16s\/\" target=\"_blank\" rel=\"noopener\"><u>are not significant enough<\/u><\/a>\u00a0to justify a ban. It does not seem like these views are being seriously and carefully considered by policymakers.\u00a0<a href=\"https:\/\/home.crin.org\/issues\/childrens-rights-and-democracy\" target=\"_blank\" rel=\"noopener\"><u>Meaningful consultation<\/u><\/a>\u00a0with children in matters which affect them is an absolute must; it is their right, not an afterthought, as\u00a0<a href=\"https:\/\/www.sbs.com.au\/news\/the-feed\/article\/what-these-aussie-kids-want-you-to-know-about-the-social-media-ban\/wfcxod6ib\" target=\"_blank\" rel=\"noopener\"><u>seems<\/u><\/a>\u00a0to have been the case in Australia.<\/p>\n<h4 style=\"text-align: justify;\">Are social media bans necessary and proportionate?<\/h4>\n<p style=\"text-align: justify;\">All this considered, can we really say bans are a compelling answer to the legitimate concerns around children and social media? Under human rights law, some children\u2019s rights (such as free expression and privacy) can be restricted by measures aimed at respecting other rights (such as protecting children from violence). However, these measures must be both necessary and proportionate. This forces us to ask if the measures proposed will be effective in achieving their aim and if there is a way of achieving that aim that is less restrictive on the rights that the measures limit.<\/p>\n<p style=\"text-align: justify;\">As we have seen above, the necessity and proportionality of bans are extremely doubtful because they can leave children vulnerable to violence, stifle children\u2019s positive digital experiences and further isolate those who are disadvantaged and marginalised. This is happening because children\u2019s rights in their entirety have not been the priority in policy debates, even though rights are fundamental in helping us think about what good policy-making looks like.<\/p>\n<h4 style=\"text-align: justify;\">Where do we go from here?<\/h4>\n<p style=\"text-align: justify;\">\u201cTo ban or not to ban\u201d is the wrong question &#8211; we need to start asking the right questions instead. Rather than ban-solutionism, the starting point in developing a rights-respecting, effective response to the impact of social media on children could be to ask:<\/p>\n<ul style=\"text-align: justify;\">\n<li>How do we currently understand children\u2019s access to social media based on their age (e.g. 13 under many platforms\u2019 terms and conditions) and evolving capacities?<\/li>\n<li>What laws do we already have in place and what issues are they meant to address? Are these laws adequate and properly enforced? Do we need new laws at this stage?<\/li>\n<li>If children do not benefit from ban-solutionism, who does?<\/li>\n<li>How could a whole-of-society approach that does not look at social media in isolation (covering platforms, parents, health services, educational settings and more) give children full opportunities for protection and connection?<\/li>\n<\/ul>\n<p style=\"text-align: justify;\">In the coming weeks, we will be exploring all of this in more depth, through articles and explainers focused on how to understand the current landscape, how we respond to the challenges of social media with nuance and how we build the digital world we want\u00a0<i>for<\/i>\u00a0and\u00a0<i>with<\/i>\u00a0children.<\/p>\n<hr \/>\n<p style=\"text-align: justify;\">CRIN: This piece is co-published with <a href=\"https:\/\/defenddigitalme.org\/\" target=\"_blank\" rel=\"noopener\"><u>Defend Digital Me<\/u><\/a>.<\/p>\n<p>Source: <a href=\"https:\/\/home.crin.org\/the-big-debates\/to-ban-or-not-to-ban-that-should-not-be-the-question?utm_source=CRINmail&amp;utm_campaign=e1565a282b-EMAIL_CAMPAIGN_2019_01_23_02_30_COPY_02&amp;utm_medium=email&amp;utm_term=0_3c71669035-e1565a282b-506177251\">CRIN<\/a><\/p>\n\n\n<p class=\"wp-block-paragraph\"><\/p>\n","protected":false},"excerpt":{"rendered":"<p>CRIN &#8211; CHILD RIGHTS INTERNATIONAL NETWORK To ban or not to ban social media for children? That is the question many countries are considering worldwide, starting with\u00a0Australia\u00a0which, in December 2025 became the first to pass a law that excludes under-16s from\u00a0some social media. The next month,\u00a0the UK Government\u00a0announced a consultation on the issue. There are [&hellip;]<\/p>\n","protected":false},"author":3,"featured_media":14479,"comment_status":"closed","ping_status":"closed","sticky":false,"template":"","format":"standard","meta":{"footnotes":""},"categories":[52],"tags":[117],"class_list":["post-14476","post","type-post","status-publish","format-standard","has-post-thumbnail","hentry","category-uncategorized","tag-convention-on-the-rights-of-the-child"],"yoast_head":"<!-- This site is optimized with the Yoast SEO plugin v28.0 - https:\/\/yoast.com\/product\/yoast-seo-wordpress\/ -->\n<title>To Ban Or Not To Ban?: That Should Not Be The Question - Mre\u017ea organizacija za decu Srbije<\/title>\n<meta name=\"description\" content=\"To ban or not to ban social media for children? That is the question many countries are considering worldwide, starting with\u00a0Australia\u00a0which\" \/>\n<meta name=\"robots\" content=\"index, follow, max-snippet:-1, max-image-preview:large, max-video-preview:-1\" \/>\n<link rel=\"canonical\" href=\"https:\/\/zadecu.org\/en\/to-ban-or-not-to-ban-that-should-not-be-the-question\/\" \/>\n<meta property=\"og:locale\" content=\"en_US\" \/>\n<meta property=\"og:type\" content=\"article\" \/>\n<meta property=\"og:title\" content=\"To Ban Or Not To Ban?: That Should Not Be The Question - Mre\u017ea organizacija za decu Srbije\" \/>\n<meta property=\"og:description\" content=\"To ban or not to ban social media for children? That is the question many countries are considering worldwide, starting with\u00a0Australia\u00a0which\" \/>\n<meta property=\"og:url\" content=\"https:\/\/zadecu.org\/en\/to-ban-or-not-to-ban-that-should-not-be-the-question\/\" \/>\n<meta property=\"og:site_name\" content=\"Mre\u017ea organizacija za decu Srbije\" \/>\n<meta property=\"article:publisher\" content=\"https:\/\/www.facebook.com\/zadecuMODS\/\" \/>\n<meta property=\"article:author\" content=\"https:\/\/www.facebook.com\/zadecuMODS\/\" \/>\n<meta property=\"article:published_time\" content=\"2026-02-13T15:59:35+00:00\" \/>\n<meta property=\"article:modified_time\" content=\"2026-02-13T15:59:36+00:00\" \/>\n<meta property=\"og:image\" content=\"https:\/\/zadecu.org\/wp-content\/uploads\/2026\/02\/Social-media.webp\" \/>\n\t<meta property=\"og:image:width\" content=\"2235\" \/>\n\t<meta property=\"og:image:height\" content=\"1272\" \/>\n\t<meta property=\"og:image:type\" content=\"image\/webp\" \/>\n<meta name=\"author\" content=\"MODS\" \/>\n<meta name=\"twitter:card\" content=\"summary_large_image\" \/>\n<meta name=\"twitter:creator\" content=\"@zadecuMODS\" \/>\n<meta name=\"twitter:site\" content=\"@zadecuMODS\" \/>\n<meta name=\"twitter:label1\" content=\"Written by\" \/>\n\t<meta name=\"twitter:data1\" content=\"MODS\" \/>\n\t<meta name=\"twitter:label2\" content=\"Est. reading time\" \/>\n\t<meta name=\"twitter:data2\" content=\"10 minutes\" \/>\n<script type=\"application\/ld+json\" class=\"yoast-schema-graph\">{\"@context\":\"https:\\\/\\\/schema.org\",\"@graph\":[{\"@type\":\"Article\",\"@id\":\"https:\\\/\\\/zadecu.org\\\/en\\\/to-ban-or-not-to-ban-that-should-not-be-the-question\\\/#article\",\"isPartOf\":{\"@id\":\"https:\\\/\\\/zadecu.org\\\/en\\\/to-ban-or-not-to-ban-that-should-not-be-the-question\\\/\"},\"author\":{\"name\":\"MODS\",\"@id\":\"https:\\\/\\\/zadecu.org\\\/#\\\/schema\\\/person\\\/ad4f6997e66e4470c1ef6d15dd97b57e\"},\"headline\":\"To Ban Or Not To Ban?: That Should Not Be The Question\",\"datePublished\":\"2026-02-13T15:59:35+00:00\",\"dateModified\":\"2026-02-13T15:59:36+00:00\",\"mainEntityOfPage\":{\"@id\":\"https:\\\/\\\/zadecu.org\\\/en\\\/to-ban-or-not-to-ban-that-should-not-be-the-question\\\/\"},\"wordCount\":1733,\"publisher\":{\"@id\":\"https:\\\/\\\/zadecu.org\\\/#organization\"},\"image\":{\"@id\":\"https:\\\/\\\/zadecu.org\\\/en\\\/to-ban-or-not-to-ban-that-should-not-be-the-question\\\/#primaryimage\"},\"thumbnailUrl\":\"https:\\\/\\\/zadecu.org\\\/wp-content\\\/uploads\\\/2026\\\/02\\\/Social-media.webp\",\"keywords\":[\"Convention on the Rights of the Child\"],\"articleSection\":[\"News\"],\"inLanguage\":\"en-US\"},{\"@type\":\"WebPage\",\"@id\":\"https:\\\/\\\/zadecu.org\\\/en\\\/to-ban-or-not-to-ban-that-should-not-be-the-question\\\/\",\"url\":\"https:\\\/\\\/zadecu.org\\\/en\\\/to-ban-or-not-to-ban-that-should-not-be-the-question\\\/\",\"name\":\"To Ban Or Not To Ban?: That Should Not Be The Question - Mre\u017ea organizacija za decu Srbije\",\"isPartOf\":{\"@id\":\"https:\\\/\\\/zadecu.org\\\/#website\"},\"primaryImageOfPage\":{\"@id\":\"https:\\\/\\\/zadecu.org\\\/en\\\/to-ban-or-not-to-ban-that-should-not-be-the-question\\\/#primaryimage\"},\"image\":{\"@id\":\"https:\\\/\\\/zadecu.org\\\/en\\\/to-ban-or-not-to-ban-that-should-not-be-the-question\\\/#primaryimage\"},\"thumbnailUrl\":\"https:\\\/\\\/zadecu.org\\\/wp-content\\\/uploads\\\/2026\\\/02\\\/Social-media.webp\",\"datePublished\":\"2026-02-13T15:59:35+00:00\",\"dateModified\":\"2026-02-13T15:59:36+00:00\",\"description\":\"To ban or not to ban social media for children? That is the question many countries are considering worldwide, starting with\u00a0Australia\u00a0which\",\"breadcrumb\":{\"@id\":\"https:\\\/\\\/zadecu.org\\\/en\\\/to-ban-or-not-to-ban-that-should-not-be-the-question\\\/#breadcrumb\"},\"inLanguage\":\"en-US\",\"potentialAction\":[{\"@type\":\"ReadAction\",\"target\":[\"https:\\\/\\\/zadecu.org\\\/en\\\/to-ban-or-not-to-ban-that-should-not-be-the-question\\\/\"]}]},{\"@type\":\"ImageObject\",\"inLanguage\":\"en-US\",\"@id\":\"https:\\\/\\\/zadecu.org\\\/en\\\/to-ban-or-not-to-ban-that-should-not-be-the-question\\\/#primaryimage\",\"url\":\"https:\\\/\\\/zadecu.org\\\/wp-content\\\/uploads\\\/2026\\\/02\\\/Social-media.webp\",\"contentUrl\":\"https:\\\/\\\/zadecu.org\\\/wp-content\\\/uploads\\\/2026\\\/02\\\/Social-media.webp\",\"width\":2235,\"height\":1272},{\"@type\":\"BreadcrumbList\",\"@id\":\"https:\\\/\\\/zadecu.org\\\/en\\\/to-ban-or-not-to-ban-that-should-not-be-the-question\\\/#breadcrumb\",\"itemListElement\":[{\"@type\":\"ListItem\",\"position\":1,\"name\":\"Home\",\"item\":\"https:\\\/\\\/zadecu.org\\\/en\\\/\"},{\"@type\":\"ListItem\",\"position\":2,\"name\":\"To Ban Or Not To Ban?: That Should Not Be The Question\"}]},{\"@type\":\"WebSite\",\"@id\":\"https:\\\/\\\/zadecu.org\\\/#website\",\"url\":\"https:\\\/\\\/zadecu.org\\\/\",\"name\":\"Mre\u017ea organizacija za decu Srbije\",\"description\":\"Savez organizacija civilnog dru\u0161tva koje se bave za\u0161titom i promocijom prava deteta u Srbiji\",\"publisher\":{\"@id\":\"https:\\\/\\\/zadecu.org\\\/#organization\"},\"potentialAction\":[{\"@type\":\"SearchAction\",\"target\":{\"@type\":\"EntryPoint\",\"urlTemplate\":\"https:\\\/\\\/zadecu.org\\\/?s={search_term_string}\"},\"query-input\":{\"@type\":\"PropertyValueSpecification\",\"valueRequired\":true,\"valueName\":\"search_term_string\"}}],\"inLanguage\":\"en-US\"},{\"@type\":\"Organization\",\"@id\":\"https:\\\/\\\/zadecu.org\\\/#organization\",\"name\":\"Mre\u017ea organizacija za decu Srbije MODS\",\"url\":\"https:\\\/\\\/zadecu.org\\\/\",\"logo\":{\"@type\":\"ImageObject\",\"inLanguage\":\"en-US\",\"@id\":\"https:\\\/\\\/zadecu.org\\\/#\\\/schema\\\/logo\\\/image\\\/\",\"url\":\"http:\\\/\\\/zadecu.org\\\/wp-content\\\/uploads\\\/2019\\\/07\\\/MODS_logo_veci.jpg\",\"contentUrl\":\"http:\\\/\\\/zadecu.org\\\/wp-content\\\/uploads\\\/2019\\\/07\\\/MODS_logo_veci.jpg\",\"width\":798,\"height\":335,\"caption\":\"Mre\u017ea organizacija za decu Srbije MODS\"},\"image\":{\"@id\":\"https:\\\/\\\/zadecu.org\\\/#\\\/schema\\\/logo\\\/image\\\/\"},\"sameAs\":[\"https:\\\/\\\/www.facebook.com\\\/zadecuMODS\\\/\",\"https:\\\/\\\/x.com\\\/zadecuMODS\",\"https:\\\/\\\/www.instagram.com\\\/zadecuMODS\\\/\",\"https:\\\/\\\/www.youtube.com\\\/channel\\\/UC1JWUdo0NzgZJFne1EdFX9A\"]},{\"@type\":\"Person\",\"@id\":\"https:\\\/\\\/zadecu.org\\\/#\\\/schema\\\/person\\\/ad4f6997e66e4470c1ef6d15dd97b57e\",\"name\":\"MODS\",\"image\":{\"@type\":\"ImageObject\",\"inLanguage\":\"en-US\",\"@id\":\"https:\\\/\\\/secure.gravatar.com\\\/avatar\\\/60ee1947f5945cecca76529f5ef348f68d8e771648dbf26d5a30dac2000a09f7?s=96&d=mm&r=g\",\"url\":\"https:\\\/\\\/secure.gravatar.com\\\/avatar\\\/60ee1947f5945cecca76529f5ef348f68d8e771648dbf26d5a30dac2000a09f7?s=96&d=mm&r=g\",\"contentUrl\":\"https:\\\/\\\/secure.gravatar.com\\\/avatar\\\/60ee1947f5945cecca76529f5ef348f68d8e771648dbf26d5a30dac2000a09f7?s=96&d=mm&r=g\",\"caption\":\"MODS\"},\"sameAs\":[\"https:\\\/\\\/www.facebook.com\\\/zadecuMODS\\\/\",\"https:\\\/\\\/x.com\\\/zadecuMODS\"],\"url\":\"https:\\\/\\\/zadecu.org\\\/en\\\/author\\\/ognjen\\\/\"}]}<\/script>\n<!-- \/ Yoast SEO plugin. -->","yoast_head_json":{"title":"To Ban Or Not To Ban?: That Should Not Be The Question - Mre\u017ea organizacija za decu Srbije","description":"To ban or not to ban social media for children? That is the question many countries are considering worldwide, starting with\u00a0Australia\u00a0which","robots":{"index":"index","follow":"follow","max-snippet":"max-snippet:-1","max-image-preview":"max-image-preview:large","max-video-preview":"max-video-preview:-1"},"canonical":"https:\/\/zadecu.org\/en\/to-ban-or-not-to-ban-that-should-not-be-the-question\/","og_locale":"en_US","og_type":"article","og_title":"To Ban Or Not To Ban?: That Should Not Be The Question - Mre\u017ea organizacija za decu Srbije","og_description":"To ban or not to ban social media for children? That is the question many countries are considering worldwide, starting with\u00a0Australia\u00a0which","og_url":"https:\/\/zadecu.org\/en\/to-ban-or-not-to-ban-that-should-not-be-the-question\/","og_site_name":"Mre\u017ea organizacija za decu Srbije","article_publisher":"https:\/\/www.facebook.com\/zadecuMODS\/","article_author":"https:\/\/www.facebook.com\/zadecuMODS\/","article_published_time":"2026-02-13T15:59:35+00:00","article_modified_time":"2026-02-13T15:59:36+00:00","og_image":[{"width":2235,"height":1272,"url":"https:\/\/zadecu.org\/wp-content\/uploads\/2026\/02\/Social-media.webp","type":"image\/webp"}],"author":"MODS","twitter_card":"summary_large_image","twitter_creator":"@zadecuMODS","twitter_site":"@zadecuMODS","twitter_misc":{"Written by":"MODS","Est. reading time":"10 minutes"},"schema":{"@context":"https:\/\/schema.org","@graph":[{"@type":"Article","@id":"https:\/\/zadecu.org\/en\/to-ban-or-not-to-ban-that-should-not-be-the-question\/#article","isPartOf":{"@id":"https:\/\/zadecu.org\/en\/to-ban-or-not-to-ban-that-should-not-be-the-question\/"},"author":{"name":"MODS","@id":"https:\/\/zadecu.org\/#\/schema\/person\/ad4f6997e66e4470c1ef6d15dd97b57e"},"headline":"To Ban Or Not To Ban?: That Should Not Be The Question","datePublished":"2026-02-13T15:59:35+00:00","dateModified":"2026-02-13T15:59:36+00:00","mainEntityOfPage":{"@id":"https:\/\/zadecu.org\/en\/to-ban-or-not-to-ban-that-should-not-be-the-question\/"},"wordCount":1733,"publisher":{"@id":"https:\/\/zadecu.org\/#organization"},"image":{"@id":"https:\/\/zadecu.org\/en\/to-ban-or-not-to-ban-that-should-not-be-the-question\/#primaryimage"},"thumbnailUrl":"https:\/\/zadecu.org\/wp-content\/uploads\/2026\/02\/Social-media.webp","keywords":["Convention on the Rights of the Child"],"articleSection":["News"],"inLanguage":"en-US"},{"@type":"WebPage","@id":"https:\/\/zadecu.org\/en\/to-ban-or-not-to-ban-that-should-not-be-the-question\/","url":"https:\/\/zadecu.org\/en\/to-ban-or-not-to-ban-that-should-not-be-the-question\/","name":"To Ban Or Not To Ban?: That Should Not Be The Question - Mre\u017ea organizacija za decu Srbije","isPartOf":{"@id":"https:\/\/zadecu.org\/#website"},"primaryImageOfPage":{"@id":"https:\/\/zadecu.org\/en\/to-ban-or-not-to-ban-that-should-not-be-the-question\/#primaryimage"},"image":{"@id":"https:\/\/zadecu.org\/en\/to-ban-or-not-to-ban-that-should-not-be-the-question\/#primaryimage"},"thumbnailUrl":"https:\/\/zadecu.org\/wp-content\/uploads\/2026\/02\/Social-media.webp","datePublished":"2026-02-13T15:59:35+00:00","dateModified":"2026-02-13T15:59:36+00:00","description":"To ban or not to ban social media for children? That is the question many countries are considering worldwide, starting with\u00a0Australia\u00a0which","breadcrumb":{"@id":"https:\/\/zadecu.org\/en\/to-ban-or-not-to-ban-that-should-not-be-the-question\/#breadcrumb"},"inLanguage":"en-US","potentialAction":[{"@type":"ReadAction","target":["https:\/\/zadecu.org\/en\/to-ban-or-not-to-ban-that-should-not-be-the-question\/"]}]},{"@type":"ImageObject","inLanguage":"en-US","@id":"https:\/\/zadecu.org\/en\/to-ban-or-not-to-ban-that-should-not-be-the-question\/#primaryimage","url":"https:\/\/zadecu.org\/wp-content\/uploads\/2026\/02\/Social-media.webp","contentUrl":"https:\/\/zadecu.org\/wp-content\/uploads\/2026\/02\/Social-media.webp","width":2235,"height":1272},{"@type":"BreadcrumbList","@id":"https:\/\/zadecu.org\/en\/to-ban-or-not-to-ban-that-should-not-be-the-question\/#breadcrumb","itemListElement":[{"@type":"ListItem","position":1,"name":"Home","item":"https:\/\/zadecu.org\/en\/"},{"@type":"ListItem","position":2,"name":"To Ban Or Not To Ban?: That Should Not Be The Question"}]},{"@type":"WebSite","@id":"https:\/\/zadecu.org\/#website","url":"https:\/\/zadecu.org\/","name":"Mre\u017ea organizacija za decu Srbije","description":"Savez organizacija civilnog dru\u0161tva koje se bave za\u0161titom i promocijom prava deteta u Srbiji","publisher":{"@id":"https:\/\/zadecu.org\/#organization"},"potentialAction":[{"@type":"SearchAction","target":{"@type":"EntryPoint","urlTemplate":"https:\/\/zadecu.org\/?s={search_term_string}"},"query-input":{"@type":"PropertyValueSpecification","valueRequired":true,"valueName":"search_term_string"}}],"inLanguage":"en-US"},{"@type":"Organization","@id":"https:\/\/zadecu.org\/#organization","name":"Mre\u017ea organizacija za decu Srbije MODS","url":"https:\/\/zadecu.org\/","logo":{"@type":"ImageObject","inLanguage":"en-US","@id":"https:\/\/zadecu.org\/#\/schema\/logo\/image\/","url":"http:\/\/zadecu.org\/wp-content\/uploads\/2019\/07\/MODS_logo_veci.jpg","contentUrl":"http:\/\/zadecu.org\/wp-content\/uploads\/2019\/07\/MODS_logo_veci.jpg","width":798,"height":335,"caption":"Mre\u017ea organizacija za decu Srbije MODS"},"image":{"@id":"https:\/\/zadecu.org\/#\/schema\/logo\/image\/"},"sameAs":["https:\/\/www.facebook.com\/zadecuMODS\/","https:\/\/x.com\/zadecuMODS","https:\/\/www.instagram.com\/zadecuMODS\/","https:\/\/www.youtube.com\/channel\/UC1JWUdo0NzgZJFne1EdFX9A"]},{"@type":"Person","@id":"https:\/\/zadecu.org\/#\/schema\/person\/ad4f6997e66e4470c1ef6d15dd97b57e","name":"MODS","image":{"@type":"ImageObject","inLanguage":"en-US","@id":"https:\/\/secure.gravatar.com\/avatar\/60ee1947f5945cecca76529f5ef348f68d8e771648dbf26d5a30dac2000a09f7?s=96&d=mm&r=g","url":"https:\/\/secure.gravatar.com\/avatar\/60ee1947f5945cecca76529f5ef348f68d8e771648dbf26d5a30dac2000a09f7?s=96&d=mm&r=g","contentUrl":"https:\/\/secure.gravatar.com\/avatar\/60ee1947f5945cecca76529f5ef348f68d8e771648dbf26d5a30dac2000a09f7?s=96&d=mm&r=g","caption":"MODS"},"sameAs":["https:\/\/www.facebook.com\/zadecuMODS\/","https:\/\/x.com\/zadecuMODS"],"url":"https:\/\/zadecu.org\/en\/author\/ognjen\/"}]}},"_links":{"self":[{"href":"https:\/\/zadecu.org\/en\/wp-json\/wp\/v2\/posts\/14476","targetHints":{"allow":["GET"]}}],"collection":[{"href":"https:\/\/zadecu.org\/en\/wp-json\/wp\/v2\/posts"}],"about":[{"href":"https:\/\/zadecu.org\/en\/wp-json\/wp\/v2\/types\/post"}],"author":[{"embeddable":true,"href":"https:\/\/zadecu.org\/en\/wp-json\/wp\/v2\/users\/3"}],"replies":[{"embeddable":true,"href":"https:\/\/zadecu.org\/en\/wp-json\/wp\/v2\/comments?post=14476"}],"version-history":[{"count":0,"href":"https:\/\/zadecu.org\/en\/wp-json\/wp\/v2\/posts\/14476\/revisions"}],"wp:featuredmedia":[{"embeddable":true,"href":"https:\/\/zadecu.org\/en\/wp-json\/wp\/v2\/media\/14479"}],"wp:attachment":[{"href":"https:\/\/zadecu.org\/en\/wp-json\/wp\/v2\/media?parent=14476"}],"wp:term":[{"taxonomy":"category","embeddable":true,"href":"https:\/\/zadecu.org\/en\/wp-json\/wp\/v2\/categories?post=14476"},{"taxonomy":"post_tag","embeddable":true,"href":"https:\/\/zadecu.org\/en\/wp-json\/wp\/v2\/tags?post=14476"}],"curies":[{"name":"wp","href":"https:\/\/api.w.org\/{rel}","templated":true}]}}