
{"id":14275,"date":"2020-08-19T13:15:07","date_gmt":"2020-08-19T13:15:07","guid":{"rendered":"https:\/\/zadecu.org\/deca-kazu\/"},"modified":"2025-11-21T15:10:03","modified_gmt":"2025-11-21T15:10:03","slug":"deca-kazu","status":"publish","type":"post","link":"https:\/\/zadecu.org\/en\/deca-kazu\/","title":{"rendered":"\u00a0Children Say\u00a0"},"content":{"rendered":"<p data-path-to-node=\"0\">A project named <b>\u201cDeca ka\u017eu\u201d (Children Say)<\/b>, initiated by the <b>Network of Organizations for Children of Serbia (MODS)<\/b> in partnership with the <b>Association for the Realization of Children&#8217;s Rights &#8220;Na\u0161a djeca&#8221; (Our Children)<\/b>, has begun implementation. This project is part of the <b>Joint Regional Programme &#8220;Dialogue for the Future: Enhancing Dialogue and Social Cohesion in, and Between, Bosnia and Herzegovina, Montenegro, and the Republic of Serbia,&#8221;<\/b> which is implemented by <b>UNDP, UNICEF, and UNESCO, and funded by the UN Peacebuilding Fund (UN PBF)<\/b>.<\/p>\n<p data-path-to-node=\"2\">Project activities are carried out in cooperation with MODS members in Serbia and the &#8220;Stronger Voice for Children&#8221; network in Bosnia and Herzegovina, specifically in: <b>Belgrade<\/b> (Friends of Children of Serbia and Center for Youth Integration), <b>Ni\u0161<\/b> (Open Club), <b>Kraljevo<\/b> (SOS Children&#8217;s Villages Foundation), <b>Sarajevo<\/b> (Na\u0161a djeca), <b>Banja Luka<\/b> (Zdravo da ste), <b>Tuzla<\/b> (Zemlja djece u BiH &#8211; Children&#8217;s Land in BiH), and <b>Prijedor<\/b> (Svjetionik &#8211; Lighthouse).<\/p>\n<div style=\"width: 530px\" class=\"wp-caption aligncenter\"><img loading=\"lazy\" decoding=\"async\" class=\"\" src=\"http:\/\/zadecu.org\/wp-content\/uploads\/2020\/08\/PDS1.png\" width=\"520\" height=\"964\" \/><p class=\"wp-caption-text\">Prijatelji dece Srbije<\/p><\/div>\n<p data-path-to-node=\"0\">The general objective of the project is to <b>contribute to building trust among different social groups and peoples in BiH and Serbia through the enhancement of social cohesion.<\/b><\/p>\n<p data-path-to-node=\"1\">Trust among different social groups and the improvement of social cohesion are possible if children and young people are given the opportunity to feel like a part of the community and to participate in a dialogue for the common good.<\/p>\n<p data-path-to-node=\"2\">If a significant part of society, consisting of boys and girls up to the age of 18 (who are at high risk of poverty, marginalized, poorly educated, lacking a clear future and purpose) <b>does not trust institutions and has a negative perception of fairness (connectedness); does not trust people and does not accept diversity (social relations); and does not participate in social and political life (common good)<\/b>, then we can expect that society to be vulnerable and susceptible to the outbreak of crises, conflicts, discrimination against others and the different, and the creation of instability that easily spills over into the entire region.<\/p>\n<div style=\"width: 549px\" class=\"wp-caption aligncenter\"><img loading=\"lazy\" decoding=\"async\" class=\"size-medium\" src=\"http:\/\/zadecu.org\/wp-content\/uploads\/2020\/08\/OK11.png\" width=\"539\" height=\"966\" \/><p class=\"wp-caption-text\">Otvoreni klub, Ni\u0161<\/p><\/div>\n<p data-path-to-node=\"0\">Therefore, it is extremely important to <b>provide an opportunity for boys and girls to participate in something that is significant for their entire social group<\/b>, for participation in an open dialogue for the common good; to send them a message that they are <b>equal and an important part of the community<\/b>; that they belong to the community; that there are institutions and people who deserve a chance and trust.<\/p>\n<p data-path-to-node=\"1\">In this way, the project will directly contribute to the <b>enhancement of social cohesion<\/b> which is based on the inclusion and respect of different social groups, between whom mutual trust is established and collaborative work for the common good is undertaken.<\/p>\n<div style=\"width: 534px\" class=\"wp-caption aligncenter\"><img loading=\"lazy\" decoding=\"async\" class=\"size-medium\" src=\"http:\/\/zadecu.org\/wp-content\/uploads\/2020\/08\/Nas\u030ca-djeca-1.png\" width=\"524\" height=\"943\" \/><p class=\"wp-caption-text\">Na\u0161a djeca, Sarajevo<\/p><\/div>\n<p><b>Direct Target Group:<\/b> 160 boys and girls (80 boys and girls from Serbia and 80 boys and girls from BiH \u2013 from the two entities of the Republika Srpska and the Federation of BiH, of Serbian, Bosniak, and Croatian nationalities) aged 15 to 18 (including boys and girls from the Roma national minority, internally displaced persons, refugees, those with developmental disabilities, without parental care, and at risk of poverty) from Serbia and BiH.<\/p>\n<p><!--more--><\/p>\n<div id='gallery-1' class='vce-gallery gallery galleryid-14275 gallery-columns-2 gallery-size-vce-lay-a'><div class=\"vce-gallery-big\"><div class=\"big-gallery-item item-0\" >\n\t\t\t<div class='gallery-icon'>\n\t\t\t\t<a href='https:\/\/zadecu.org\/wp-content\/uploads\/2020\/08\/Djeca-kaz\u030cu-1.png'><img loading=\"lazy\" decoding=\"async\" width=\"810\" height=\"572\" src=\"https:\/\/zadecu.org\/wp-content\/uploads\/2020\/08\/Djeca-kaz\u030cu-1-810x572.png\" class=\"attachment-vce-lay-a size-vce-lay-a\" alt=\"\" srcset=\"https:\/\/zadecu.org\/wp-content\/uploads\/2020\/08\/Djeca-kaz\u030cu-1-810x572.png 810w, https:\/\/zadecu.org\/wp-content\/uploads\/2020\/08\/Djeca-kaz\u030cu-1-600x424.png 600w, https:\/\/zadecu.org\/wp-content\/uploads\/2020\/08\/Djeca-kaz\u030cu-1-1024x723.png 1024w, https:\/\/zadecu.org\/wp-content\/uploads\/2020\/08\/Djeca-kaz\u030cu-1-768x542.png 768w, https:\/\/zadecu.org\/wp-content\/uploads\/2020\/08\/Djeca-kaz\u030cu-1-1140x805.png 1140w, https:\/\/zadecu.org\/wp-content\/uploads\/2020\/08\/Djeca-kaz\u030cu-1.png 1362w\" sizes=\"auto, (max-width: 810px) 100vw, 810px\" \/><\/a>\n\t\t\t<\/div><\/div><div class=\"big-gallery-item item-1\" style=\"display:none;\">\n\t\t\t<div class='gallery-icon'>\n\t\t\t\t<a href='https:\/\/zadecu.org\/wp-content\/uploads\/2020\/08\/Djeca-kaz\u030cu-2.png'><img loading=\"lazy\" decoding=\"async\" width=\"810\" height=\"580\" src=\"https:\/\/zadecu.org\/wp-content\/uploads\/2020\/08\/Djeca-kaz\u030cu-2-810x580.png\" class=\"attachment-vce-lay-a size-vce-lay-a\" alt=\"\" srcset=\"https:\/\/zadecu.org\/wp-content\/uploads\/2020\/08\/Djeca-kaz\u030cu-2-810x580.png 810w, https:\/\/zadecu.org\/wp-content\/uploads\/2020\/08\/Djeca-kaz\u030cu-2-600x429.png 600w, https:\/\/zadecu.org\/wp-content\/uploads\/2020\/08\/Djeca-kaz\u030cu-2-1024x733.png 1024w, https:\/\/zadecu.org\/wp-content\/uploads\/2020\/08\/Djeca-kaz\u030cu-2-768x549.png 768w, https:\/\/zadecu.org\/wp-content\/uploads\/2020\/08\/Djeca-kaz\u030cu-2-1140x816.png 1140w, https:\/\/zadecu.org\/wp-content\/uploads\/2020\/08\/Djeca-kaz\u030cu-2.png 1339w\" sizes=\"auto, (max-width: 810px) 100vw, 810px\" \/><\/a>\n\t\t\t<\/div><\/div><div class=\"big-gallery-item item-2\" style=\"display:none;\">\n\t\t\t<div class='gallery-icon'>\n\t\t\t\t<a href='https:\/\/zadecu.org\/wp-content\/uploads\/2020\/08\/Djeca-kaz\u030cu-3.png'><img loading=\"lazy\" decoding=\"async\" width=\"810\" height=\"577\" src=\"https:\/\/zadecu.org\/wp-content\/uploads\/2020\/08\/Djeca-kaz\u030cu-3-810x577.png\" class=\"attachment-vce-lay-a size-vce-lay-a\" alt=\"\" srcset=\"https:\/\/zadecu.org\/wp-content\/uploads\/2020\/08\/Djeca-kaz\u030cu-3-810x577.png 810w, https:\/\/zadecu.org\/wp-content\/uploads\/2020\/08\/Djeca-kaz\u030cu-3-600x427.png 600w, https:\/\/zadecu.org\/wp-content\/uploads\/2020\/08\/Djeca-kaz\u030cu-3-1024x729.png 1024w, https:\/\/zadecu.org\/wp-content\/uploads\/2020\/08\/Djeca-kaz\u030cu-3-768x547.png 768w, https:\/\/zadecu.org\/wp-content\/uploads\/2020\/08\/Djeca-kaz\u030cu-3-1140x812.png 1140w, https:\/\/zadecu.org\/wp-content\/uploads\/2020\/08\/Djeca-kaz\u030cu-3.png 1354w\" sizes=\"auto, (max-width: 810px) 100vw, 810px\" \/><\/a>\n\t\t\t<\/div><\/div><\/div><div class=\"vce-gallery-slider\" data-columns=\"2\"><figure class='gallery-item' data-item='0'>\n\t\t\t<div class='gallery-icon landscape'>\n\t\t\t\t<a href='https:\/\/zadecu.org\/wp-content\/uploads\/2020\/08\/Djeca-kaz\u030cu-1.png'><img loading=\"lazy\" decoding=\"async\" width=\"810\" height=\"572\" src=\"https:\/\/zadecu.org\/wp-content\/uploads\/2020\/08\/Djeca-kaz\u030cu-1-810x572.png\" class=\"attachment-vce-lay-a size-vce-lay-a\" alt=\"\" srcset=\"https:\/\/zadecu.org\/wp-content\/uploads\/2020\/08\/Djeca-kaz\u030cu-1-810x572.png 810w, https:\/\/zadecu.org\/wp-content\/uploads\/2020\/08\/Djeca-kaz\u030cu-1-600x424.png 600w, https:\/\/zadecu.org\/wp-content\/uploads\/2020\/08\/Djeca-kaz\u030cu-1-1024x723.png 1024w, https:\/\/zadecu.org\/wp-content\/uploads\/2020\/08\/Djeca-kaz\u030cu-1-768x542.png 768w, https:\/\/zadecu.org\/wp-content\/uploads\/2020\/08\/Djeca-kaz\u030cu-1-1140x805.png 1140w, https:\/\/zadecu.org\/wp-content\/uploads\/2020\/08\/Djeca-kaz\u030cu-1.png 1362w\" sizes=\"auto, (max-width: 810px) 100vw, 810px\" \/><\/a>\n\t\t\t<\/div><\/figure><figure class='gallery-item' data-item='1'>\n\t\t\t<div class='gallery-icon landscape'>\n\t\t\t\t<a href='https:\/\/zadecu.org\/wp-content\/uploads\/2020\/08\/Djeca-kaz\u030cu-2.png'><img loading=\"lazy\" decoding=\"async\" width=\"810\" height=\"580\" src=\"https:\/\/zadecu.org\/wp-content\/uploads\/2020\/08\/Djeca-kaz\u030cu-2-810x580.png\" class=\"attachment-vce-lay-a size-vce-lay-a\" alt=\"\" srcset=\"https:\/\/zadecu.org\/wp-content\/uploads\/2020\/08\/Djeca-kaz\u030cu-2-810x580.png 810w, https:\/\/zadecu.org\/wp-content\/uploads\/2020\/08\/Djeca-kaz\u030cu-2-600x429.png 600w, https:\/\/zadecu.org\/wp-content\/uploads\/2020\/08\/Djeca-kaz\u030cu-2-1024x733.png 1024w, https:\/\/zadecu.org\/wp-content\/uploads\/2020\/08\/Djeca-kaz\u030cu-2-768x549.png 768w, https:\/\/zadecu.org\/wp-content\/uploads\/2020\/08\/Djeca-kaz\u030cu-2-1140x816.png 1140w, https:\/\/zadecu.org\/wp-content\/uploads\/2020\/08\/Djeca-kaz\u030cu-2.png 1339w\" sizes=\"auto, (max-width: 810px) 100vw, 810px\" \/><\/a>\n\t\t\t<\/div><\/figure><figure class='gallery-item' data-item='2'>\n\t\t\t<div class='gallery-icon landscape'>\n\t\t\t\t<a href='https:\/\/zadecu.org\/wp-content\/uploads\/2020\/08\/Djeca-kaz\u030cu-3.png'><img loading=\"lazy\" decoding=\"async\" width=\"810\" height=\"577\" src=\"https:\/\/zadecu.org\/wp-content\/uploads\/2020\/08\/Djeca-kaz\u030cu-3-810x577.png\" class=\"attachment-vce-lay-a size-vce-lay-a\" alt=\"\" srcset=\"https:\/\/zadecu.org\/wp-content\/uploads\/2020\/08\/Djeca-kaz\u030cu-3-810x577.png 810w, https:\/\/zadecu.org\/wp-content\/uploads\/2020\/08\/Djeca-kaz\u030cu-3-600x427.png 600w, https:\/\/zadecu.org\/wp-content\/uploads\/2020\/08\/Djeca-kaz\u030cu-3-1024x729.png 1024w, https:\/\/zadecu.org\/wp-content\/uploads\/2020\/08\/Djeca-kaz\u030cu-3-768x547.png 768w, https:\/\/zadecu.org\/wp-content\/uploads\/2020\/08\/Djeca-kaz\u030cu-3-1140x812.png 1140w, https:\/\/zadecu.org\/wp-content\/uploads\/2020\/08\/Djeca-kaz\u030cu-3.png 1354w\" sizes=\"auto, (max-width: 810px) 100vw, 810px\" \/><\/a>\n\t\t\t<\/div><\/figure><\/div><\/div>\n\n<p>#DijalogZaBudu\u0107nost<\/p>\n<p>#DecaKa\u017eu<\/p>\n","protected":false},"excerpt":{"rendered":"<p>A project named \u201cDeca ka\u017eu\u201d (Children Say), initiated by the Network of Organizations for Children of Serbia (MODS) in partnership with the Association for the Realization of Children&#8217;s Rights &#8220;Na\u0161a djeca&#8221; (Our Children), has begun implementation. This project is part of the Joint Regional Programme &#8220;Dialogue for the Future: Enhancing Dialogue and Social Cohesion in, [&hellip;]<\/p>\n","protected":false},"author":3,"featured_media":8576,"comment_status":"closed","ping_status":"open","sticky":false,"template":"","format":"standard","meta":{"footnotes":""},"categories":[52],"tags":[304],"class_list":["post-14275","post","type-post","status-publish","format-standard","has-post-thumbnail","hentry","category-uncategorized","tag-prava-deteta-en"],"yoast_head":"<!-- This site is optimized with the Yoast SEO plugin v28.0 - https:\/\/yoast.com\/product\/yoast-seo-wordpress\/ -->\n<title>\u00a0Children Say\u00a0 - Mre\u017ea organizacija za decu Srbije<\/title>\n<meta name=\"description\" content=\"A project named \u201cDeca ka\u017eu\u201d (Children Say), initiated by the Network of Organizations for Children of Serbia (MODS) in partnership with the Association for the Realization of Children&#039;s Rights &quot;Na\u0161a djeca&quot; (Our Children), has begun implementation\" \/>\n<meta name=\"robots\" content=\"index, follow, max-snippet:-1, max-image-preview:large, max-video-preview:-1\" \/>\n<link rel=\"canonical\" href=\"https:\/\/zadecu.org\/en\/deca-kazu\/\" \/>\n<meta property=\"og:locale\" content=\"en_US\" \/>\n<meta property=\"og:type\" content=\"article\" \/>\n<meta property=\"og:title\" content=\"\u00a0Children Say\u00a0 - Mre\u017ea organizacija za decu Srbije\" \/>\n<meta property=\"og:description\" content=\"A project named \u201cDeca ka\u017eu\u201d (Children Say), initiated by the Network of Organizations for Children of Serbia (MODS) in partnership with the Association for the Realization of Children&#039;s Rights &quot;Na\u0161a djeca&quot; (Our Children), has begun implementation\" \/>\n<meta property=\"og:url\" content=\"https:\/\/zadecu.org\/en\/deca-kazu\/\" \/>\n<meta property=\"og:site_name\" content=\"Mre\u017ea organizacija za decu Srbije\" \/>\n<meta property=\"article:publisher\" content=\"https:\/\/www.facebook.com\/zadecuMODS\/\" \/>\n<meta property=\"article:author\" content=\"https:\/\/www.facebook.com\/zadecuMODS\/\" \/>\n<meta property=\"article:published_time\" content=\"2020-08-19T13:15:07+00:00\" \/>\n<meta property=\"article:modified_time\" content=\"2025-11-21T15:10:03+00:00\" \/>\n<meta property=\"og:image\" content=\"https:\/\/zadecu.org\/wp-content\/uploads\/2020\/08\/DFF-logo-Latinica-COLOR-scaled.jpg\" \/>\n\t<meta property=\"og:image:width\" content=\"2560\" \/>\n\t<meta property=\"og:image:height\" content=\"1123\" \/>\n\t<meta property=\"og:image:type\" content=\"image\/jpeg\" \/>\n<meta name=\"author\" content=\"MODS\" \/>\n<meta name=\"twitter:card\" content=\"summary_large_image\" \/>\n<meta name=\"twitter:creator\" content=\"@zadecuMODS\" \/>\n<meta name=\"twitter:site\" content=\"@zadecuMODS\" \/>\n<meta name=\"twitter:label1\" content=\"Written by\" \/>\n\t<meta name=\"twitter:data1\" content=\"MODS\" \/>\n\t<meta name=\"twitter:label2\" content=\"Est. reading time\" \/>\n\t<meta name=\"twitter:data2\" content=\"4 minutes\" \/>\n<script type=\"application\/ld+json\" class=\"yoast-schema-graph\">{\"@context\":\"https:\\\/\\\/schema.org\",\"@graph\":[{\"@type\":\"Article\",\"@id\":\"https:\\\/\\\/zadecu.org\\\/en\\\/deca-kazu\\\/#article\",\"isPartOf\":{\"@id\":\"https:\\\/\\\/zadecu.org\\\/en\\\/deca-kazu\\\/\"},\"author\":{\"name\":\"MODS\",\"@id\":\"https:\\\/\\\/zadecu.org\\\/#\\\/schema\\\/person\\\/ad4f6997e66e4470c1ef6d15dd97b57e\"},\"headline\":\"\u00a0Children Say\u00a0\",\"datePublished\":\"2020-08-19T13:15:07+00:00\",\"dateModified\":\"2025-11-21T15:10:03+00:00\",\"mainEntityOfPage\":{\"@id\":\"https:\\\/\\\/zadecu.org\\\/en\\\/deca-kazu\\\/\"},\"wordCount\":542,\"publisher\":{\"@id\":\"https:\\\/\\\/zadecu.org\\\/#organization\"},\"image\":{\"@id\":\"https:\\\/\\\/zadecu.org\\\/en\\\/deca-kazu\\\/#primaryimage\"},\"thumbnailUrl\":\"https:\\\/\\\/zadecu.org\\\/wp-content\\\/uploads\\\/2020\\\/08\\\/DFF-logo-Latinica-COLOR-scaled.jpg\",\"keywords\":[\"Prava deteta\"],\"articleSection\":[\"News\"],\"inLanguage\":\"en-US\"},{\"@type\":\"WebPage\",\"@id\":\"https:\\\/\\\/zadecu.org\\\/en\\\/deca-kazu\\\/\",\"url\":\"https:\\\/\\\/zadecu.org\\\/en\\\/deca-kazu\\\/\",\"name\":\"\u00a0Children Say\u00a0 - Mre\u017ea organizacija za decu Srbije\",\"isPartOf\":{\"@id\":\"https:\\\/\\\/zadecu.org\\\/#website\"},\"primaryImageOfPage\":{\"@id\":\"https:\\\/\\\/zadecu.org\\\/en\\\/deca-kazu\\\/#primaryimage\"},\"image\":{\"@id\":\"https:\\\/\\\/zadecu.org\\\/en\\\/deca-kazu\\\/#primaryimage\"},\"thumbnailUrl\":\"https:\\\/\\\/zadecu.org\\\/wp-content\\\/uploads\\\/2020\\\/08\\\/DFF-logo-Latinica-COLOR-scaled.jpg\",\"datePublished\":\"2020-08-19T13:15:07+00:00\",\"dateModified\":\"2025-11-21T15:10:03+00:00\",\"description\":\"A project named \u201cDeca ka\u017eu\u201d (Children Say), initiated by the Network of Organizations for Children of Serbia (MODS) in partnership with the Association for the Realization of Children's Rights \\\"Na\u0161a djeca\\\" (Our Children), has begun implementation\",\"breadcrumb\":{\"@id\":\"https:\\\/\\\/zadecu.org\\\/en\\\/deca-kazu\\\/#breadcrumb\"},\"inLanguage\":\"en-US\",\"potentialAction\":[{\"@type\":\"ReadAction\",\"target\":[\"https:\\\/\\\/zadecu.org\\\/en\\\/deca-kazu\\\/\"]}]},{\"@type\":\"ImageObject\",\"inLanguage\":\"en-US\",\"@id\":\"https:\\\/\\\/zadecu.org\\\/en\\\/deca-kazu\\\/#primaryimage\",\"url\":\"https:\\\/\\\/zadecu.org\\\/wp-content\\\/uploads\\\/2020\\\/08\\\/DFF-logo-Latinica-COLOR-scaled.jpg\",\"contentUrl\":\"https:\\\/\\\/zadecu.org\\\/wp-content\\\/uploads\\\/2020\\\/08\\\/DFF-logo-Latinica-COLOR-scaled.jpg\",\"width\":2560,\"height\":1123},{\"@type\":\"BreadcrumbList\",\"@id\":\"https:\\\/\\\/zadecu.org\\\/en\\\/deca-kazu\\\/#breadcrumb\",\"itemListElement\":[{\"@type\":\"ListItem\",\"position\":1,\"name\":\"Home\",\"item\":\"https:\\\/\\\/zadecu.org\\\/en\\\/\"},{\"@type\":\"ListItem\",\"position\":2,\"name\":\"\u00a0Children Say\u00a0\"}]},{\"@type\":\"WebSite\",\"@id\":\"https:\\\/\\\/zadecu.org\\\/#website\",\"url\":\"https:\\\/\\\/zadecu.org\\\/\",\"name\":\"Mre\u017ea organizacija za decu Srbije\",\"description\":\"Savez organizacija civilnog dru\u0161tva koje se bave za\u0161titom i promocijom prava deteta u Srbiji\",\"publisher\":{\"@id\":\"https:\\\/\\\/zadecu.org\\\/#organization\"},\"potentialAction\":[{\"@type\":\"SearchAction\",\"target\":{\"@type\":\"EntryPoint\",\"urlTemplate\":\"https:\\\/\\\/zadecu.org\\\/?s={search_term_string}\"},\"query-input\":{\"@type\":\"PropertyValueSpecification\",\"valueRequired\":true,\"valueName\":\"search_term_string\"}}],\"inLanguage\":\"en-US\"},{\"@type\":\"Organization\",\"@id\":\"https:\\\/\\\/zadecu.org\\\/#organization\",\"name\":\"Mre\u017ea organizacija za decu Srbije MODS\",\"url\":\"https:\\\/\\\/zadecu.org\\\/\",\"logo\":{\"@type\":\"ImageObject\",\"inLanguage\":\"en-US\",\"@id\":\"https:\\\/\\\/zadecu.org\\\/#\\\/schema\\\/logo\\\/image\\\/\",\"url\":\"http:\\\/\\\/zadecu.org\\\/wp-content\\\/uploads\\\/2019\\\/07\\\/MODS_logo_veci.jpg\",\"contentUrl\":\"http:\\\/\\\/zadecu.org\\\/wp-content\\\/uploads\\\/2019\\\/07\\\/MODS_logo_veci.jpg\",\"width\":798,\"height\":335,\"caption\":\"Mre\u017ea organizacija za decu Srbije MODS\"},\"image\":{\"@id\":\"https:\\\/\\\/zadecu.org\\\/#\\\/schema\\\/logo\\\/image\\\/\"},\"sameAs\":[\"https:\\\/\\\/www.facebook.com\\\/zadecuMODS\\\/\",\"https:\\\/\\\/x.com\\\/zadecuMODS\",\"https:\\\/\\\/www.instagram.com\\\/zadecuMODS\\\/\",\"https:\\\/\\\/www.youtube.com\\\/channel\\\/UC1JWUdo0NzgZJFne1EdFX9A\"]},{\"@type\":\"Person\",\"@id\":\"https:\\\/\\\/zadecu.org\\\/#\\\/schema\\\/person\\\/ad4f6997e66e4470c1ef6d15dd97b57e\",\"name\":\"MODS\",\"image\":{\"@type\":\"ImageObject\",\"inLanguage\":\"en-US\",\"@id\":\"https:\\\/\\\/secure.gravatar.com\\\/avatar\\\/60ee1947f5945cecca76529f5ef348f68d8e771648dbf26d5a30dac2000a09f7?s=96&d=mm&r=g\",\"url\":\"https:\\\/\\\/secure.gravatar.com\\\/avatar\\\/60ee1947f5945cecca76529f5ef348f68d8e771648dbf26d5a30dac2000a09f7?s=96&d=mm&r=g\",\"contentUrl\":\"https:\\\/\\\/secure.gravatar.com\\\/avatar\\\/60ee1947f5945cecca76529f5ef348f68d8e771648dbf26d5a30dac2000a09f7?s=96&d=mm&r=g\",\"caption\":\"MODS\"},\"sameAs\":[\"https:\\\/\\\/www.facebook.com\\\/zadecuMODS\\\/\",\"https:\\\/\\\/x.com\\\/zadecuMODS\"],\"url\":\"https:\\\/\\\/zadecu.org\\\/en\\\/author\\\/ognjen\\\/\"}]}<\/script>\n<!-- \/ Yoast SEO plugin. -->","yoast_head_json":{"title":"\u00a0Children Say\u00a0 - Mre\u017ea organizacija za decu Srbije","description":"A project named \u201cDeca ka\u017eu\u201d (Children Say), initiated by the Network of Organizations for Children of Serbia (MODS) in partnership with the Association for the Realization of Children's Rights \"Na\u0161a djeca\" (Our Children), has begun implementation","robots":{"index":"index","follow":"follow","max-snippet":"max-snippet:-1","max-image-preview":"max-image-preview:large","max-video-preview":"max-video-preview:-1"},"canonical":"https:\/\/zadecu.org\/en\/deca-kazu\/","og_locale":"en_US","og_type":"article","og_title":"\u00a0Children Say\u00a0 - Mre\u017ea organizacija za decu Srbije","og_description":"A project named \u201cDeca ka\u017eu\u201d (Children Say), initiated by the Network of Organizations for Children of Serbia (MODS) in partnership with the Association for the Realization of Children's Rights \"Na\u0161a djeca\" (Our Children), has begun implementation","og_url":"https:\/\/zadecu.org\/en\/deca-kazu\/","og_site_name":"Mre\u017ea organizacija za decu Srbije","article_publisher":"https:\/\/www.facebook.com\/zadecuMODS\/","article_author":"https:\/\/www.facebook.com\/zadecuMODS\/","article_published_time":"2020-08-19T13:15:07+00:00","article_modified_time":"2025-11-21T15:10:03+00:00","og_image":[{"width":2560,"height":1123,"url":"https:\/\/zadecu.org\/wp-content\/uploads\/2020\/08\/DFF-logo-Latinica-COLOR-scaled.jpg","type":"image\/jpeg"}],"author":"MODS","twitter_card":"summary_large_image","twitter_creator":"@zadecuMODS","twitter_site":"@zadecuMODS","twitter_misc":{"Written by":"MODS","Est. reading time":"4 minutes"},"schema":{"@context":"https:\/\/schema.org","@graph":[{"@type":"Article","@id":"https:\/\/zadecu.org\/en\/deca-kazu\/#article","isPartOf":{"@id":"https:\/\/zadecu.org\/en\/deca-kazu\/"},"author":{"name":"MODS","@id":"https:\/\/zadecu.org\/#\/schema\/person\/ad4f6997e66e4470c1ef6d15dd97b57e"},"headline":"\u00a0Children Say\u00a0","datePublished":"2020-08-19T13:15:07+00:00","dateModified":"2025-11-21T15:10:03+00:00","mainEntityOfPage":{"@id":"https:\/\/zadecu.org\/en\/deca-kazu\/"},"wordCount":542,"publisher":{"@id":"https:\/\/zadecu.org\/#organization"},"image":{"@id":"https:\/\/zadecu.org\/en\/deca-kazu\/#primaryimage"},"thumbnailUrl":"https:\/\/zadecu.org\/wp-content\/uploads\/2020\/08\/DFF-logo-Latinica-COLOR-scaled.jpg","keywords":["Prava deteta"],"articleSection":["News"],"inLanguage":"en-US"},{"@type":"WebPage","@id":"https:\/\/zadecu.org\/en\/deca-kazu\/","url":"https:\/\/zadecu.org\/en\/deca-kazu\/","name":"\u00a0Children Say\u00a0 - Mre\u017ea organizacija za decu Srbije","isPartOf":{"@id":"https:\/\/zadecu.org\/#website"},"primaryImageOfPage":{"@id":"https:\/\/zadecu.org\/en\/deca-kazu\/#primaryimage"},"image":{"@id":"https:\/\/zadecu.org\/en\/deca-kazu\/#primaryimage"},"thumbnailUrl":"https:\/\/zadecu.org\/wp-content\/uploads\/2020\/08\/DFF-logo-Latinica-COLOR-scaled.jpg","datePublished":"2020-08-19T13:15:07+00:00","dateModified":"2025-11-21T15:10:03+00:00","description":"A project named \u201cDeca ka\u017eu\u201d (Children Say), initiated by the Network of Organizations for Children of Serbia (MODS) in partnership with the Association for the Realization of Children's Rights \"Na\u0161a djeca\" (Our Children), has begun implementation","breadcrumb":{"@id":"https:\/\/zadecu.org\/en\/deca-kazu\/#breadcrumb"},"inLanguage":"en-US","potentialAction":[{"@type":"ReadAction","target":["https:\/\/zadecu.org\/en\/deca-kazu\/"]}]},{"@type":"ImageObject","inLanguage":"en-US","@id":"https:\/\/zadecu.org\/en\/deca-kazu\/#primaryimage","url":"https:\/\/zadecu.org\/wp-content\/uploads\/2020\/08\/DFF-logo-Latinica-COLOR-scaled.jpg","contentUrl":"https:\/\/zadecu.org\/wp-content\/uploads\/2020\/08\/DFF-logo-Latinica-COLOR-scaled.jpg","width":2560,"height":1123},{"@type":"BreadcrumbList","@id":"https:\/\/zadecu.org\/en\/deca-kazu\/#breadcrumb","itemListElement":[{"@type":"ListItem","position":1,"name":"Home","item":"https:\/\/zadecu.org\/en\/"},{"@type":"ListItem","position":2,"name":"\u00a0Children Say\u00a0"}]},{"@type":"WebSite","@id":"https:\/\/zadecu.org\/#website","url":"https:\/\/zadecu.org\/","name":"Mre\u017ea organizacija za decu Srbije","description":"Savez organizacija civilnog dru\u0161tva koje se bave za\u0161titom i promocijom prava deteta u Srbiji","publisher":{"@id":"https:\/\/zadecu.org\/#organization"},"potentialAction":[{"@type":"SearchAction","target":{"@type":"EntryPoint","urlTemplate":"https:\/\/zadecu.org\/?s={search_term_string}"},"query-input":{"@type":"PropertyValueSpecification","valueRequired":true,"valueName":"search_term_string"}}],"inLanguage":"en-US"},{"@type":"Organization","@id":"https:\/\/zadecu.org\/#organization","name":"Mre\u017ea organizacija za decu Srbije MODS","url":"https:\/\/zadecu.org\/","logo":{"@type":"ImageObject","inLanguage":"en-US","@id":"https:\/\/zadecu.org\/#\/schema\/logo\/image\/","url":"http:\/\/zadecu.org\/wp-content\/uploads\/2019\/07\/MODS_logo_veci.jpg","contentUrl":"http:\/\/zadecu.org\/wp-content\/uploads\/2019\/07\/MODS_logo_veci.jpg","width":798,"height":335,"caption":"Mre\u017ea organizacija za decu Srbije MODS"},"image":{"@id":"https:\/\/zadecu.org\/#\/schema\/logo\/image\/"},"sameAs":["https:\/\/www.facebook.com\/zadecuMODS\/","https:\/\/x.com\/zadecuMODS","https:\/\/www.instagram.com\/zadecuMODS\/","https:\/\/www.youtube.com\/channel\/UC1JWUdo0NzgZJFne1EdFX9A"]},{"@type":"Person","@id":"https:\/\/zadecu.org\/#\/schema\/person\/ad4f6997e66e4470c1ef6d15dd97b57e","name":"MODS","image":{"@type":"ImageObject","inLanguage":"en-US","@id":"https:\/\/secure.gravatar.com\/avatar\/60ee1947f5945cecca76529f5ef348f68d8e771648dbf26d5a30dac2000a09f7?s=96&d=mm&r=g","url":"https:\/\/secure.gravatar.com\/avatar\/60ee1947f5945cecca76529f5ef348f68d8e771648dbf26d5a30dac2000a09f7?s=96&d=mm&r=g","contentUrl":"https:\/\/secure.gravatar.com\/avatar\/60ee1947f5945cecca76529f5ef348f68d8e771648dbf26d5a30dac2000a09f7?s=96&d=mm&r=g","caption":"MODS"},"sameAs":["https:\/\/www.facebook.com\/zadecuMODS\/","https:\/\/x.com\/zadecuMODS"],"url":"https:\/\/zadecu.org\/en\/author\/ognjen\/"}]}},"_links":{"self":[{"href":"https:\/\/zadecu.org\/en\/wp-json\/wp\/v2\/posts\/14275","targetHints":{"allow":["GET"]}}],"collection":[{"href":"https:\/\/zadecu.org\/en\/wp-json\/wp\/v2\/posts"}],"about":[{"href":"https:\/\/zadecu.org\/en\/wp-json\/wp\/v2\/types\/post"}],"author":[{"embeddable":true,"href":"https:\/\/zadecu.org\/en\/wp-json\/wp\/v2\/users\/3"}],"replies":[{"embeddable":true,"href":"https:\/\/zadecu.org\/en\/wp-json\/wp\/v2\/comments?post=14275"}],"version-history":[{"count":0,"href":"https:\/\/zadecu.org\/en\/wp-json\/wp\/v2\/posts\/14275\/revisions"}],"wp:featuredmedia":[{"embeddable":true,"href":"https:\/\/zadecu.org\/en\/wp-json\/wp\/v2\/media\/8576"}],"wp:attachment":[{"href":"https:\/\/zadecu.org\/en\/wp-json\/wp\/v2\/media?parent=14275"}],"wp:term":[{"taxonomy":"category","embeddable":true,"href":"https:\/\/zadecu.org\/en\/wp-json\/wp\/v2\/categories?post=14275"},{"taxonomy":"post_tag","embeddable":true,"href":"https:\/\/zadecu.org\/en\/wp-json\/wp\/v2\/tags?post=14275"}],"curies":[{"name":"wp","href":"https:\/\/api.w.org\/{rel}","templated":true}]}}