
{"id":14266,"date":"2025-11-21T12:13:13","date_gmt":"2025-11-21T12:13:13","guid":{"rendered":"https:\/\/zadecu.org\/?p=14266"},"modified":"2025-11-21T12:15:47","modified_gmt":"2025-11-21T12:15:47","slug":"unequal-childhoods-rights-on-paper-should-be-rights-in-practice","status":"publish","type":"post","link":"https:\/\/zadecu.org\/en\/unequal-childhoods-rights-on-paper-should-be-rights-in-practice\/","title":{"rendered":"Unequal Childhoods: Rights on paper should be rights in practice"},"content":{"rendered":"\n<p class=\"has-text-align-center wp-block-paragraph\"><em><strong>Eurochild 2025 flagship report on children in need across Europe<\/strong>.<\/em><\/p>\n\n\n<p style=\"text-align: justify;\">This report is based on assessments by\u00a0<strong>84 Eurochild members\u00a0<\/strong>and contributors<strong>\u00a0in 36 countries\u00a0<\/strong>and provides an overview of children\u2019s rights and child poverty in these countries. Drawing on evidence from organisations and professionals working with children, the report provides an in-depth analysis, through a children&#8217;s rights lens, to ensure that rights on paper become rights in practice.<\/p>\n<p style=\"text-align: justify;\"><em>\u201cDespite progress made in some countries, child poverty and social exclusion remain too high across Europe. Lack of access to basic services and ongoing discrimination continue to affect the most vulnerable children. As\u00a0<strong>more countries face attacks that undermine democracy and limit actions of those defending children\u2019s rights<\/strong>, European leaders must join forces with civil society to protect and promote the rights of every child in Europe and beyond. \u201d\u00a0<\/em>\u2013 Tanya Ward, President of Eurochild.<\/p>\n<p style=\"text-align: justify;\">The report provides\u00a0<strong>concrete recommendations<\/strong>\u00a0<strong>for countries<\/strong>\u00a0to strengthen their efforts to protect and promote children\u2019s rights. Among the aspects analysed across Europe: children in contact with the justice system, public investment and social safety nets, violence against children, mental health, children with a migrant background and ethnic minority origin.<\/p>\n<p><strong>Our Policy Recommendations:<\/strong><\/p>\n<ul>\n<li>Uphold the rights of all children and counter anti-rights movements<\/li>\n<li>Ensure integrated child protection systems and strengthen families<\/li>\n<li>Uphold children\u2019s rights in the digital environment<\/li>\n<li>Eradicate child poverty and social exclusion<\/li>\n<li>Strengthen the European Child Guarantee<\/li>\n<li>Ensure adequate housing for all children<\/li>\n<li>Anchor child-related priorities in the European Semester to invest in children post-2027<\/li>\n<li>Support children\u2019s rights in the Enlargement Countries<\/li>\n<\/ul>\n<p style=\"text-align: justify;\"><strong>Country Profiles:<\/strong>\u00a0Albania; Austria; Belgium; Bosnia and Herzegovina; Bulgaria; Croatia; Cyprus; Czechia; Denmark; England; Estonia; Finland; France; Germany; Greece; Hungary; Ireland; Italy; Kosovo; Latvia; Luxembourg; Malta; Moldova; Netherlands; Poland; Portugal; Romania; Scotland; Serbia; Slovenia; Spain; Sweden; Switzerland; T\u00fcrkiye; Ukraine; Wales.<\/p>\n<div class=\"wp-block-button\"><a class=\"wp-block-button__link has-background\" href=\"https:\/\/eurochild.org\/uploads\/2025\/11\/Unequal-Childhoods-Rights-on-paper-should-be-rights-in-practice.pdf\" target=\"_blank\" rel=\"noreferrer noopener\">Read the full Eurochild Flagship report 2025<\/a><\/div>\n<div>\u00a0<\/div>\n<div>Source: <a href=\"https:\/\/eurochild.org\/resource\/unequal-childhoods-rights-on-paper-should-be-rights-in-practice\/\">Eurochild<\/a><\/div>","protected":false},"excerpt":{"rendered":"<p>Eurochild 2025 flagship report on children in need across Europe. This report is based on assessments by\u00a084 Eurochild members\u00a0and contributors\u00a0in 36 countries\u00a0and provides an overview of children\u2019s rights and child poverty in these countries. Drawing on evidence from organisations and professionals working with children, the report provides an in-depth analysis, through a children&#8217;s rights lens, [&hellip;]<\/p>\n","protected":false},"author":3,"featured_media":14267,"comment_status":"closed","ping_status":"closed","sticky":false,"template":"","format":"standard","meta":{"footnotes":""},"categories":[216,52],"tags":[117,118],"class_list":["post-14266","post","type-post","status-publish","format-standard","has-post-thumbnail","hentry","category-european-integrations","category-uncategorized","tag-convention-on-the-rights-of-the-child","tag-member-organizations"],"yoast_head":"<!-- This site is optimized with the Yoast SEO plugin v28.0 - https:\/\/yoast.com\/product\/yoast-seo-wordpress\/ -->\n<title>Unequal Childhoods: Rights on paper should be rights in practice - Mre\u017ea organizacija za decu Srbije<\/title>\n<meta name=\"description\" content=\"This report is based on assessments by\u00a084 Eurochild members\u00a0and provides an overview of children\u2019s rights and child poverty\" \/>\n<meta name=\"robots\" content=\"index, follow, max-snippet:-1, max-image-preview:large, max-video-preview:-1\" \/>\n<link rel=\"canonical\" href=\"https:\/\/zadecu.org\/en\/unequal-childhoods-rights-on-paper-should-be-rights-in-practice\/\" \/>\n<meta property=\"og:locale\" content=\"en_US\" \/>\n<meta property=\"og:type\" content=\"article\" \/>\n<meta property=\"og:title\" content=\"Unequal Childhoods: Rights on paper should be rights in practice - Mre\u017ea organizacija za decu Srbije\" \/>\n<meta property=\"og:description\" content=\"This report is based on assessments by\u00a084 Eurochild members\u00a0and provides an overview of children\u2019s rights and child poverty\" \/>\n<meta property=\"og:url\" content=\"https:\/\/zadecu.org\/en\/unequal-childhoods-rights-on-paper-should-be-rights-in-practice\/\" \/>\n<meta property=\"og:site_name\" content=\"Mre\u017ea organizacija za decu Srbije\" \/>\n<meta property=\"article:publisher\" content=\"https:\/\/www.facebook.com\/zadecuMODS\/\" \/>\n<meta property=\"article:author\" content=\"https:\/\/www.facebook.com\/zadecuMODS\/\" \/>\n<meta property=\"article:published_time\" content=\"2025-11-21T12:13:13+00:00\" \/>\n<meta property=\"article:modified_time\" content=\"2025-11-21T12:15:47+00:00\" \/>\n<meta property=\"og:image\" content=\"https:\/\/zadecu.org\/wp-content\/uploads\/2025\/11\/EC25_report_cover_HRdigital-scaled.jpg\" \/>\n\t<meta property=\"og:image:width\" content=\"2560\" \/>\n\t<meta property=\"og:image:height\" content=\"1898\" \/>\n\t<meta property=\"og:image:type\" content=\"image\/jpeg\" \/>\n<meta name=\"author\" content=\"MODS\" \/>\n<meta name=\"twitter:card\" content=\"summary_large_image\" \/>\n<meta name=\"twitter:creator\" content=\"@zadecuMODS\" \/>\n<meta name=\"twitter:site\" content=\"@zadecuMODS\" \/>\n<meta name=\"twitter:label1\" content=\"Written by\" \/>\n\t<meta name=\"twitter:data1\" content=\"MODS\" \/>\n\t<meta name=\"twitter:label2\" content=\"Est. reading time\" \/>\n\t<meta name=\"twitter:data2\" content=\"2 minutes\" \/>\n<script type=\"application\/ld+json\" class=\"yoast-schema-graph\">{\"@context\":\"https:\\\/\\\/schema.org\",\"@graph\":[{\"@type\":\"Article\",\"@id\":\"https:\\\/\\\/zadecu.org\\\/en\\\/unequal-childhoods-rights-on-paper-should-be-rights-in-practice\\\/#article\",\"isPartOf\":{\"@id\":\"https:\\\/\\\/zadecu.org\\\/en\\\/unequal-childhoods-rights-on-paper-should-be-rights-in-practice\\\/\"},\"author\":{\"name\":\"MODS\",\"@id\":\"https:\\\/\\\/zadecu.org\\\/#\\\/schema\\\/person\\\/ad4f6997e66e4470c1ef6d15dd97b57e\"},\"headline\":\"Unequal Childhoods: Rights on paper should be rights in practice\",\"datePublished\":\"2025-11-21T12:13:13+00:00\",\"dateModified\":\"2025-11-21T12:15:47+00:00\",\"mainEntityOfPage\":{\"@id\":\"https:\\\/\\\/zadecu.org\\\/en\\\/unequal-childhoods-rights-on-paper-should-be-rights-in-practice\\\/\"},\"wordCount\":319,\"publisher\":{\"@id\":\"https:\\\/\\\/zadecu.org\\\/#organization\"},\"image\":{\"@id\":\"https:\\\/\\\/zadecu.org\\\/en\\\/unequal-childhoods-rights-on-paper-should-be-rights-in-practice\\\/#primaryimage\"},\"thumbnailUrl\":\"https:\\\/\\\/zadecu.org\\\/wp-content\\\/uploads\\\/2025\\\/11\\\/EC25_report_cover_HRdigital-scaled.jpg\",\"keywords\":[\"Convention on the Rights of the Child\",\"Member organizations\"],\"articleSection\":[\"European integrations\",\"News\"],\"inLanguage\":\"en-US\"},{\"@type\":\"WebPage\",\"@id\":\"https:\\\/\\\/zadecu.org\\\/en\\\/unequal-childhoods-rights-on-paper-should-be-rights-in-practice\\\/\",\"url\":\"https:\\\/\\\/zadecu.org\\\/en\\\/unequal-childhoods-rights-on-paper-should-be-rights-in-practice\\\/\",\"name\":\"Unequal Childhoods: Rights on paper should be rights in practice - Mre\u017ea organizacija za decu Srbije\",\"isPartOf\":{\"@id\":\"https:\\\/\\\/zadecu.org\\\/#website\"},\"primaryImageOfPage\":{\"@id\":\"https:\\\/\\\/zadecu.org\\\/en\\\/unequal-childhoods-rights-on-paper-should-be-rights-in-practice\\\/#primaryimage\"},\"image\":{\"@id\":\"https:\\\/\\\/zadecu.org\\\/en\\\/unequal-childhoods-rights-on-paper-should-be-rights-in-practice\\\/#primaryimage\"},\"thumbnailUrl\":\"https:\\\/\\\/zadecu.org\\\/wp-content\\\/uploads\\\/2025\\\/11\\\/EC25_report_cover_HRdigital-scaled.jpg\",\"datePublished\":\"2025-11-21T12:13:13+00:00\",\"dateModified\":\"2025-11-21T12:15:47+00:00\",\"description\":\"This report is based on assessments by\u00a084 Eurochild members\u00a0and provides an overview of children\u2019s rights and child poverty\",\"breadcrumb\":{\"@id\":\"https:\\\/\\\/zadecu.org\\\/en\\\/unequal-childhoods-rights-on-paper-should-be-rights-in-practice\\\/#breadcrumb\"},\"inLanguage\":\"en-US\",\"potentialAction\":[{\"@type\":\"ReadAction\",\"target\":[\"https:\\\/\\\/zadecu.org\\\/en\\\/unequal-childhoods-rights-on-paper-should-be-rights-in-practice\\\/\"]}]},{\"@type\":\"ImageObject\",\"inLanguage\":\"en-US\",\"@id\":\"https:\\\/\\\/zadecu.org\\\/en\\\/unequal-childhoods-rights-on-paper-should-be-rights-in-practice\\\/#primaryimage\",\"url\":\"https:\\\/\\\/zadecu.org\\\/wp-content\\\/uploads\\\/2025\\\/11\\\/EC25_report_cover_HRdigital-scaled.jpg\",\"contentUrl\":\"https:\\\/\\\/zadecu.org\\\/wp-content\\\/uploads\\\/2025\\\/11\\\/EC25_report_cover_HRdigital-scaled.jpg\",\"width\":2560,\"height\":1898},{\"@type\":\"BreadcrumbList\",\"@id\":\"https:\\\/\\\/zadecu.org\\\/en\\\/unequal-childhoods-rights-on-paper-should-be-rights-in-practice\\\/#breadcrumb\",\"itemListElement\":[{\"@type\":\"ListItem\",\"position\":1,\"name\":\"Home\",\"item\":\"https:\\\/\\\/zadecu.org\\\/en\\\/\"},{\"@type\":\"ListItem\",\"position\":2,\"name\":\"Unequal Childhoods: Rights on paper should be rights in practice\"}]},{\"@type\":\"WebSite\",\"@id\":\"https:\\\/\\\/zadecu.org\\\/#website\",\"url\":\"https:\\\/\\\/zadecu.org\\\/\",\"name\":\"Mre\u017ea organizacija za decu Srbije\",\"description\":\"Savez organizacija civilnog dru\u0161tva koje se bave za\u0161titom i promocijom prava deteta u Srbiji\",\"publisher\":{\"@id\":\"https:\\\/\\\/zadecu.org\\\/#organization\"},\"potentialAction\":[{\"@type\":\"SearchAction\",\"target\":{\"@type\":\"EntryPoint\",\"urlTemplate\":\"https:\\\/\\\/zadecu.org\\\/?s={search_term_string}\"},\"query-input\":{\"@type\":\"PropertyValueSpecification\",\"valueRequired\":true,\"valueName\":\"search_term_string\"}}],\"inLanguage\":\"en-US\"},{\"@type\":\"Organization\",\"@id\":\"https:\\\/\\\/zadecu.org\\\/#organization\",\"name\":\"Mre\u017ea organizacija za decu Srbije MODS\",\"url\":\"https:\\\/\\\/zadecu.org\\\/\",\"logo\":{\"@type\":\"ImageObject\",\"inLanguage\":\"en-US\",\"@id\":\"https:\\\/\\\/zadecu.org\\\/#\\\/schema\\\/logo\\\/image\\\/\",\"url\":\"http:\\\/\\\/zadecu.org\\\/wp-content\\\/uploads\\\/2019\\\/07\\\/MODS_logo_veci.jpg\",\"contentUrl\":\"http:\\\/\\\/zadecu.org\\\/wp-content\\\/uploads\\\/2019\\\/07\\\/MODS_logo_veci.jpg\",\"width\":798,\"height\":335,\"caption\":\"Mre\u017ea organizacija za decu Srbije MODS\"},\"image\":{\"@id\":\"https:\\\/\\\/zadecu.org\\\/#\\\/schema\\\/logo\\\/image\\\/\"},\"sameAs\":[\"https:\\\/\\\/www.facebook.com\\\/zadecuMODS\\\/\",\"https:\\\/\\\/x.com\\\/zadecuMODS\",\"https:\\\/\\\/www.instagram.com\\\/zadecuMODS\\\/\",\"https:\\\/\\\/www.youtube.com\\\/channel\\\/UC1JWUdo0NzgZJFne1EdFX9A\"]},{\"@type\":\"Person\",\"@id\":\"https:\\\/\\\/zadecu.org\\\/#\\\/schema\\\/person\\\/ad4f6997e66e4470c1ef6d15dd97b57e\",\"name\":\"MODS\",\"image\":{\"@type\":\"ImageObject\",\"inLanguage\":\"en-US\",\"@id\":\"https:\\\/\\\/secure.gravatar.com\\\/avatar\\\/60ee1947f5945cecca76529f5ef348f68d8e771648dbf26d5a30dac2000a09f7?s=96&d=mm&r=g\",\"url\":\"https:\\\/\\\/secure.gravatar.com\\\/avatar\\\/60ee1947f5945cecca76529f5ef348f68d8e771648dbf26d5a30dac2000a09f7?s=96&d=mm&r=g\",\"contentUrl\":\"https:\\\/\\\/secure.gravatar.com\\\/avatar\\\/60ee1947f5945cecca76529f5ef348f68d8e771648dbf26d5a30dac2000a09f7?s=96&d=mm&r=g\",\"caption\":\"MODS\"},\"sameAs\":[\"https:\\\/\\\/www.facebook.com\\\/zadecuMODS\\\/\",\"https:\\\/\\\/x.com\\\/zadecuMODS\"],\"url\":\"https:\\\/\\\/zadecu.org\\\/en\\\/author\\\/ognjen\\\/\"}]}<\/script>\n<!-- \/ Yoast SEO plugin. -->","yoast_head_json":{"title":"Unequal Childhoods: Rights on paper should be rights in practice - Mre\u017ea organizacija za decu Srbije","description":"This report is based on assessments by\u00a084 Eurochild members\u00a0and provides an overview of children\u2019s rights and child poverty","robots":{"index":"index","follow":"follow","max-snippet":"max-snippet:-1","max-image-preview":"max-image-preview:large","max-video-preview":"max-video-preview:-1"},"canonical":"https:\/\/zadecu.org\/en\/unequal-childhoods-rights-on-paper-should-be-rights-in-practice\/","og_locale":"en_US","og_type":"article","og_title":"Unequal Childhoods: Rights on paper should be rights in practice - Mre\u017ea organizacija za decu Srbije","og_description":"This report is based on assessments by\u00a084 Eurochild members\u00a0and provides an overview of children\u2019s rights and child poverty","og_url":"https:\/\/zadecu.org\/en\/unequal-childhoods-rights-on-paper-should-be-rights-in-practice\/","og_site_name":"Mre\u017ea organizacija za decu Srbije","article_publisher":"https:\/\/www.facebook.com\/zadecuMODS\/","article_author":"https:\/\/www.facebook.com\/zadecuMODS\/","article_published_time":"2025-11-21T12:13:13+00:00","article_modified_time":"2025-11-21T12:15:47+00:00","og_image":[{"width":2560,"height":1898,"url":"https:\/\/zadecu.org\/wp-content\/uploads\/2025\/11\/EC25_report_cover_HRdigital-scaled.jpg","type":"image\/jpeg"}],"author":"MODS","twitter_card":"summary_large_image","twitter_creator":"@zadecuMODS","twitter_site":"@zadecuMODS","twitter_misc":{"Written by":"MODS","Est. reading time":"2 minutes"},"schema":{"@context":"https:\/\/schema.org","@graph":[{"@type":"Article","@id":"https:\/\/zadecu.org\/en\/unequal-childhoods-rights-on-paper-should-be-rights-in-practice\/#article","isPartOf":{"@id":"https:\/\/zadecu.org\/en\/unequal-childhoods-rights-on-paper-should-be-rights-in-practice\/"},"author":{"name":"MODS","@id":"https:\/\/zadecu.org\/#\/schema\/person\/ad4f6997e66e4470c1ef6d15dd97b57e"},"headline":"Unequal Childhoods: Rights on paper should be rights in practice","datePublished":"2025-11-21T12:13:13+00:00","dateModified":"2025-11-21T12:15:47+00:00","mainEntityOfPage":{"@id":"https:\/\/zadecu.org\/en\/unequal-childhoods-rights-on-paper-should-be-rights-in-practice\/"},"wordCount":319,"publisher":{"@id":"https:\/\/zadecu.org\/#organization"},"image":{"@id":"https:\/\/zadecu.org\/en\/unequal-childhoods-rights-on-paper-should-be-rights-in-practice\/#primaryimage"},"thumbnailUrl":"https:\/\/zadecu.org\/wp-content\/uploads\/2025\/11\/EC25_report_cover_HRdigital-scaled.jpg","keywords":["Convention on the Rights of the Child","Member organizations"],"articleSection":["European integrations","News"],"inLanguage":"en-US"},{"@type":"WebPage","@id":"https:\/\/zadecu.org\/en\/unequal-childhoods-rights-on-paper-should-be-rights-in-practice\/","url":"https:\/\/zadecu.org\/en\/unequal-childhoods-rights-on-paper-should-be-rights-in-practice\/","name":"Unequal Childhoods: Rights on paper should be rights in practice - Mre\u017ea organizacija za decu Srbije","isPartOf":{"@id":"https:\/\/zadecu.org\/#website"},"primaryImageOfPage":{"@id":"https:\/\/zadecu.org\/en\/unequal-childhoods-rights-on-paper-should-be-rights-in-practice\/#primaryimage"},"image":{"@id":"https:\/\/zadecu.org\/en\/unequal-childhoods-rights-on-paper-should-be-rights-in-practice\/#primaryimage"},"thumbnailUrl":"https:\/\/zadecu.org\/wp-content\/uploads\/2025\/11\/EC25_report_cover_HRdigital-scaled.jpg","datePublished":"2025-11-21T12:13:13+00:00","dateModified":"2025-11-21T12:15:47+00:00","description":"This report is based on assessments by\u00a084 Eurochild members\u00a0and provides an overview of children\u2019s rights and child poverty","breadcrumb":{"@id":"https:\/\/zadecu.org\/en\/unequal-childhoods-rights-on-paper-should-be-rights-in-practice\/#breadcrumb"},"inLanguage":"en-US","potentialAction":[{"@type":"ReadAction","target":["https:\/\/zadecu.org\/en\/unequal-childhoods-rights-on-paper-should-be-rights-in-practice\/"]}]},{"@type":"ImageObject","inLanguage":"en-US","@id":"https:\/\/zadecu.org\/en\/unequal-childhoods-rights-on-paper-should-be-rights-in-practice\/#primaryimage","url":"https:\/\/zadecu.org\/wp-content\/uploads\/2025\/11\/EC25_report_cover_HRdigital-scaled.jpg","contentUrl":"https:\/\/zadecu.org\/wp-content\/uploads\/2025\/11\/EC25_report_cover_HRdigital-scaled.jpg","width":2560,"height":1898},{"@type":"BreadcrumbList","@id":"https:\/\/zadecu.org\/en\/unequal-childhoods-rights-on-paper-should-be-rights-in-practice\/#breadcrumb","itemListElement":[{"@type":"ListItem","position":1,"name":"Home","item":"https:\/\/zadecu.org\/en\/"},{"@type":"ListItem","position":2,"name":"Unequal Childhoods: Rights on paper should be rights in practice"}]},{"@type":"WebSite","@id":"https:\/\/zadecu.org\/#website","url":"https:\/\/zadecu.org\/","name":"Mre\u017ea organizacija za decu Srbije","description":"Savez organizacija civilnog dru\u0161tva koje se bave za\u0161titom i promocijom prava deteta u Srbiji","publisher":{"@id":"https:\/\/zadecu.org\/#organization"},"potentialAction":[{"@type":"SearchAction","target":{"@type":"EntryPoint","urlTemplate":"https:\/\/zadecu.org\/?s={search_term_string}"},"query-input":{"@type":"PropertyValueSpecification","valueRequired":true,"valueName":"search_term_string"}}],"inLanguage":"en-US"},{"@type":"Organization","@id":"https:\/\/zadecu.org\/#organization","name":"Mre\u017ea organizacija za decu Srbije MODS","url":"https:\/\/zadecu.org\/","logo":{"@type":"ImageObject","inLanguage":"en-US","@id":"https:\/\/zadecu.org\/#\/schema\/logo\/image\/","url":"http:\/\/zadecu.org\/wp-content\/uploads\/2019\/07\/MODS_logo_veci.jpg","contentUrl":"http:\/\/zadecu.org\/wp-content\/uploads\/2019\/07\/MODS_logo_veci.jpg","width":798,"height":335,"caption":"Mre\u017ea organizacija za decu Srbije MODS"},"image":{"@id":"https:\/\/zadecu.org\/#\/schema\/logo\/image\/"},"sameAs":["https:\/\/www.facebook.com\/zadecuMODS\/","https:\/\/x.com\/zadecuMODS","https:\/\/www.instagram.com\/zadecuMODS\/","https:\/\/www.youtube.com\/channel\/UC1JWUdo0NzgZJFne1EdFX9A"]},{"@type":"Person","@id":"https:\/\/zadecu.org\/#\/schema\/person\/ad4f6997e66e4470c1ef6d15dd97b57e","name":"MODS","image":{"@type":"ImageObject","inLanguage":"en-US","@id":"https:\/\/secure.gravatar.com\/avatar\/60ee1947f5945cecca76529f5ef348f68d8e771648dbf26d5a30dac2000a09f7?s=96&d=mm&r=g","url":"https:\/\/secure.gravatar.com\/avatar\/60ee1947f5945cecca76529f5ef348f68d8e771648dbf26d5a30dac2000a09f7?s=96&d=mm&r=g","contentUrl":"https:\/\/secure.gravatar.com\/avatar\/60ee1947f5945cecca76529f5ef348f68d8e771648dbf26d5a30dac2000a09f7?s=96&d=mm&r=g","caption":"MODS"},"sameAs":["https:\/\/www.facebook.com\/zadecuMODS\/","https:\/\/x.com\/zadecuMODS"],"url":"https:\/\/zadecu.org\/en\/author\/ognjen\/"}]}},"_links":{"self":[{"href":"https:\/\/zadecu.org\/en\/wp-json\/wp\/v2\/posts\/14266","targetHints":{"allow":["GET"]}}],"collection":[{"href":"https:\/\/zadecu.org\/en\/wp-json\/wp\/v2\/posts"}],"about":[{"href":"https:\/\/zadecu.org\/en\/wp-json\/wp\/v2\/types\/post"}],"author":[{"embeddable":true,"href":"https:\/\/zadecu.org\/en\/wp-json\/wp\/v2\/users\/3"}],"replies":[{"embeddable":true,"href":"https:\/\/zadecu.org\/en\/wp-json\/wp\/v2\/comments?post=14266"}],"version-history":[{"count":0,"href":"https:\/\/zadecu.org\/en\/wp-json\/wp\/v2\/posts\/14266\/revisions"}],"wp:featuredmedia":[{"embeddable":true,"href":"https:\/\/zadecu.org\/en\/wp-json\/wp\/v2\/media\/14267"}],"wp:attachment":[{"href":"https:\/\/zadecu.org\/en\/wp-json\/wp\/v2\/media?parent=14266"}],"wp:term":[{"taxonomy":"category","embeddable":true,"href":"https:\/\/zadecu.org\/en\/wp-json\/wp\/v2\/categories?post=14266"},{"taxonomy":"post_tag","embeddable":true,"href":"https:\/\/zadecu.org\/en\/wp-json\/wp\/v2\/tags?post=14266"}],"curies":[{"name":"wp","href":"https:\/\/api.w.org\/{rel}","templated":true}]}}