
{"id":14264,"date":"2025-11-20T16:18:58","date_gmt":"2025-11-20T16:18:58","guid":{"rendered":"https:\/\/zadecu.org\/?p=14264"},"modified":"2025-11-20T16:19:00","modified_gmt":"2025-11-20T16:19:00","slug":"mods-publishes-new-report-high-school-students-in-protest-in-serbia-their-perspective","status":"publish","type":"post","link":"https:\/\/zadecu.org\/en\/mods-publishes-new-report-high-school-students-in-protest-in-serbia-their-perspective\/","title":{"rendered":"MODS publishes new report: High School Students in Protest in Serbia \u2013 Their Perspective"},"content":{"rendered":"<p style=\"text-align: justify;\" data-start=\"127\" data-end=\"513\">On <strong data-start=\"146\" data-end=\"170\">World Children\u2019s Day<\/strong>, the Network of Organizations for Children of Serbia (MODS) is publishing the report <em data-start=\"256\" data-end=\"320\">\u201c<a href=\"https:\/\/zadecu.org\/wp-content\/uploads\/2025\/11\/EN_19_Nov_High-School-Students-in-Protest-in-Serbia-Their-Perspective.pdf\">High School Students in Protest in Serbia: Their Perspective<\/a>\u201d<\/em>, developed in cooperation with a group of high school students and child rights experts, as part of the preparations for a meeting with the <a href=\"https:\/\/srdefenders.org\/\"><strong data-start=\"461\" data-end=\"512\">UN Special Rapporteur on Human Rights Defenders<\/strong><\/a>.<\/p>\n<p style=\"text-align: justify;\" data-start=\"515\" data-end=\"789\">The report aims to shed light on the experiences, views, and perspectives of young people who, during a period of heightened social and political crisis in Serbia, actively participated in peaceful civic protests in support of democratic values and the rule of law.<\/p>\n<p style=\"text-align: justify;\" data-start=\"791\" data-end=\"1396\">The voices of high school students have often been met with condemnation, disapproval, disregard, or dismissal by political authorities and sections of the media. Despite this, children and young people have demonstrated\u00a0a high level of social awareness, the ability to recognise the root causes of problems in their communities, and a readiness to engage in a responsible and non-violent struggle for a better society. It is for this reason that the largest part of the report is dedicated to their personal testimonies and reflections on their participation in the protests.<\/p>\n<p style=\"text-align: justify;\" data-start=\"1398\" data-end=\"1886\">The second part of the document provides a brief overview of the rights of children human rights defenders, as well as documented violations of these rights, based on testimonies from high school students and other relevant sources. This section of the report serves as a basis for calling on the competent authorities to be held accountable through United Nations human rights mechanisms, with the goal of improving the situation and protection of children\u2019s rights in Serbia.<\/p>\n<p style=\"text-align: justify;\" data-start=\"1888\" data-end=\"1944\">The full report can be downloaded at the following <a href=\"https:\/\/zadecu.org\/wp-content\/uploads\/2025\/11\/EN_19_Nov_High-School-Students-in-Protest-in-Serbia-Their-Perspective.pdf\">link<\/a>.<\/p>\n","protected":false},"excerpt":{"rendered":"<p>On World Children\u2019s Day, the Network of Organizations for Children of Serbia (MODS) is publishing the report \u201cHigh School Students in Protest in Serbia: Their Perspective\u201d, developed in cooperation with a group of high school students and child rights experts, as part of the preparations for a meeting with the UN Special Rapporteur on Human [&hellip;]<\/p>\n","protected":false},"author":3,"featured_media":14262,"comment_status":"closed","ping_status":"closed","sticky":false,"template":"","format":"standard","meta":{"footnotes":""},"categories":[285,52],"tags":[292,304,291],"class_list":["post-14264","post","type-post","status-publish","format-standard","has-post-thumbnail","hentry","category-mods-members-news","category-uncategorized","tag-konvencija-o-pravima-deteta-en","tag-prava-deteta-en","tag-zastita-dece-od-nasilja-en"],"yoast_head":"<!-- This site is optimized with the Yoast SEO plugin v28.0 - https:\/\/yoast.com\/product\/yoast-seo-wordpress\/ -->\n<title>MODS publishes new report: High School Students in Protest in Serbia \u2013 Their Perspective - Mre\u017ea organizacija za decu Srbije<\/title>\n<meta name=\"description\" content=\"On World Children\u2019s Day, the Network of Organizations for Children of Serbia is publishing the report \u201cHigh School Students in Protest in Serbia: Their Perspective\u201d,\" \/>\n<meta name=\"robots\" content=\"index, follow, max-snippet:-1, max-image-preview:large, max-video-preview:-1\" \/>\n<link rel=\"canonical\" href=\"https:\/\/zadecu.org\/en\/mods-publishes-new-report-high-school-students-in-protest-in-serbia-their-perspective\/\" \/>\n<meta property=\"og:locale\" content=\"en_US\" \/>\n<meta property=\"og:type\" content=\"article\" \/>\n<meta property=\"og:title\" content=\"MODS publishes new report: High School Students in Protest in Serbia \u2013 Their Perspective - Mre\u017ea organizacija za decu Srbije\" \/>\n<meta property=\"og:description\" content=\"On World Children\u2019s Day, the Network of Organizations for Children of Serbia is publishing the report \u201cHigh School Students in Protest in Serbia: Their Perspective\u201d,\" \/>\n<meta property=\"og:url\" content=\"https:\/\/zadecu.org\/en\/mods-publishes-new-report-high-school-students-in-protest-in-serbia-their-perspective\/\" \/>\n<meta property=\"og:site_name\" content=\"Mre\u017ea organizacija za decu Srbije\" \/>\n<meta property=\"article:publisher\" content=\"https:\/\/www.facebook.com\/zadecuMODS\/\" \/>\n<meta property=\"article:author\" content=\"https:\/\/www.facebook.com\/zadecuMODS\/\" \/>\n<meta property=\"article:published_time\" content=\"2025-11-20T16:18:58+00:00\" \/>\n<meta property=\"article:modified_time\" content=\"2025-11-20T16:19:00+00:00\" \/>\n<meta property=\"og:image\" content=\"https:\/\/zadecu.org\/wp-content\/uploads\/2025\/11\/Izvestaj.webp\" \/>\n\t<meta property=\"og:image:width\" content=\"1282\" \/>\n\t<meta property=\"og:image:height\" content=\"757\" \/>\n\t<meta property=\"og:image:type\" content=\"image\/webp\" \/>\n<meta name=\"author\" content=\"MODS\" \/>\n<meta name=\"twitter:card\" content=\"summary_large_image\" \/>\n<meta name=\"twitter:creator\" content=\"@zadecuMODS\" \/>\n<meta name=\"twitter:site\" content=\"@zadecuMODS\" \/>\n<meta name=\"twitter:label1\" content=\"Written by\" \/>\n\t<meta name=\"twitter:data1\" content=\"MODS\" \/>\n\t<meta name=\"twitter:label2\" content=\"Est. reading time\" \/>\n\t<meta name=\"twitter:data2\" content=\"2 minutes\" \/>\n<script type=\"application\/ld+json\" class=\"yoast-schema-graph\">{\"@context\":\"https:\\\/\\\/schema.org\",\"@graph\":[{\"@type\":\"Article\",\"@id\":\"https:\\\/\\\/zadecu.org\\\/en\\\/mods-publishes-new-report-high-school-students-in-protest-in-serbia-their-perspective\\\/#article\",\"isPartOf\":{\"@id\":\"https:\\\/\\\/zadecu.org\\\/en\\\/mods-publishes-new-report-high-school-students-in-protest-in-serbia-their-perspective\\\/\"},\"author\":{\"name\":\"MODS\",\"@id\":\"https:\\\/\\\/zadecu.org\\\/#\\\/schema\\\/person\\\/ad4f6997e66e4470c1ef6d15dd97b57e\"},\"headline\":\"MODS publishes new report: High School Students in Protest in Serbia \u2013 Their Perspective\",\"datePublished\":\"2025-11-20T16:18:58+00:00\",\"dateModified\":\"2025-11-20T16:19:00+00:00\",\"mainEntityOfPage\":{\"@id\":\"https:\\\/\\\/zadecu.org\\\/en\\\/mods-publishes-new-report-high-school-students-in-protest-in-serbia-their-perspective\\\/\"},\"wordCount\":292,\"publisher\":{\"@id\":\"https:\\\/\\\/zadecu.org\\\/#organization\"},\"image\":{\"@id\":\"https:\\\/\\\/zadecu.org\\\/en\\\/mods-publishes-new-report-high-school-students-in-protest-in-serbia-their-perspective\\\/#primaryimage\"},\"thumbnailUrl\":\"https:\\\/\\\/zadecu.org\\\/wp-content\\\/uploads\\\/2025\\\/11\\\/Izvestaj.webp\",\"keywords\":[\"Konvencija o pravima deteta\",\"Prava deteta\",\"Za\u0161tita dece od nasilja\"],\"articleSection\":[\"MODS members news\",\"News\"],\"inLanguage\":\"en-US\"},{\"@type\":\"WebPage\",\"@id\":\"https:\\\/\\\/zadecu.org\\\/en\\\/mods-publishes-new-report-high-school-students-in-protest-in-serbia-their-perspective\\\/\",\"url\":\"https:\\\/\\\/zadecu.org\\\/en\\\/mods-publishes-new-report-high-school-students-in-protest-in-serbia-their-perspective\\\/\",\"name\":\"MODS publishes new report: High School Students in Protest in Serbia \u2013 Their Perspective - Mre\u017ea organizacija za decu Srbije\",\"isPartOf\":{\"@id\":\"https:\\\/\\\/zadecu.org\\\/#website\"},\"primaryImageOfPage\":{\"@id\":\"https:\\\/\\\/zadecu.org\\\/en\\\/mods-publishes-new-report-high-school-students-in-protest-in-serbia-their-perspective\\\/#primaryimage\"},\"image\":{\"@id\":\"https:\\\/\\\/zadecu.org\\\/en\\\/mods-publishes-new-report-high-school-students-in-protest-in-serbia-their-perspective\\\/#primaryimage\"},\"thumbnailUrl\":\"https:\\\/\\\/zadecu.org\\\/wp-content\\\/uploads\\\/2025\\\/11\\\/Izvestaj.webp\",\"datePublished\":\"2025-11-20T16:18:58+00:00\",\"dateModified\":\"2025-11-20T16:19:00+00:00\",\"description\":\"On World Children\u2019s Day, the Network of Organizations for Children of Serbia is publishing the report \u201cHigh School Students in Protest in Serbia: Their Perspective\u201d,\",\"breadcrumb\":{\"@id\":\"https:\\\/\\\/zadecu.org\\\/en\\\/mods-publishes-new-report-high-school-students-in-protest-in-serbia-their-perspective\\\/#breadcrumb\"},\"inLanguage\":\"en-US\",\"potentialAction\":[{\"@type\":\"ReadAction\",\"target\":[\"https:\\\/\\\/zadecu.org\\\/en\\\/mods-publishes-new-report-high-school-students-in-protest-in-serbia-their-perspective\\\/\"]}]},{\"@type\":\"ImageObject\",\"inLanguage\":\"en-US\",\"@id\":\"https:\\\/\\\/zadecu.org\\\/en\\\/mods-publishes-new-report-high-school-students-in-protest-in-serbia-their-perspective\\\/#primaryimage\",\"url\":\"https:\\\/\\\/zadecu.org\\\/wp-content\\\/uploads\\\/2025\\\/11\\\/Izvestaj.webp\",\"contentUrl\":\"https:\\\/\\\/zadecu.org\\\/wp-content\\\/uploads\\\/2025\\\/11\\\/Izvestaj.webp\",\"width\":1282,\"height\":757},{\"@type\":\"BreadcrumbList\",\"@id\":\"https:\\\/\\\/zadecu.org\\\/en\\\/mods-publishes-new-report-high-school-students-in-protest-in-serbia-their-perspective\\\/#breadcrumb\",\"itemListElement\":[{\"@type\":\"ListItem\",\"position\":1,\"name\":\"Home\",\"item\":\"https:\\\/\\\/zadecu.org\\\/en\\\/\"},{\"@type\":\"ListItem\",\"position\":2,\"name\":\"MODS publishes new report: High School Students in Protest in Serbia \u2013 Their Perspective\"}]},{\"@type\":\"WebSite\",\"@id\":\"https:\\\/\\\/zadecu.org\\\/#website\",\"url\":\"https:\\\/\\\/zadecu.org\\\/\",\"name\":\"Mre\u017ea organizacija za decu Srbije\",\"description\":\"Savez organizacija civilnog dru\u0161tva koje se bave za\u0161titom i promocijom prava deteta u Srbiji\",\"publisher\":{\"@id\":\"https:\\\/\\\/zadecu.org\\\/#organization\"},\"potentialAction\":[{\"@type\":\"SearchAction\",\"target\":{\"@type\":\"EntryPoint\",\"urlTemplate\":\"https:\\\/\\\/zadecu.org\\\/?s={search_term_string}\"},\"query-input\":{\"@type\":\"PropertyValueSpecification\",\"valueRequired\":true,\"valueName\":\"search_term_string\"}}],\"inLanguage\":\"en-US\"},{\"@type\":\"Organization\",\"@id\":\"https:\\\/\\\/zadecu.org\\\/#organization\",\"name\":\"Mre\u017ea organizacija za decu Srbije MODS\",\"url\":\"https:\\\/\\\/zadecu.org\\\/\",\"logo\":{\"@type\":\"ImageObject\",\"inLanguage\":\"en-US\",\"@id\":\"https:\\\/\\\/zadecu.org\\\/#\\\/schema\\\/logo\\\/image\\\/\",\"url\":\"http:\\\/\\\/zadecu.org\\\/wp-content\\\/uploads\\\/2019\\\/07\\\/MODS_logo_veci.jpg\",\"contentUrl\":\"http:\\\/\\\/zadecu.org\\\/wp-content\\\/uploads\\\/2019\\\/07\\\/MODS_logo_veci.jpg\",\"width\":798,\"height\":335,\"caption\":\"Mre\u017ea organizacija za decu Srbije MODS\"},\"image\":{\"@id\":\"https:\\\/\\\/zadecu.org\\\/#\\\/schema\\\/logo\\\/image\\\/\"},\"sameAs\":[\"https:\\\/\\\/www.facebook.com\\\/zadecuMODS\\\/\",\"https:\\\/\\\/x.com\\\/zadecuMODS\",\"https:\\\/\\\/www.instagram.com\\\/zadecuMODS\\\/\",\"https:\\\/\\\/www.youtube.com\\\/channel\\\/UC1JWUdo0NzgZJFne1EdFX9A\"]},{\"@type\":\"Person\",\"@id\":\"https:\\\/\\\/zadecu.org\\\/#\\\/schema\\\/person\\\/ad4f6997e66e4470c1ef6d15dd97b57e\",\"name\":\"MODS\",\"image\":{\"@type\":\"ImageObject\",\"inLanguage\":\"en-US\",\"@id\":\"https:\\\/\\\/secure.gravatar.com\\\/avatar\\\/60ee1947f5945cecca76529f5ef348f68d8e771648dbf26d5a30dac2000a09f7?s=96&d=mm&r=g\",\"url\":\"https:\\\/\\\/secure.gravatar.com\\\/avatar\\\/60ee1947f5945cecca76529f5ef348f68d8e771648dbf26d5a30dac2000a09f7?s=96&d=mm&r=g\",\"contentUrl\":\"https:\\\/\\\/secure.gravatar.com\\\/avatar\\\/60ee1947f5945cecca76529f5ef348f68d8e771648dbf26d5a30dac2000a09f7?s=96&d=mm&r=g\",\"caption\":\"MODS\"},\"sameAs\":[\"https:\\\/\\\/www.facebook.com\\\/zadecuMODS\\\/\",\"https:\\\/\\\/x.com\\\/zadecuMODS\"],\"url\":\"https:\\\/\\\/zadecu.org\\\/en\\\/author\\\/ognjen\\\/\"}]}<\/script>\n<!-- \/ Yoast SEO plugin. -->","yoast_head_json":{"title":"MODS publishes new report: High School Students in Protest in Serbia \u2013 Their Perspective - Mre\u017ea organizacija za decu Srbije","description":"On World Children\u2019s Day, the Network of Organizations for Children of Serbia is publishing the report \u201cHigh School Students in Protest in Serbia: Their Perspective\u201d,","robots":{"index":"index","follow":"follow","max-snippet":"max-snippet:-1","max-image-preview":"max-image-preview:large","max-video-preview":"max-video-preview:-1"},"canonical":"https:\/\/zadecu.org\/en\/mods-publishes-new-report-high-school-students-in-protest-in-serbia-their-perspective\/","og_locale":"en_US","og_type":"article","og_title":"MODS publishes new report: High School Students in Protest in Serbia \u2013 Their Perspective - Mre\u017ea organizacija za decu Srbije","og_description":"On World Children\u2019s Day, the Network of Organizations for Children of Serbia is publishing the report \u201cHigh School Students in Protest in Serbia: Their Perspective\u201d,","og_url":"https:\/\/zadecu.org\/en\/mods-publishes-new-report-high-school-students-in-protest-in-serbia-their-perspective\/","og_site_name":"Mre\u017ea organizacija za decu Srbije","article_publisher":"https:\/\/www.facebook.com\/zadecuMODS\/","article_author":"https:\/\/www.facebook.com\/zadecuMODS\/","article_published_time":"2025-11-20T16:18:58+00:00","article_modified_time":"2025-11-20T16:19:00+00:00","og_image":[{"width":1282,"height":757,"url":"https:\/\/zadecu.org\/wp-content\/uploads\/2025\/11\/Izvestaj.webp","type":"image\/webp"}],"author":"MODS","twitter_card":"summary_large_image","twitter_creator":"@zadecuMODS","twitter_site":"@zadecuMODS","twitter_misc":{"Written by":"MODS","Est. reading time":"2 minutes"},"schema":{"@context":"https:\/\/schema.org","@graph":[{"@type":"Article","@id":"https:\/\/zadecu.org\/en\/mods-publishes-new-report-high-school-students-in-protest-in-serbia-their-perspective\/#article","isPartOf":{"@id":"https:\/\/zadecu.org\/en\/mods-publishes-new-report-high-school-students-in-protest-in-serbia-their-perspective\/"},"author":{"name":"MODS","@id":"https:\/\/zadecu.org\/#\/schema\/person\/ad4f6997e66e4470c1ef6d15dd97b57e"},"headline":"MODS publishes new report: High School Students in Protest in Serbia \u2013 Their Perspective","datePublished":"2025-11-20T16:18:58+00:00","dateModified":"2025-11-20T16:19:00+00:00","mainEntityOfPage":{"@id":"https:\/\/zadecu.org\/en\/mods-publishes-new-report-high-school-students-in-protest-in-serbia-their-perspective\/"},"wordCount":292,"publisher":{"@id":"https:\/\/zadecu.org\/#organization"},"image":{"@id":"https:\/\/zadecu.org\/en\/mods-publishes-new-report-high-school-students-in-protest-in-serbia-their-perspective\/#primaryimage"},"thumbnailUrl":"https:\/\/zadecu.org\/wp-content\/uploads\/2025\/11\/Izvestaj.webp","keywords":["Konvencija o pravima deteta","Prava deteta","Za\u0161tita dece od nasilja"],"articleSection":["MODS members news","News"],"inLanguage":"en-US"},{"@type":"WebPage","@id":"https:\/\/zadecu.org\/en\/mods-publishes-new-report-high-school-students-in-protest-in-serbia-their-perspective\/","url":"https:\/\/zadecu.org\/en\/mods-publishes-new-report-high-school-students-in-protest-in-serbia-their-perspective\/","name":"MODS publishes new report: High School Students in Protest in Serbia \u2013 Their Perspective - Mre\u017ea organizacija za decu Srbije","isPartOf":{"@id":"https:\/\/zadecu.org\/#website"},"primaryImageOfPage":{"@id":"https:\/\/zadecu.org\/en\/mods-publishes-new-report-high-school-students-in-protest-in-serbia-their-perspective\/#primaryimage"},"image":{"@id":"https:\/\/zadecu.org\/en\/mods-publishes-new-report-high-school-students-in-protest-in-serbia-their-perspective\/#primaryimage"},"thumbnailUrl":"https:\/\/zadecu.org\/wp-content\/uploads\/2025\/11\/Izvestaj.webp","datePublished":"2025-11-20T16:18:58+00:00","dateModified":"2025-11-20T16:19:00+00:00","description":"On World Children\u2019s Day, the Network of Organizations for Children of Serbia is publishing the report \u201cHigh School Students in Protest in Serbia: Their Perspective\u201d,","breadcrumb":{"@id":"https:\/\/zadecu.org\/en\/mods-publishes-new-report-high-school-students-in-protest-in-serbia-their-perspective\/#breadcrumb"},"inLanguage":"en-US","potentialAction":[{"@type":"ReadAction","target":["https:\/\/zadecu.org\/en\/mods-publishes-new-report-high-school-students-in-protest-in-serbia-their-perspective\/"]}]},{"@type":"ImageObject","inLanguage":"en-US","@id":"https:\/\/zadecu.org\/en\/mods-publishes-new-report-high-school-students-in-protest-in-serbia-their-perspective\/#primaryimage","url":"https:\/\/zadecu.org\/wp-content\/uploads\/2025\/11\/Izvestaj.webp","contentUrl":"https:\/\/zadecu.org\/wp-content\/uploads\/2025\/11\/Izvestaj.webp","width":1282,"height":757},{"@type":"BreadcrumbList","@id":"https:\/\/zadecu.org\/en\/mods-publishes-new-report-high-school-students-in-protest-in-serbia-their-perspective\/#breadcrumb","itemListElement":[{"@type":"ListItem","position":1,"name":"Home","item":"https:\/\/zadecu.org\/en\/"},{"@type":"ListItem","position":2,"name":"MODS publishes new report: High School Students in Protest in Serbia \u2013 Their Perspective"}]},{"@type":"WebSite","@id":"https:\/\/zadecu.org\/#website","url":"https:\/\/zadecu.org\/","name":"Mre\u017ea organizacija za decu Srbije","description":"Savez organizacija civilnog dru\u0161tva koje se bave za\u0161titom i promocijom prava deteta u Srbiji","publisher":{"@id":"https:\/\/zadecu.org\/#organization"},"potentialAction":[{"@type":"SearchAction","target":{"@type":"EntryPoint","urlTemplate":"https:\/\/zadecu.org\/?s={search_term_string}"},"query-input":{"@type":"PropertyValueSpecification","valueRequired":true,"valueName":"search_term_string"}}],"inLanguage":"en-US"},{"@type":"Organization","@id":"https:\/\/zadecu.org\/#organization","name":"Mre\u017ea organizacija za decu Srbije MODS","url":"https:\/\/zadecu.org\/","logo":{"@type":"ImageObject","inLanguage":"en-US","@id":"https:\/\/zadecu.org\/#\/schema\/logo\/image\/","url":"http:\/\/zadecu.org\/wp-content\/uploads\/2019\/07\/MODS_logo_veci.jpg","contentUrl":"http:\/\/zadecu.org\/wp-content\/uploads\/2019\/07\/MODS_logo_veci.jpg","width":798,"height":335,"caption":"Mre\u017ea organizacija za decu Srbije MODS"},"image":{"@id":"https:\/\/zadecu.org\/#\/schema\/logo\/image\/"},"sameAs":["https:\/\/www.facebook.com\/zadecuMODS\/","https:\/\/x.com\/zadecuMODS","https:\/\/www.instagram.com\/zadecuMODS\/","https:\/\/www.youtube.com\/channel\/UC1JWUdo0NzgZJFne1EdFX9A"]},{"@type":"Person","@id":"https:\/\/zadecu.org\/#\/schema\/person\/ad4f6997e66e4470c1ef6d15dd97b57e","name":"MODS","image":{"@type":"ImageObject","inLanguage":"en-US","@id":"https:\/\/secure.gravatar.com\/avatar\/60ee1947f5945cecca76529f5ef348f68d8e771648dbf26d5a30dac2000a09f7?s=96&d=mm&r=g","url":"https:\/\/secure.gravatar.com\/avatar\/60ee1947f5945cecca76529f5ef348f68d8e771648dbf26d5a30dac2000a09f7?s=96&d=mm&r=g","contentUrl":"https:\/\/secure.gravatar.com\/avatar\/60ee1947f5945cecca76529f5ef348f68d8e771648dbf26d5a30dac2000a09f7?s=96&d=mm&r=g","caption":"MODS"},"sameAs":["https:\/\/www.facebook.com\/zadecuMODS\/","https:\/\/x.com\/zadecuMODS"],"url":"https:\/\/zadecu.org\/en\/author\/ognjen\/"}]}},"_links":{"self":[{"href":"https:\/\/zadecu.org\/en\/wp-json\/wp\/v2\/posts\/14264","targetHints":{"allow":["GET"]}}],"collection":[{"href":"https:\/\/zadecu.org\/en\/wp-json\/wp\/v2\/posts"}],"about":[{"href":"https:\/\/zadecu.org\/en\/wp-json\/wp\/v2\/types\/post"}],"author":[{"embeddable":true,"href":"https:\/\/zadecu.org\/en\/wp-json\/wp\/v2\/users\/3"}],"replies":[{"embeddable":true,"href":"https:\/\/zadecu.org\/en\/wp-json\/wp\/v2\/comments?post=14264"}],"version-history":[{"count":0,"href":"https:\/\/zadecu.org\/en\/wp-json\/wp\/v2\/posts\/14264\/revisions"}],"wp:featuredmedia":[{"embeddable":true,"href":"https:\/\/zadecu.org\/en\/wp-json\/wp\/v2\/media\/14262"}],"wp:attachment":[{"href":"https:\/\/zadecu.org\/en\/wp-json\/wp\/v2\/media?parent=14264"}],"wp:term":[{"taxonomy":"category","embeddable":true,"href":"https:\/\/zadecu.org\/en\/wp-json\/wp\/v2\/categories?post=14264"},{"taxonomy":"post_tag","embeddable":true,"href":"https:\/\/zadecu.org\/en\/wp-json\/wp\/v2\/tags?post=14264"}],"curies":[{"name":"wp","href":"https:\/\/api.w.org\/{rel}","templated":true}]}}