
{"id":13914,"date":"2025-08-08T20:32:17","date_gmt":"2025-08-08T20:32:17","guid":{"rendered":"https:\/\/zadecu.org\/?p=13914"},"modified":"2025-08-08T20:32:19","modified_gmt":"2025-08-08T20:32:19","slug":"serbia-must-halt-crackdown-on-student-movement-uphold-human-rights-and-academic-freedom-un-experts","status":"publish","type":"post","link":"https:\/\/zadecu.org\/en\/serbia-must-halt-crackdown-on-student-movement-uphold-human-rights-and-academic-freedom-un-experts\/","title":{"rendered":"Serbia must halt crackdown on student movement, uphold human rights and academic freedom: UN experts"},"content":{"rendered":"<div class=\"node-news__body\">\n<div class=\"wysiwyg-content field field--name-body field--type-text-with-summary field--label-hidden field__item\">\n<p class=\"text--body-copy--gray without-margins\" style=\"text-align: justify;\"><strong>GENEVA<\/strong>\u00a0\u2013 <a href=\"https:\/\/www.ohchr.org\/en\/press-releases\/2025\/08\/serbia-must-halt-crackdown-student-movement-uphold-human-rights-and-academic\">UN human rights experts<\/a>* expressed deep concern over Serbia\u2019s intensifying crackdown on students, professors, human rights defenders, civil society actors and citizens amid one of the largest protest movements in the country\u2019s recent history.<\/p>\n<p style=\"text-align: justify;\">\u201cWhat we are witnessing in Serbia is a systematic attempt to silence critical voices and dismantle the independence of academic institutions,\u201d the experts said. \u201cThis is not just a student protest \u2014 it is a test of human rights accountability and democratic resilience.\u201d<\/p>\n<p style=\"text-align: justify;\">\u201cAccess to justice, effective remedies and reparation is a fundamental right under international human rights law,\u201d the experts said. \u201cVictims of human rights violations must be able to seek justice, obtain redress, and be protected from further harm and retaliation.\u201d<\/p>\n<p style=\"text-align: justify;\">The protests, led by the \u201cStudents in Blockade\u201d movement, erupted in late 2024 and have since swept across Serbia. What began as a call for accountability following the tragic collapse of the Novi Sad railway canopy \u2014 which killed 16 people and severely injured others \u2014 has grown into a nationwide demand for accountability, transparency, justice, and investment in education. The movement reached a peak in March 2025, when hundreds of thousands of people gathered in Belgrade in a powerful display of civic unity, the experts said.<\/p>\n<p style=\"text-align: justify;\">The experts noted that the Government\u2019s response has been marked by a troubling pattern of repression. Peaceful demonstrators have reportedly faced intimidation, physical attacks, surveillance, and arrests, often without legal justification. Students and university officials have allegedly been targeted in coordinated smear campaigns, with state-aligned media publishing hundreds of defamatory articles, and labelling demonstrators as &#8216;terrorists\u2019, a term also used by government representatives.<\/p>\n<p style=\"text-align: justify;\">Since late June 2025, Serbia has experienced an escalation in policing of peaceful, student-led protests, with reports indicating that, at certain junctions, over 200 demonstrations have occurred daily<strong>.<\/strong>\u00a0Authorities have responded with excessive force, arbitrary arrests, and prolonged detentions, including among high school and university students. Reports of unlawful surveillance, serious injuries, and the deployment of unidentified or plainclothes officers have raised grave concerns about transparency, accountability, and respect for human rights. \u201cInstead of listening young people\u2019s voices, the Government has chosen to punish them,\u201d the experts said. \u201cThis approach not only violates international human rights standards, but also, by its very nature, undermines the very foundation of a democratic society.\u201d<\/p>\n<p style=\"text-align: justify;\">They stressed that educational institutions have come under pressure. Faculty salaries have been slashed and\/or suspended and research funding drastically reduced. Highschool teachers and students have reportedly been subjected to administrative scrutiny and threats of disciplinary action for participating in or supporting the demonstrations.<\/p>\n<p style=\"text-align: justify;\">\u201cAs the academic year closes and enrolment begins, we urge Serbia to renew its commitment to human rights and meaningful dialogue,\u201d the experts said, hopeful that the new school year will enable students and educators to learn and teach free from intimidation. They stressed that academic freedom and student rights are pillars of any democratic and inclusive society.<\/p>\n<p style=\"text-align: justify;\">The UN experts called on the Serbian Government to immediately cease all forms of retaliation and intimidation, ensure the safety and rights of students, educators, human rights defenders, civil society actors and citizens and engage in meaningful dialogue with academic institutions.<\/p>\n<\/div>\n<\/div>\n<div class=\"node-news__text-block\">\n<div class=\"field field--name-field-components-list field--type-entity-reference-revisions field--label-hidden field__items\">\n<div class=\"field__item\">\n<div class=\"paragraph-bg-color paragraph para-text container paragraph--type--text-component paragraph--view-mode--default\">\n<div class=\"para-text--description wysiwyg-content\">\n<p style=\"text-align: justify;\">*The experts:<\/p>\n<ul style=\"text-align: justify;\" type=\"disc\">\n<li><strong>Farida Shaheed<\/strong>,\u00a0<a href=\"https:\/\/www.ohchr.org\/en\/special-procedures\/sr-education\">Special Rapporteur on the right to education<\/a>;<\/li>\n<li><strong>Alexandra Xanthaki<\/strong>,\u00a0<a href=\"https:\/\/www.ohchr.org\/en\/special-procedures\/sr-cultural-rights\">Special Rapporteur in the field of cultural rights<\/a>;<\/li>\n<li><strong>Irene Khan<\/strong>,\u00a0<a href=\"https:\/\/www.ohchr.org\/en\/special-procedures\/sr-freedom-of-opinion-and-expression\">Special Rapporteur on freedom of opinion and expression<\/a>;<\/li>\n<li><strong>Gina Romero<\/strong>,\u00a0<a href=\"https:\/\/www.ohchr.org\/en\/special-procedures\/sr-freedom-of-assembly-and-association\">Special Rapporteur on freedom of peaceful assembly and of association<\/a>;<\/li>\n<li><strong>Mary Lawlor<\/strong>,\u00a0<a href=\"https:\/\/www.ohchr.org\/en\/special-procedures\/sr-human-rights-defenders\">Special Rapporteur on human rights defenders<\/a>;<\/li>\n<li><strong>George Katrougalos<\/strong>,\u00a0<a href=\"https:\/\/www.ohchr.org\/en\/special-procedures\/ie-international-order\">Independent Expert on international order<\/a>;<\/li>\n<li><strong>Ben Saul<\/strong>,\u00a0<a href=\"https:\/\/www.ohchr.org\/en\/special-procedures\/sr-terrorism\">Special Rapporteur on counter-terrorism and human rights<\/a>.<\/li>\n<\/ul>\n<p style=\"text-align: justify;\">Special Rapporteurs\/Independent Experts\/Working Groups are independent human rights experts appointed by the United Nations Human Rights Council. Together, these experts are referred to as the\u00a0<a href=\"https:\/\/www.ohchr.org\/en\/special-procedures-human-rights-council\" target=\"_blank\" rel=\"noopener\">Special Procedures<\/a>\u00a0of the Human Rights Council. Special Procedures experts work on a voluntary basis; they are not UN staff and do not receive a salary for their work. While the UN Human Rights office acts as the secretariat for Special Procedures, the experts serve in their individual capacity and are independent from\u202fany government or organization, including OHCHR and the UN. Any views or opinions presented are solely those of the author and do not necessarily represent those of the UN or OHCHR.<\/p>\n<p style=\"text-align: justify;\">Country-specific observations and recommendations by the UN human rights mechanisms, including the special procedures, the treaty bodies and the Universal Periodic Review, can be found on the Universal Human Rights Index\u00a0<a href=\"https:\/\/uhri.ohchr.org\/en\/\">https:\/\/uhri.ohchr.org\/en\/<\/a>.<\/p>\n<p style=\"text-align: justify;\">UN Human Rights, country page:\u00a0<a href=\"https:\/\/www.ohchr.org\/en\/countries\/serbia\">Serbia<\/a><\/p>\n<p style=\"text-align: justify;\">For media inquiries related to other UN independent experts please contact Maya Derouaz (<a href=\"https:\/\/mail.google.com\/mail\/?view=cm&amp;fs=1&amp;tf=1&amp;to=maya.derouaz@un.org\" target=\"_blank\" rel=\"noopener\">maya.derouaz@un.org<\/a>) or Dharisha Indraguptha (<a href=\"https:\/\/mail.google.com\/mail\/?view=cm&amp;fs=1&amp;tf=1&amp;to=dharisha.indraguptha@un.org\" target=\"_blank\" rel=\"noopener\">dharisha.indraguptha@un.org<\/a>)<\/p>\n<p style=\"text-align: justify;\">Follow news related to the UN\u2019s independent human rights experts on X:\u00a0<a href=\"https:\/\/twitter.com\/UN_SPExperts\">@UN_SPExperts<\/a>.<\/p>\n<\/div>\n<\/div>\n<\/div>\n<\/div>\n<\/div>\n","protected":false},"excerpt":{"rendered":"<p>GENEVA\u00a0\u2013 UN human rights experts* expressed deep concern over Serbia\u2019s intensifying crackdown on students, professors, human rights defenders, civil society actors and citizens amid one of the largest protest movements in the country\u2019s recent history. \u201cWhat we are witnessing in Serbia is a systematic attempt to silence critical voices and dismantle the independence of academic [&hellip;]<\/p>\n","protected":false},"author":3,"featured_media":13915,"comment_status":"closed","ping_status":"closed","sticky":false,"template":"","format":"standard","meta":{"footnotes":""},"categories":[52],"tags":[359],"class_list":["post-13914","post","type-post","status-publish","format-standard","has-post-thumbnail","hentry","category-uncategorized","tag-united-nations"],"yoast_head":"<!-- This site is optimized with the Yoast SEO plugin v28.0 - https:\/\/yoast.com\/product\/yoast-seo-wordpress\/ -->\n<title>Serbia must halt crackdown on student movement, uphold human rights and academic freedom: UN experts - Mre\u017ea organizacija za decu Srbije<\/title>\n<meta name=\"description\" content=\"UN human rights experts* expressed deep concern over Serbia\u2019s intensifying crackdown on students, professors, human rights defenders,\" \/>\n<meta name=\"robots\" content=\"index, follow, max-snippet:-1, max-image-preview:large, max-video-preview:-1\" \/>\n<link rel=\"canonical\" href=\"https:\/\/zadecu.org\/en\/serbia-must-halt-crackdown-on-student-movement-uphold-human-rights-and-academic-freedom-un-experts\/\" \/>\n<meta property=\"og:locale\" content=\"en_US\" \/>\n<meta property=\"og:type\" content=\"article\" \/>\n<meta property=\"og:title\" content=\"Serbia must halt crackdown on student movement, uphold human rights and academic freedom: UN experts - Mre\u017ea organizacija za decu Srbije\" \/>\n<meta property=\"og:description\" content=\"UN human rights experts* expressed deep concern over Serbia\u2019s intensifying crackdown on students, professors, human rights defenders,\" \/>\n<meta property=\"og:url\" content=\"https:\/\/zadecu.org\/en\/serbia-must-halt-crackdown-on-student-movement-uphold-human-rights-and-academic-freedom-un-experts\/\" \/>\n<meta property=\"og:site_name\" content=\"Mre\u017ea organizacija za decu Srbije\" \/>\n<meta property=\"article:publisher\" content=\"https:\/\/www.facebook.com\/zadecuMODS\/\" \/>\n<meta property=\"article:author\" content=\"https:\/\/www.facebook.com\/zadecuMODS\/\" \/>\n<meta property=\"article:published_time\" content=\"2025-08-08T20:32:17+00:00\" \/>\n<meta property=\"article:modified_time\" content=\"2025-08-08T20:32:19+00:00\" \/>\n<meta property=\"og:image\" content=\"https:\/\/zadecu.org\/wp-content\/uploads\/2025\/08\/logo_UN.webp\" \/>\n\t<meta property=\"og:image:width\" content=\"253\" \/>\n\t<meta property=\"og:image:height\" content=\"86\" \/>\n\t<meta property=\"og:image:type\" content=\"image\/webp\" \/>\n<meta name=\"author\" content=\"MODS\" \/>\n<meta name=\"twitter:card\" content=\"summary_large_image\" \/>\n<meta name=\"twitter:creator\" content=\"@zadecuMODS\" \/>\n<meta name=\"twitter:site\" content=\"@zadecuMODS\" \/>\n<meta name=\"twitter:label1\" content=\"Written by\" \/>\n\t<meta name=\"twitter:data1\" content=\"MODS\" \/>\n\t<meta name=\"twitter:label2\" content=\"Est. reading time\" \/>\n\t<meta name=\"twitter:data2\" content=\"5 minutes\" \/>\n<script type=\"application\/ld+json\" class=\"yoast-schema-graph\">{\"@context\":\"https:\\\/\\\/schema.org\",\"@graph\":[{\"@type\":\"Article\",\"@id\":\"https:\\\/\\\/zadecu.org\\\/en\\\/serbia-must-halt-crackdown-on-student-movement-uphold-human-rights-and-academic-freedom-un-experts\\\/#article\",\"isPartOf\":{\"@id\":\"https:\\\/\\\/zadecu.org\\\/en\\\/serbia-must-halt-crackdown-on-student-movement-uphold-human-rights-and-academic-freedom-un-experts\\\/\"},\"author\":{\"name\":\"MODS\",\"@id\":\"https:\\\/\\\/zadecu.org\\\/#\\\/schema\\\/person\\\/ad4f6997e66e4470c1ef6d15dd97b57e\"},\"headline\":\"Serbia must halt crackdown on student movement, uphold human rights and academic freedom: UN experts\",\"datePublished\":\"2025-08-08T20:32:17+00:00\",\"dateModified\":\"2025-08-08T20:32:19+00:00\",\"mainEntityOfPage\":{\"@id\":\"https:\\\/\\\/zadecu.org\\\/en\\\/serbia-must-halt-crackdown-on-student-movement-uphold-human-rights-and-academic-freedom-un-experts\\\/\"},\"wordCount\":793,\"publisher\":{\"@id\":\"https:\\\/\\\/zadecu.org\\\/#organization\"},\"image\":{\"@id\":\"https:\\\/\\\/zadecu.org\\\/en\\\/serbia-must-halt-crackdown-on-student-movement-uphold-human-rights-and-academic-freedom-un-experts\\\/#primaryimage\"},\"thumbnailUrl\":\"https:\\\/\\\/zadecu.org\\\/wp-content\\\/uploads\\\/2025\\\/08\\\/logo_UN.webp\",\"keywords\":[\"United Nations\"],\"articleSection\":[\"News\"],\"inLanguage\":\"en-US\"},{\"@type\":\"WebPage\",\"@id\":\"https:\\\/\\\/zadecu.org\\\/en\\\/serbia-must-halt-crackdown-on-student-movement-uphold-human-rights-and-academic-freedom-un-experts\\\/\",\"url\":\"https:\\\/\\\/zadecu.org\\\/en\\\/serbia-must-halt-crackdown-on-student-movement-uphold-human-rights-and-academic-freedom-un-experts\\\/\",\"name\":\"Serbia must halt crackdown on student movement, uphold human rights and academic freedom: UN experts - Mre\u017ea organizacija za decu Srbije\",\"isPartOf\":{\"@id\":\"https:\\\/\\\/zadecu.org\\\/#website\"},\"primaryImageOfPage\":{\"@id\":\"https:\\\/\\\/zadecu.org\\\/en\\\/serbia-must-halt-crackdown-on-student-movement-uphold-human-rights-and-academic-freedom-un-experts\\\/#primaryimage\"},\"image\":{\"@id\":\"https:\\\/\\\/zadecu.org\\\/en\\\/serbia-must-halt-crackdown-on-student-movement-uphold-human-rights-and-academic-freedom-un-experts\\\/#primaryimage\"},\"thumbnailUrl\":\"https:\\\/\\\/zadecu.org\\\/wp-content\\\/uploads\\\/2025\\\/08\\\/logo_UN.webp\",\"datePublished\":\"2025-08-08T20:32:17+00:00\",\"dateModified\":\"2025-08-08T20:32:19+00:00\",\"description\":\"UN human rights experts* expressed deep concern over Serbia\u2019s intensifying crackdown on students, professors, human rights defenders,\",\"breadcrumb\":{\"@id\":\"https:\\\/\\\/zadecu.org\\\/en\\\/serbia-must-halt-crackdown-on-student-movement-uphold-human-rights-and-academic-freedom-un-experts\\\/#breadcrumb\"},\"inLanguage\":\"en-US\",\"potentialAction\":[{\"@type\":\"ReadAction\",\"target\":[\"https:\\\/\\\/zadecu.org\\\/en\\\/serbia-must-halt-crackdown-on-student-movement-uphold-human-rights-and-academic-freedom-un-experts\\\/\"]}]},{\"@type\":\"ImageObject\",\"inLanguage\":\"en-US\",\"@id\":\"https:\\\/\\\/zadecu.org\\\/en\\\/serbia-must-halt-crackdown-on-student-movement-uphold-human-rights-and-academic-freedom-un-experts\\\/#primaryimage\",\"url\":\"https:\\\/\\\/zadecu.org\\\/wp-content\\\/uploads\\\/2025\\\/08\\\/logo_UN.webp\",\"contentUrl\":\"https:\\\/\\\/zadecu.org\\\/wp-content\\\/uploads\\\/2025\\\/08\\\/logo_UN.webp\",\"width\":253,\"height\":86},{\"@type\":\"BreadcrumbList\",\"@id\":\"https:\\\/\\\/zadecu.org\\\/en\\\/serbia-must-halt-crackdown-on-student-movement-uphold-human-rights-and-academic-freedom-un-experts\\\/#breadcrumb\",\"itemListElement\":[{\"@type\":\"ListItem\",\"position\":1,\"name\":\"Home\",\"item\":\"https:\\\/\\\/zadecu.org\\\/en\\\/\"},{\"@type\":\"ListItem\",\"position\":2,\"name\":\"Serbia must halt crackdown on student movement, uphold human rights and academic freedom: UN experts\"}]},{\"@type\":\"WebSite\",\"@id\":\"https:\\\/\\\/zadecu.org\\\/#website\",\"url\":\"https:\\\/\\\/zadecu.org\\\/\",\"name\":\"Mre\u017ea organizacija za decu Srbije\",\"description\":\"Savez organizacija civilnog dru\u0161tva koje se bave za\u0161titom i promocijom prava deteta u Srbiji\",\"publisher\":{\"@id\":\"https:\\\/\\\/zadecu.org\\\/#organization\"},\"potentialAction\":[{\"@type\":\"SearchAction\",\"target\":{\"@type\":\"EntryPoint\",\"urlTemplate\":\"https:\\\/\\\/zadecu.org\\\/?s={search_term_string}\"},\"query-input\":{\"@type\":\"PropertyValueSpecification\",\"valueRequired\":true,\"valueName\":\"search_term_string\"}}],\"inLanguage\":\"en-US\"},{\"@type\":\"Organization\",\"@id\":\"https:\\\/\\\/zadecu.org\\\/#organization\",\"name\":\"Mre\u017ea organizacija za decu Srbije MODS\",\"url\":\"https:\\\/\\\/zadecu.org\\\/\",\"logo\":{\"@type\":\"ImageObject\",\"inLanguage\":\"en-US\",\"@id\":\"https:\\\/\\\/zadecu.org\\\/#\\\/schema\\\/logo\\\/image\\\/\",\"url\":\"http:\\\/\\\/zadecu.org\\\/wp-content\\\/uploads\\\/2019\\\/07\\\/MODS_logo_veci.jpg\",\"contentUrl\":\"http:\\\/\\\/zadecu.org\\\/wp-content\\\/uploads\\\/2019\\\/07\\\/MODS_logo_veci.jpg\",\"width\":798,\"height\":335,\"caption\":\"Mre\u017ea organizacija za decu Srbije MODS\"},\"image\":{\"@id\":\"https:\\\/\\\/zadecu.org\\\/#\\\/schema\\\/logo\\\/image\\\/\"},\"sameAs\":[\"https:\\\/\\\/www.facebook.com\\\/zadecuMODS\\\/\",\"https:\\\/\\\/x.com\\\/zadecuMODS\",\"https:\\\/\\\/www.instagram.com\\\/zadecuMODS\\\/\",\"https:\\\/\\\/www.youtube.com\\\/channel\\\/UC1JWUdo0NzgZJFne1EdFX9A\"]},{\"@type\":\"Person\",\"@id\":\"https:\\\/\\\/zadecu.org\\\/#\\\/schema\\\/person\\\/ad4f6997e66e4470c1ef6d15dd97b57e\",\"name\":\"MODS\",\"image\":{\"@type\":\"ImageObject\",\"inLanguage\":\"en-US\",\"@id\":\"https:\\\/\\\/secure.gravatar.com\\\/avatar\\\/60ee1947f5945cecca76529f5ef348f68d8e771648dbf26d5a30dac2000a09f7?s=96&d=mm&r=g\",\"url\":\"https:\\\/\\\/secure.gravatar.com\\\/avatar\\\/60ee1947f5945cecca76529f5ef348f68d8e771648dbf26d5a30dac2000a09f7?s=96&d=mm&r=g\",\"contentUrl\":\"https:\\\/\\\/secure.gravatar.com\\\/avatar\\\/60ee1947f5945cecca76529f5ef348f68d8e771648dbf26d5a30dac2000a09f7?s=96&d=mm&r=g\",\"caption\":\"MODS\"},\"sameAs\":[\"https:\\\/\\\/www.facebook.com\\\/zadecuMODS\\\/\",\"https:\\\/\\\/x.com\\\/zadecuMODS\"],\"url\":\"https:\\\/\\\/zadecu.org\\\/en\\\/author\\\/ognjen\\\/\"}]}<\/script>\n<!-- \/ Yoast SEO plugin. -->","yoast_head_json":{"title":"Serbia must halt crackdown on student movement, uphold human rights and academic freedom: UN experts - Mre\u017ea organizacija za decu Srbije","description":"UN human rights experts* expressed deep concern over Serbia\u2019s intensifying crackdown on students, professors, human rights defenders,","robots":{"index":"index","follow":"follow","max-snippet":"max-snippet:-1","max-image-preview":"max-image-preview:large","max-video-preview":"max-video-preview:-1"},"canonical":"https:\/\/zadecu.org\/en\/serbia-must-halt-crackdown-on-student-movement-uphold-human-rights-and-academic-freedom-un-experts\/","og_locale":"en_US","og_type":"article","og_title":"Serbia must halt crackdown on student movement, uphold human rights and academic freedom: UN experts - Mre\u017ea organizacija za decu Srbije","og_description":"UN human rights experts* expressed deep concern over Serbia\u2019s intensifying crackdown on students, professors, human rights defenders,","og_url":"https:\/\/zadecu.org\/en\/serbia-must-halt-crackdown-on-student-movement-uphold-human-rights-and-academic-freedom-un-experts\/","og_site_name":"Mre\u017ea organizacija za decu Srbije","article_publisher":"https:\/\/www.facebook.com\/zadecuMODS\/","article_author":"https:\/\/www.facebook.com\/zadecuMODS\/","article_published_time":"2025-08-08T20:32:17+00:00","article_modified_time":"2025-08-08T20:32:19+00:00","og_image":[{"width":253,"height":86,"url":"https:\/\/zadecu.org\/wp-content\/uploads\/2025\/08\/logo_UN.webp","type":"image\/webp"}],"author":"MODS","twitter_card":"summary_large_image","twitter_creator":"@zadecuMODS","twitter_site":"@zadecuMODS","twitter_misc":{"Written by":"MODS","Est. reading time":"5 minutes"},"schema":{"@context":"https:\/\/schema.org","@graph":[{"@type":"Article","@id":"https:\/\/zadecu.org\/en\/serbia-must-halt-crackdown-on-student-movement-uphold-human-rights-and-academic-freedom-un-experts\/#article","isPartOf":{"@id":"https:\/\/zadecu.org\/en\/serbia-must-halt-crackdown-on-student-movement-uphold-human-rights-and-academic-freedom-un-experts\/"},"author":{"name":"MODS","@id":"https:\/\/zadecu.org\/#\/schema\/person\/ad4f6997e66e4470c1ef6d15dd97b57e"},"headline":"Serbia must halt crackdown on student movement, uphold human rights and academic freedom: UN experts","datePublished":"2025-08-08T20:32:17+00:00","dateModified":"2025-08-08T20:32:19+00:00","mainEntityOfPage":{"@id":"https:\/\/zadecu.org\/en\/serbia-must-halt-crackdown-on-student-movement-uphold-human-rights-and-academic-freedom-un-experts\/"},"wordCount":793,"publisher":{"@id":"https:\/\/zadecu.org\/#organization"},"image":{"@id":"https:\/\/zadecu.org\/en\/serbia-must-halt-crackdown-on-student-movement-uphold-human-rights-and-academic-freedom-un-experts\/#primaryimage"},"thumbnailUrl":"https:\/\/zadecu.org\/wp-content\/uploads\/2025\/08\/logo_UN.webp","keywords":["United Nations"],"articleSection":["News"],"inLanguage":"en-US"},{"@type":"WebPage","@id":"https:\/\/zadecu.org\/en\/serbia-must-halt-crackdown-on-student-movement-uphold-human-rights-and-academic-freedom-un-experts\/","url":"https:\/\/zadecu.org\/en\/serbia-must-halt-crackdown-on-student-movement-uphold-human-rights-and-academic-freedom-un-experts\/","name":"Serbia must halt crackdown on student movement, uphold human rights and academic freedom: UN experts - Mre\u017ea organizacija za decu Srbije","isPartOf":{"@id":"https:\/\/zadecu.org\/#website"},"primaryImageOfPage":{"@id":"https:\/\/zadecu.org\/en\/serbia-must-halt-crackdown-on-student-movement-uphold-human-rights-and-academic-freedom-un-experts\/#primaryimage"},"image":{"@id":"https:\/\/zadecu.org\/en\/serbia-must-halt-crackdown-on-student-movement-uphold-human-rights-and-academic-freedom-un-experts\/#primaryimage"},"thumbnailUrl":"https:\/\/zadecu.org\/wp-content\/uploads\/2025\/08\/logo_UN.webp","datePublished":"2025-08-08T20:32:17+00:00","dateModified":"2025-08-08T20:32:19+00:00","description":"UN human rights experts* expressed deep concern over Serbia\u2019s intensifying crackdown on students, professors, human rights defenders,","breadcrumb":{"@id":"https:\/\/zadecu.org\/en\/serbia-must-halt-crackdown-on-student-movement-uphold-human-rights-and-academic-freedom-un-experts\/#breadcrumb"},"inLanguage":"en-US","potentialAction":[{"@type":"ReadAction","target":["https:\/\/zadecu.org\/en\/serbia-must-halt-crackdown-on-student-movement-uphold-human-rights-and-academic-freedom-un-experts\/"]}]},{"@type":"ImageObject","inLanguage":"en-US","@id":"https:\/\/zadecu.org\/en\/serbia-must-halt-crackdown-on-student-movement-uphold-human-rights-and-academic-freedom-un-experts\/#primaryimage","url":"https:\/\/zadecu.org\/wp-content\/uploads\/2025\/08\/logo_UN.webp","contentUrl":"https:\/\/zadecu.org\/wp-content\/uploads\/2025\/08\/logo_UN.webp","width":253,"height":86},{"@type":"BreadcrumbList","@id":"https:\/\/zadecu.org\/en\/serbia-must-halt-crackdown-on-student-movement-uphold-human-rights-and-academic-freedom-un-experts\/#breadcrumb","itemListElement":[{"@type":"ListItem","position":1,"name":"Home","item":"https:\/\/zadecu.org\/en\/"},{"@type":"ListItem","position":2,"name":"Serbia must halt crackdown on student movement, uphold human rights and academic freedom: UN experts"}]},{"@type":"WebSite","@id":"https:\/\/zadecu.org\/#website","url":"https:\/\/zadecu.org\/","name":"Mre\u017ea organizacija za decu Srbije","description":"Savez organizacija civilnog dru\u0161tva koje se bave za\u0161titom i promocijom prava deteta u Srbiji","publisher":{"@id":"https:\/\/zadecu.org\/#organization"},"potentialAction":[{"@type":"SearchAction","target":{"@type":"EntryPoint","urlTemplate":"https:\/\/zadecu.org\/?s={search_term_string}"},"query-input":{"@type":"PropertyValueSpecification","valueRequired":true,"valueName":"search_term_string"}}],"inLanguage":"en-US"},{"@type":"Organization","@id":"https:\/\/zadecu.org\/#organization","name":"Mre\u017ea organizacija za decu Srbije MODS","url":"https:\/\/zadecu.org\/","logo":{"@type":"ImageObject","inLanguage":"en-US","@id":"https:\/\/zadecu.org\/#\/schema\/logo\/image\/","url":"http:\/\/zadecu.org\/wp-content\/uploads\/2019\/07\/MODS_logo_veci.jpg","contentUrl":"http:\/\/zadecu.org\/wp-content\/uploads\/2019\/07\/MODS_logo_veci.jpg","width":798,"height":335,"caption":"Mre\u017ea organizacija za decu Srbije MODS"},"image":{"@id":"https:\/\/zadecu.org\/#\/schema\/logo\/image\/"},"sameAs":["https:\/\/www.facebook.com\/zadecuMODS\/","https:\/\/x.com\/zadecuMODS","https:\/\/www.instagram.com\/zadecuMODS\/","https:\/\/www.youtube.com\/channel\/UC1JWUdo0NzgZJFne1EdFX9A"]},{"@type":"Person","@id":"https:\/\/zadecu.org\/#\/schema\/person\/ad4f6997e66e4470c1ef6d15dd97b57e","name":"MODS","image":{"@type":"ImageObject","inLanguage":"en-US","@id":"https:\/\/secure.gravatar.com\/avatar\/60ee1947f5945cecca76529f5ef348f68d8e771648dbf26d5a30dac2000a09f7?s=96&d=mm&r=g","url":"https:\/\/secure.gravatar.com\/avatar\/60ee1947f5945cecca76529f5ef348f68d8e771648dbf26d5a30dac2000a09f7?s=96&d=mm&r=g","contentUrl":"https:\/\/secure.gravatar.com\/avatar\/60ee1947f5945cecca76529f5ef348f68d8e771648dbf26d5a30dac2000a09f7?s=96&d=mm&r=g","caption":"MODS"},"sameAs":["https:\/\/www.facebook.com\/zadecuMODS\/","https:\/\/x.com\/zadecuMODS"],"url":"https:\/\/zadecu.org\/en\/author\/ognjen\/"}]}},"_links":{"self":[{"href":"https:\/\/zadecu.org\/en\/wp-json\/wp\/v2\/posts\/13914","targetHints":{"allow":["GET"]}}],"collection":[{"href":"https:\/\/zadecu.org\/en\/wp-json\/wp\/v2\/posts"}],"about":[{"href":"https:\/\/zadecu.org\/en\/wp-json\/wp\/v2\/types\/post"}],"author":[{"embeddable":true,"href":"https:\/\/zadecu.org\/en\/wp-json\/wp\/v2\/users\/3"}],"replies":[{"embeddable":true,"href":"https:\/\/zadecu.org\/en\/wp-json\/wp\/v2\/comments?post=13914"}],"version-history":[{"count":0,"href":"https:\/\/zadecu.org\/en\/wp-json\/wp\/v2\/posts\/13914\/revisions"}],"wp:featuredmedia":[{"embeddable":true,"href":"https:\/\/zadecu.org\/en\/wp-json\/wp\/v2\/media\/13915"}],"wp:attachment":[{"href":"https:\/\/zadecu.org\/en\/wp-json\/wp\/v2\/media?parent=13914"}],"wp:term":[{"taxonomy":"category","embeddable":true,"href":"https:\/\/zadecu.org\/en\/wp-json\/wp\/v2\/categories?post=13914"},{"taxonomy":"post_tag","embeddable":true,"href":"https:\/\/zadecu.org\/en\/wp-json\/wp\/v2\/tags?post=13914"}],"curies":[{"name":"wp","href":"https:\/\/api.w.org\/{rel}","templated":true}]}}