
{"id":13813,"date":"2025-06-23T15:54:18","date_gmt":"2025-06-23T15:54:18","guid":{"rendered":"https:\/\/zadecu.org\/?p=13813"},"modified":"2025-06-23T15:54:20","modified_gmt":"2025-06-23T15:54:20","slug":"mods-participated-in-the-e-volunteering-policy-development-conference-as-part-of-the-libero-delegation","status":"publish","type":"post","link":"https:\/\/zadecu.org\/en\/mods-participated-in-the-e-volunteering-policy-development-conference-as-part-of-the-libero-delegation\/","title":{"rendered":"MODS participated in the E-volunteering Policy Development Conference as part of the Libero delegation"},"content":{"rendered":"<p style=\"text-align: justify;\">From\u00a0<strong>May 27\u201329, 2025<\/strong>, the European Youth Centre in\u00a0<strong>Strasbourg<\/strong>\u00a0became a vibrant hub for co-creating the future of youth civic engagement during the\u00a0<strong>E-volunteering Policy Development Conference<\/strong>. This event was the highlight of the \u201cE-volunteering \u2013 Building an Online Volunteering Ecosystem\u201d project, bringing together policy makers, youth representatives, and experts from across Europe.<\/p>\n<p style=\"text-align: justify;\"><strong>Why we gathered:<\/strong><br \/>Digital volunteering is a practice that has become\u00a0widespread\u2014but still lacks the policies and support structures needed to thrive. This conference brought together 40+ stakeholders to close that gap and push for recognition, regulation, and resourcing of e-volunteering.<\/p>\n<p><strong>What we focused on:<\/strong><\/p>\n<ul class=\"wp-block-list\">\n<li style=\"text-align: justify;\"><strong>From Practice to Policy<\/strong>: Sessions explored the current state and future vision of e-volunteering across Europe.<\/li>\n<li style=\"text-align: justify;\"><strong>Council of Europe Word Coffee<\/strong>: A multi-perspective roundtable connecting institutional frameworks with digital participation.<\/li>\n<li style=\"text-align: justify;\"><strong>Hands-on Policy Labs<\/strong>: Co-creation workshops that tackled key obstacles and produced actionable recommendations for local and European authorities.<\/li>\n<\/ul>\n<p><strong>What we achieved:<\/strong><\/p>\n<p><strong>1.\u00a0<\/strong>Presented the project\u2019s core outputs:<\/p>\n<ul class=\"wp-block-list\">\n<li><em>Volunt@@ring<\/em>\u00a0curriculum (for youth organizations)<\/li>\n<li><em>Volunt@@r<\/em>\u00a0curriculum (for e-volunteers)<\/li>\n<li>Integration of e-volunteering features into the DYOu platform<\/li>\n<\/ul>\n<p>2. Identified policy and legal gaps across five countries<\/p>\n<p>3. Co-developed a set of policy priorities and proposals to guide institutional reforms<\/p>\n<p style=\"text-align: justify;\"><br \/>The E-volunteering Policy Development Conference in Strasbourg marked a significant milestone in advancing structured, inclusive, and transnational digital volunteering. Through collaborative dialogue, policy analysis, and co-creation, participants worked together to identify key challenges and propose actionable policy solutions. These outcomes will directly inform the development of policy briefs and advocacy actions aimed at embedding e-volunteering into national and European frameworks. The momentum generated in Strasbourg lays the foundation for a more recognized and supported e-volunteering ecosystem across Europe.<\/p>\n<p>Source: <a href=\"https:\/\/connect-international.org\/2025\/05\/30\/prom-practice-to-policy-e-volunteering-policy-development-conference-in-strasbourg\/\">Connect International<\/a>\u00a0<\/p>\n\n\n<p class=\"wp-block-paragraph\"><\/p>\n","protected":false},"excerpt":{"rendered":"<p>From\u00a0May 27\u201329, 2025, the European Youth Centre in\u00a0Strasbourg\u00a0became a vibrant hub for co-creating the future of youth civic engagement during the\u00a0E-volunteering Policy Development Conference. This event was the highlight of the \u201cE-volunteering \u2013 Building an Online Volunteering Ecosystem\u201d project, bringing together policy makers, youth representatives, and experts from across Europe. Why we gathered:Digital volunteering is [&hellip;]<\/p>\n","protected":false},"author":3,"featured_media":13814,"comment_status":"closed","ping_status":"closed","sticky":false,"template":"","format":"standard","meta":{"footnotes":""},"categories":[285,52],"tags":[],"class_list":["post-13813","post","type-post","status-publish","format-standard","has-post-thumbnail","hentry","category-mods-members-news","category-uncategorized"],"yoast_head":"<!-- This site is optimized with the Yoast SEO plugin v28.0 - https:\/\/yoast.com\/product\/yoast-seo-wordpress\/ -->\n<title>MODS participated in the E-volunteering Policy Development Conference as part of the Libero delegation - Mre\u017ea organizacija za decu Srbije<\/title>\n<meta name=\"description\" content=\"From\u00a0May 27\u201329, 2025, the European Youth Centre in\u00a0Strasbourg\u00a0became a vibrant hub for co-creating the future of youth civic engagement during the\u00a0E-volunteering Policy Development Conference\" \/>\n<meta name=\"robots\" content=\"index, follow, max-snippet:-1, max-image-preview:large, max-video-preview:-1\" \/>\n<link rel=\"canonical\" href=\"https:\/\/zadecu.org\/en\/mods-participated-in-the-e-volunteering-policy-development-conference-as-part-of-the-libero-delegation\/\" \/>\n<meta property=\"og:locale\" content=\"en_US\" \/>\n<meta property=\"og:type\" content=\"article\" \/>\n<meta property=\"og:title\" content=\"MODS participated in the E-volunteering Policy Development Conference as part of the Libero delegation - Mre\u017ea organizacija za decu Srbije\" \/>\n<meta property=\"og:description\" content=\"From\u00a0May 27\u201329, 2025, the European Youth Centre in\u00a0Strasbourg\u00a0became a vibrant hub for co-creating the future of youth civic engagement during the\u00a0E-volunteering Policy Development Conference\" \/>\n<meta property=\"og:url\" content=\"https:\/\/zadecu.org\/en\/mods-participated-in-the-e-volunteering-policy-development-conference-as-part-of-the-libero-delegation\/\" \/>\n<meta property=\"og:site_name\" content=\"Mre\u017ea organizacija za decu Srbije\" \/>\n<meta property=\"article:publisher\" content=\"https:\/\/www.facebook.com\/zadecuMODS\/\" \/>\n<meta property=\"article:author\" content=\"https:\/\/www.facebook.com\/zadecuMODS\/\" \/>\n<meta property=\"article:published_time\" content=\"2025-06-23T15:54:18+00:00\" \/>\n<meta property=\"article:modified_time\" content=\"2025-06-23T15:54:20+00:00\" \/>\n<meta property=\"og:image\" content=\"https:\/\/zadecu.org\/wp-content\/uploads\/2025\/06\/E-volunteering-scaled.webp\" \/>\n\t<meta property=\"og:image:width\" content=\"2560\" \/>\n\t<meta property=\"og:image:height\" content=\"1373\" \/>\n\t<meta property=\"og:image:type\" content=\"image\/webp\" \/>\n<meta name=\"author\" content=\"MODS\" \/>\n<meta name=\"twitter:card\" content=\"summary_large_image\" \/>\n<meta name=\"twitter:creator\" content=\"@zadecuMODS\" \/>\n<meta name=\"twitter:site\" content=\"@zadecuMODS\" \/>\n<meta name=\"twitter:label1\" content=\"Written by\" \/>\n\t<meta name=\"twitter:data1\" content=\"MODS\" \/>\n\t<meta name=\"twitter:label2\" content=\"Est. reading time\" \/>\n\t<meta name=\"twitter:data2\" content=\"2 minutes\" \/>\n<script type=\"application\/ld+json\" class=\"yoast-schema-graph\">{\"@context\":\"https:\\\/\\\/schema.org\",\"@graph\":[{\"@type\":\"Article\",\"@id\":\"https:\\\/\\\/zadecu.org\\\/en\\\/mods-participated-in-the-e-volunteering-policy-development-conference-as-part-of-the-libero-delegation\\\/#article\",\"isPartOf\":{\"@id\":\"https:\\\/\\\/zadecu.org\\\/en\\\/mods-participated-in-the-e-volunteering-policy-development-conference-as-part-of-the-libero-delegation\\\/\"},\"author\":{\"name\":\"MODS\",\"@id\":\"https:\\\/\\\/zadecu.org\\\/#\\\/schema\\\/person\\\/ad4f6997e66e4470c1ef6d15dd97b57e\"},\"headline\":\"MODS participated in the E-volunteering Policy Development Conference as part of the Libero delegation\",\"datePublished\":\"2025-06-23T15:54:18+00:00\",\"dateModified\":\"2025-06-23T15:54:20+00:00\",\"mainEntityOfPage\":{\"@id\":\"https:\\\/\\\/zadecu.org\\\/en\\\/mods-participated-in-the-e-volunteering-policy-development-conference-as-part-of-the-libero-delegation\\\/\"},\"wordCount\":287,\"publisher\":{\"@id\":\"https:\\\/\\\/zadecu.org\\\/#organization\"},\"image\":{\"@id\":\"https:\\\/\\\/zadecu.org\\\/en\\\/mods-participated-in-the-e-volunteering-policy-development-conference-as-part-of-the-libero-delegation\\\/#primaryimage\"},\"thumbnailUrl\":\"https:\\\/\\\/zadecu.org\\\/wp-content\\\/uploads\\\/2025\\\/06\\\/E-volunteering-scaled.webp\",\"articleSection\":[\"MODS members news\",\"News\"],\"inLanguage\":\"en-US\"},{\"@type\":\"WebPage\",\"@id\":\"https:\\\/\\\/zadecu.org\\\/en\\\/mods-participated-in-the-e-volunteering-policy-development-conference-as-part-of-the-libero-delegation\\\/\",\"url\":\"https:\\\/\\\/zadecu.org\\\/en\\\/mods-participated-in-the-e-volunteering-policy-development-conference-as-part-of-the-libero-delegation\\\/\",\"name\":\"MODS participated in the E-volunteering Policy Development Conference as part of the Libero delegation - Mre\u017ea organizacija za decu Srbije\",\"isPartOf\":{\"@id\":\"https:\\\/\\\/zadecu.org\\\/#website\"},\"primaryImageOfPage\":{\"@id\":\"https:\\\/\\\/zadecu.org\\\/en\\\/mods-participated-in-the-e-volunteering-policy-development-conference-as-part-of-the-libero-delegation\\\/#primaryimage\"},\"image\":{\"@id\":\"https:\\\/\\\/zadecu.org\\\/en\\\/mods-participated-in-the-e-volunteering-policy-development-conference-as-part-of-the-libero-delegation\\\/#primaryimage\"},\"thumbnailUrl\":\"https:\\\/\\\/zadecu.org\\\/wp-content\\\/uploads\\\/2025\\\/06\\\/E-volunteering-scaled.webp\",\"datePublished\":\"2025-06-23T15:54:18+00:00\",\"dateModified\":\"2025-06-23T15:54:20+00:00\",\"description\":\"From\u00a0May 27\u201329, 2025, the European Youth Centre in\u00a0Strasbourg\u00a0became a vibrant hub for co-creating the future of youth civic engagement during the\u00a0E-volunteering Policy Development Conference\",\"breadcrumb\":{\"@id\":\"https:\\\/\\\/zadecu.org\\\/en\\\/mods-participated-in-the-e-volunteering-policy-development-conference-as-part-of-the-libero-delegation\\\/#breadcrumb\"},\"inLanguage\":\"en-US\",\"potentialAction\":[{\"@type\":\"ReadAction\",\"target\":[\"https:\\\/\\\/zadecu.org\\\/en\\\/mods-participated-in-the-e-volunteering-policy-development-conference-as-part-of-the-libero-delegation\\\/\"]}]},{\"@type\":\"ImageObject\",\"inLanguage\":\"en-US\",\"@id\":\"https:\\\/\\\/zadecu.org\\\/en\\\/mods-participated-in-the-e-volunteering-policy-development-conference-as-part-of-the-libero-delegation\\\/#primaryimage\",\"url\":\"https:\\\/\\\/zadecu.org\\\/wp-content\\\/uploads\\\/2025\\\/06\\\/E-volunteering-scaled.webp\",\"contentUrl\":\"https:\\\/\\\/zadecu.org\\\/wp-content\\\/uploads\\\/2025\\\/06\\\/E-volunteering-scaled.webp\",\"width\":2560,\"height\":1373},{\"@type\":\"BreadcrumbList\",\"@id\":\"https:\\\/\\\/zadecu.org\\\/en\\\/mods-participated-in-the-e-volunteering-policy-development-conference-as-part-of-the-libero-delegation\\\/#breadcrumb\",\"itemListElement\":[{\"@type\":\"ListItem\",\"position\":1,\"name\":\"Home\",\"item\":\"https:\\\/\\\/zadecu.org\\\/en\\\/\"},{\"@type\":\"ListItem\",\"position\":2,\"name\":\"MODS participated in the E-volunteering Policy Development Conference as part of the Libero delegation\"}]},{\"@type\":\"WebSite\",\"@id\":\"https:\\\/\\\/zadecu.org\\\/#website\",\"url\":\"https:\\\/\\\/zadecu.org\\\/\",\"name\":\"Mre\u017ea organizacija za decu Srbije\",\"description\":\"Savez organizacija civilnog dru\u0161tva koje se bave za\u0161titom i promocijom prava deteta u Srbiji\",\"publisher\":{\"@id\":\"https:\\\/\\\/zadecu.org\\\/#organization\"},\"potentialAction\":[{\"@type\":\"SearchAction\",\"target\":{\"@type\":\"EntryPoint\",\"urlTemplate\":\"https:\\\/\\\/zadecu.org\\\/?s={search_term_string}\"},\"query-input\":{\"@type\":\"PropertyValueSpecification\",\"valueRequired\":true,\"valueName\":\"search_term_string\"}}],\"inLanguage\":\"en-US\"},{\"@type\":\"Organization\",\"@id\":\"https:\\\/\\\/zadecu.org\\\/#organization\",\"name\":\"Mre\u017ea organizacija za decu Srbije MODS\",\"url\":\"https:\\\/\\\/zadecu.org\\\/\",\"logo\":{\"@type\":\"ImageObject\",\"inLanguage\":\"en-US\",\"@id\":\"https:\\\/\\\/zadecu.org\\\/#\\\/schema\\\/logo\\\/image\\\/\",\"url\":\"http:\\\/\\\/zadecu.org\\\/wp-content\\\/uploads\\\/2019\\\/07\\\/MODS_logo_veci.jpg\",\"contentUrl\":\"http:\\\/\\\/zadecu.org\\\/wp-content\\\/uploads\\\/2019\\\/07\\\/MODS_logo_veci.jpg\",\"width\":798,\"height\":335,\"caption\":\"Mre\u017ea organizacija za decu Srbije MODS\"},\"image\":{\"@id\":\"https:\\\/\\\/zadecu.org\\\/#\\\/schema\\\/logo\\\/image\\\/\"},\"sameAs\":[\"https:\\\/\\\/www.facebook.com\\\/zadecuMODS\\\/\",\"https:\\\/\\\/x.com\\\/zadecuMODS\",\"https:\\\/\\\/www.instagram.com\\\/zadecuMODS\\\/\",\"https:\\\/\\\/www.youtube.com\\\/channel\\\/UC1JWUdo0NzgZJFne1EdFX9A\"]},{\"@type\":\"Person\",\"@id\":\"https:\\\/\\\/zadecu.org\\\/#\\\/schema\\\/person\\\/ad4f6997e66e4470c1ef6d15dd97b57e\",\"name\":\"MODS\",\"image\":{\"@type\":\"ImageObject\",\"inLanguage\":\"en-US\",\"@id\":\"https:\\\/\\\/secure.gravatar.com\\\/avatar\\\/60ee1947f5945cecca76529f5ef348f68d8e771648dbf26d5a30dac2000a09f7?s=96&d=mm&r=g\",\"url\":\"https:\\\/\\\/secure.gravatar.com\\\/avatar\\\/60ee1947f5945cecca76529f5ef348f68d8e771648dbf26d5a30dac2000a09f7?s=96&d=mm&r=g\",\"contentUrl\":\"https:\\\/\\\/secure.gravatar.com\\\/avatar\\\/60ee1947f5945cecca76529f5ef348f68d8e771648dbf26d5a30dac2000a09f7?s=96&d=mm&r=g\",\"caption\":\"MODS\"},\"sameAs\":[\"https:\\\/\\\/www.facebook.com\\\/zadecuMODS\\\/\",\"https:\\\/\\\/x.com\\\/zadecuMODS\"],\"url\":\"https:\\\/\\\/zadecu.org\\\/en\\\/author\\\/ognjen\\\/\"}]}<\/script>\n<!-- \/ Yoast SEO plugin. -->","yoast_head_json":{"title":"MODS participated in the E-volunteering Policy Development Conference as part of the Libero delegation - Mre\u017ea organizacija za decu Srbije","description":"From\u00a0May 27\u201329, 2025, the European Youth Centre in\u00a0Strasbourg\u00a0became a vibrant hub for co-creating the future of youth civic engagement during the\u00a0E-volunteering Policy Development Conference","robots":{"index":"index","follow":"follow","max-snippet":"max-snippet:-1","max-image-preview":"max-image-preview:large","max-video-preview":"max-video-preview:-1"},"canonical":"https:\/\/zadecu.org\/en\/mods-participated-in-the-e-volunteering-policy-development-conference-as-part-of-the-libero-delegation\/","og_locale":"en_US","og_type":"article","og_title":"MODS participated in the E-volunteering Policy Development Conference as part of the Libero delegation - Mre\u017ea organizacija za decu Srbije","og_description":"From\u00a0May 27\u201329, 2025, the European Youth Centre in\u00a0Strasbourg\u00a0became a vibrant hub for co-creating the future of youth civic engagement during the\u00a0E-volunteering Policy Development Conference","og_url":"https:\/\/zadecu.org\/en\/mods-participated-in-the-e-volunteering-policy-development-conference-as-part-of-the-libero-delegation\/","og_site_name":"Mre\u017ea organizacija za decu Srbije","article_publisher":"https:\/\/www.facebook.com\/zadecuMODS\/","article_author":"https:\/\/www.facebook.com\/zadecuMODS\/","article_published_time":"2025-06-23T15:54:18+00:00","article_modified_time":"2025-06-23T15:54:20+00:00","og_image":[{"width":2560,"height":1373,"url":"https:\/\/zadecu.org\/wp-content\/uploads\/2025\/06\/E-volunteering-scaled.webp","type":"image\/webp"}],"author":"MODS","twitter_card":"summary_large_image","twitter_creator":"@zadecuMODS","twitter_site":"@zadecuMODS","twitter_misc":{"Written by":"MODS","Est. reading time":"2 minutes"},"schema":{"@context":"https:\/\/schema.org","@graph":[{"@type":"Article","@id":"https:\/\/zadecu.org\/en\/mods-participated-in-the-e-volunteering-policy-development-conference-as-part-of-the-libero-delegation\/#article","isPartOf":{"@id":"https:\/\/zadecu.org\/en\/mods-participated-in-the-e-volunteering-policy-development-conference-as-part-of-the-libero-delegation\/"},"author":{"name":"MODS","@id":"https:\/\/zadecu.org\/#\/schema\/person\/ad4f6997e66e4470c1ef6d15dd97b57e"},"headline":"MODS participated in the E-volunteering Policy Development Conference as part of the Libero delegation","datePublished":"2025-06-23T15:54:18+00:00","dateModified":"2025-06-23T15:54:20+00:00","mainEntityOfPage":{"@id":"https:\/\/zadecu.org\/en\/mods-participated-in-the-e-volunteering-policy-development-conference-as-part-of-the-libero-delegation\/"},"wordCount":287,"publisher":{"@id":"https:\/\/zadecu.org\/#organization"},"image":{"@id":"https:\/\/zadecu.org\/en\/mods-participated-in-the-e-volunteering-policy-development-conference-as-part-of-the-libero-delegation\/#primaryimage"},"thumbnailUrl":"https:\/\/zadecu.org\/wp-content\/uploads\/2025\/06\/E-volunteering-scaled.webp","articleSection":["MODS members news","News"],"inLanguage":"en-US"},{"@type":"WebPage","@id":"https:\/\/zadecu.org\/en\/mods-participated-in-the-e-volunteering-policy-development-conference-as-part-of-the-libero-delegation\/","url":"https:\/\/zadecu.org\/en\/mods-participated-in-the-e-volunteering-policy-development-conference-as-part-of-the-libero-delegation\/","name":"MODS participated in the E-volunteering Policy Development Conference as part of the Libero delegation - Mre\u017ea organizacija za decu Srbije","isPartOf":{"@id":"https:\/\/zadecu.org\/#website"},"primaryImageOfPage":{"@id":"https:\/\/zadecu.org\/en\/mods-participated-in-the-e-volunteering-policy-development-conference-as-part-of-the-libero-delegation\/#primaryimage"},"image":{"@id":"https:\/\/zadecu.org\/en\/mods-participated-in-the-e-volunteering-policy-development-conference-as-part-of-the-libero-delegation\/#primaryimage"},"thumbnailUrl":"https:\/\/zadecu.org\/wp-content\/uploads\/2025\/06\/E-volunteering-scaled.webp","datePublished":"2025-06-23T15:54:18+00:00","dateModified":"2025-06-23T15:54:20+00:00","description":"From\u00a0May 27\u201329, 2025, the European Youth Centre in\u00a0Strasbourg\u00a0became a vibrant hub for co-creating the future of youth civic engagement during the\u00a0E-volunteering Policy Development Conference","breadcrumb":{"@id":"https:\/\/zadecu.org\/en\/mods-participated-in-the-e-volunteering-policy-development-conference-as-part-of-the-libero-delegation\/#breadcrumb"},"inLanguage":"en-US","potentialAction":[{"@type":"ReadAction","target":["https:\/\/zadecu.org\/en\/mods-participated-in-the-e-volunteering-policy-development-conference-as-part-of-the-libero-delegation\/"]}]},{"@type":"ImageObject","inLanguage":"en-US","@id":"https:\/\/zadecu.org\/en\/mods-participated-in-the-e-volunteering-policy-development-conference-as-part-of-the-libero-delegation\/#primaryimage","url":"https:\/\/zadecu.org\/wp-content\/uploads\/2025\/06\/E-volunteering-scaled.webp","contentUrl":"https:\/\/zadecu.org\/wp-content\/uploads\/2025\/06\/E-volunteering-scaled.webp","width":2560,"height":1373},{"@type":"BreadcrumbList","@id":"https:\/\/zadecu.org\/en\/mods-participated-in-the-e-volunteering-policy-development-conference-as-part-of-the-libero-delegation\/#breadcrumb","itemListElement":[{"@type":"ListItem","position":1,"name":"Home","item":"https:\/\/zadecu.org\/en\/"},{"@type":"ListItem","position":2,"name":"MODS participated in the E-volunteering Policy Development Conference as part of the Libero delegation"}]},{"@type":"WebSite","@id":"https:\/\/zadecu.org\/#website","url":"https:\/\/zadecu.org\/","name":"Mre\u017ea organizacija za decu Srbije","description":"Savez organizacija civilnog dru\u0161tva koje se bave za\u0161titom i promocijom prava deteta u Srbiji","publisher":{"@id":"https:\/\/zadecu.org\/#organization"},"potentialAction":[{"@type":"SearchAction","target":{"@type":"EntryPoint","urlTemplate":"https:\/\/zadecu.org\/?s={search_term_string}"},"query-input":{"@type":"PropertyValueSpecification","valueRequired":true,"valueName":"search_term_string"}}],"inLanguage":"en-US"},{"@type":"Organization","@id":"https:\/\/zadecu.org\/#organization","name":"Mre\u017ea organizacija za decu Srbije MODS","url":"https:\/\/zadecu.org\/","logo":{"@type":"ImageObject","inLanguage":"en-US","@id":"https:\/\/zadecu.org\/#\/schema\/logo\/image\/","url":"http:\/\/zadecu.org\/wp-content\/uploads\/2019\/07\/MODS_logo_veci.jpg","contentUrl":"http:\/\/zadecu.org\/wp-content\/uploads\/2019\/07\/MODS_logo_veci.jpg","width":798,"height":335,"caption":"Mre\u017ea organizacija za decu Srbije MODS"},"image":{"@id":"https:\/\/zadecu.org\/#\/schema\/logo\/image\/"},"sameAs":["https:\/\/www.facebook.com\/zadecuMODS\/","https:\/\/x.com\/zadecuMODS","https:\/\/www.instagram.com\/zadecuMODS\/","https:\/\/www.youtube.com\/channel\/UC1JWUdo0NzgZJFne1EdFX9A"]},{"@type":"Person","@id":"https:\/\/zadecu.org\/#\/schema\/person\/ad4f6997e66e4470c1ef6d15dd97b57e","name":"MODS","image":{"@type":"ImageObject","inLanguage":"en-US","@id":"https:\/\/secure.gravatar.com\/avatar\/60ee1947f5945cecca76529f5ef348f68d8e771648dbf26d5a30dac2000a09f7?s=96&d=mm&r=g","url":"https:\/\/secure.gravatar.com\/avatar\/60ee1947f5945cecca76529f5ef348f68d8e771648dbf26d5a30dac2000a09f7?s=96&d=mm&r=g","contentUrl":"https:\/\/secure.gravatar.com\/avatar\/60ee1947f5945cecca76529f5ef348f68d8e771648dbf26d5a30dac2000a09f7?s=96&d=mm&r=g","caption":"MODS"},"sameAs":["https:\/\/www.facebook.com\/zadecuMODS\/","https:\/\/x.com\/zadecuMODS"],"url":"https:\/\/zadecu.org\/en\/author\/ognjen\/"}]}},"_links":{"self":[{"href":"https:\/\/zadecu.org\/en\/wp-json\/wp\/v2\/posts\/13813","targetHints":{"allow":["GET"]}}],"collection":[{"href":"https:\/\/zadecu.org\/en\/wp-json\/wp\/v2\/posts"}],"about":[{"href":"https:\/\/zadecu.org\/en\/wp-json\/wp\/v2\/types\/post"}],"author":[{"embeddable":true,"href":"https:\/\/zadecu.org\/en\/wp-json\/wp\/v2\/users\/3"}],"replies":[{"embeddable":true,"href":"https:\/\/zadecu.org\/en\/wp-json\/wp\/v2\/comments?post=13813"}],"version-history":[{"count":0,"href":"https:\/\/zadecu.org\/en\/wp-json\/wp\/v2\/posts\/13813\/revisions"}],"wp:featuredmedia":[{"embeddable":true,"href":"https:\/\/zadecu.org\/en\/wp-json\/wp\/v2\/media\/13814"}],"wp:attachment":[{"href":"https:\/\/zadecu.org\/en\/wp-json\/wp\/v2\/media?parent=13813"}],"wp:term":[{"taxonomy":"category","embeddable":true,"href":"https:\/\/zadecu.org\/en\/wp-json\/wp\/v2\/categories?post=13813"},{"taxonomy":"post_tag","embeddable":true,"href":"https:\/\/zadecu.org\/en\/wp-json\/wp\/v2\/tags?post=13813"}],"curies":[{"name":"wp","href":"https:\/\/api.w.org\/{rel}","templated":true}]}}