
{"id":13691,"date":"2025-06-05T21:37:36","date_gmt":"2025-06-05T21:37:36","guid":{"rendered":"https:\/\/zadecu.org\/?p=13691"},"modified":"2025-06-07T12:20:03","modified_gmt":"2025-06-07T12:20:03","slug":"child-human-rights-defenders-in-serbias-civic-protests","status":"publish","type":"post","link":"https:\/\/zadecu.org\/en\/child-human-rights-defenders-in-serbias-civic-protests\/","title":{"rendered":"Child Human Rights Defenders in Serbia\u2019s Civic Protests"},"content":{"rendered":"<p style=\"text-align: justify;\"><strong>Child Human Rights Defenders in Serbia\u2019s Civic Protests \u2013 Risks and Rights Violations Faced by High School Students in Peaceful Protests<\/strong> Report was developed by the Network of Organizations for Children of Serbia (MODS) in April and May 2025, in response to the ongoing civic protests taking place across Serbia since November 2024. It provides an overview of the participation of children (high school students) in these events, emphasizing the key issues they have encountered and the risks to which they have been exposed.\u00a0<\/p>\n<p style=\"text-align: justify;\">Children\u2013the high school students\u2013in Serbia have publicly advocated for justice, accountability, and democratic rights\u2013clearly engaging in human rights defense. Their participation has not only been peaceful and purposeful, but also aligned with core civil and political rights enshrined in the Convention on the Rights of the Child (CRC) (United Nations, 1989), such as freedom of expression (Art. 13), peaceful assembly (Art. 15), and the right to be heard (Art. 12).<\/p>\n<p style=\"text-align: justify;\">Recognizing these children in Serbia as <strong>Child Human Rights Defenders<\/strong> is therefore essential not only to accurately reflect their role and agency, but also to demand that the state fulfill its obligations to protect and empower children who are peacefully advocating for human rights. This recognition is a crucial step toward ensuring that children are not silenced, punished, or placed at risk for engaging in democratic action.<\/p>\n<p>The full report is available at the following<strong><a href=\"https:\/\/zadecu.org\/wp-content\/uploads\/2025\/06\/Child-Human-Rights-Defenders-in-Serbias-Civic-Protests.pdf\" target=\"_blank\" rel=\"noopener\"> link<\/a><\/strong>.\u00a0<\/p>\n\n\n<p class=\"wp-block-paragraph\"><\/p>\n","protected":false},"excerpt":{"rendered":"<p>Child Human Rights Defenders in Serbia\u2019s Civic Protests \u2013 Risks and Rights Violations Faced by High School Students in Peaceful Protests Report was developed by the Network of Organizations for Children of Serbia (MODS) in April and May 2025, in response to the ongoing civic protests taking place across Serbia since November 2024. It provides [&hellip;]<\/p>\n","protected":false},"author":3,"featured_media":13694,"comment_status":"closed","ping_status":"closed","sticky":false,"template":"","format":"standard","meta":{"footnotes":""},"categories":[52],"tags":[357,117],"class_list":["post-13691","post","type-post","status-publish","format-standard","has-post-thumbnail","hentry","category-uncategorized","tag-child-human-rights-defenders","tag-convention-on-the-rights-of-the-child"],"yoast_head":"<!-- This site is optimized with the Yoast SEO plugin v28.0 - https:\/\/yoast.com\/product\/yoast-seo-wordpress\/ -->\n<title>Child Human Rights Defenders in Serbia\u2019s Civic Protests - Mre\u017ea organizacija za decu Srbije<\/title>\n<meta name=\"description\" content=\"Child Human Rights Defenders in Serbia\u2019s Civic Protests \u2013 Risks and Rights Violations Faced by High School Students in Peaceful Protests Report was developed by the Network of Organizations for Children of Serbia (MODS) in April and May 2025, in response to the ongoing civic protests taking place across Serbia since November 2024.\" \/>\n<meta name=\"robots\" content=\"index, follow, max-snippet:-1, max-image-preview:large, max-video-preview:-1\" \/>\n<link rel=\"canonical\" href=\"https:\/\/zadecu.org\/en\/child-human-rights-defenders-in-serbias-civic-protests\/\" \/>\n<meta property=\"og:locale\" content=\"en_US\" \/>\n<meta property=\"og:type\" content=\"article\" \/>\n<meta property=\"og:title\" content=\"Child Human Rights Defenders in Serbia\u2019s Civic Protests - Mre\u017ea organizacija za decu Srbije\" \/>\n<meta property=\"og:description\" content=\"Child Human Rights Defenders in Serbia\u2019s Civic Protests \u2013 Risks and Rights Violations Faced by High School Students in Peaceful Protests Report was developed by the Network of Organizations for Children of Serbia (MODS) in April and May 2025, in response to the ongoing civic protests taking place across Serbia since November 2024.\" \/>\n<meta property=\"og:url\" content=\"https:\/\/zadecu.org\/en\/child-human-rights-defenders-in-serbias-civic-protests\/\" \/>\n<meta property=\"og:site_name\" content=\"Mre\u017ea organizacija za decu Srbije\" \/>\n<meta property=\"article:publisher\" content=\"https:\/\/www.facebook.com\/zadecuMODS\/\" \/>\n<meta property=\"article:author\" content=\"https:\/\/www.facebook.com\/zadecuMODS\/\" \/>\n<meta property=\"article:published_time\" content=\"2025-06-05T21:37:36+00:00\" \/>\n<meta property=\"article:modified_time\" content=\"2025-06-07T12:20:03+00:00\" \/>\n<meta property=\"og:image\" content=\"https:\/\/zadecu.org\/wp-content\/uploads\/2025\/06\/Canva_protest-1024x683.png\" \/>\n\t<meta property=\"og:image:width\" content=\"1024\" \/>\n\t<meta property=\"og:image:height\" content=\"683\" \/>\n\t<meta property=\"og:image:type\" content=\"image\/png\" \/>\n<meta name=\"author\" content=\"MODS\" \/>\n<meta name=\"twitter:card\" content=\"summary_large_image\" \/>\n<meta name=\"twitter:creator\" content=\"@zadecuMODS\" \/>\n<meta name=\"twitter:site\" content=\"@zadecuMODS\" \/>\n<meta name=\"twitter:label1\" content=\"Written by\" \/>\n\t<meta name=\"twitter:data1\" content=\"MODS\" \/>\n\t<meta name=\"twitter:label2\" content=\"Est. reading time\" \/>\n\t<meta name=\"twitter:data2\" content=\"2 minutes\" \/>\n<script type=\"application\/ld+json\" class=\"yoast-schema-graph\">{\"@context\":\"https:\\\/\\\/schema.org\",\"@graph\":[{\"@type\":\"Article\",\"@id\":\"https:\\\/\\\/zadecu.org\\\/en\\\/child-human-rights-defenders-in-serbias-civic-protests\\\/#article\",\"isPartOf\":{\"@id\":\"https:\\\/\\\/zadecu.org\\\/en\\\/child-human-rights-defenders-in-serbias-civic-protests\\\/\"},\"author\":{\"name\":\"MODS\",\"@id\":\"https:\\\/\\\/zadecu.org\\\/#\\\/schema\\\/person\\\/ad4f6997e66e4470c1ef6d15dd97b57e\"},\"headline\":\"Child Human Rights Defenders in Serbia\u2019s Civic Protests\",\"datePublished\":\"2025-06-05T21:37:36+00:00\",\"dateModified\":\"2025-06-07T12:20:03+00:00\",\"mainEntityOfPage\":{\"@id\":\"https:\\\/\\\/zadecu.org\\\/en\\\/child-human-rights-defenders-in-serbias-civic-protests\\\/\"},\"wordCount\":236,\"publisher\":{\"@id\":\"https:\\\/\\\/zadecu.org\\\/#organization\"},\"image\":{\"@id\":\"https:\\\/\\\/zadecu.org\\\/en\\\/child-human-rights-defenders-in-serbias-civic-protests\\\/#primaryimage\"},\"thumbnailUrl\":\"https:\\\/\\\/zadecu.org\\\/wp-content\\\/uploads\\\/2025\\\/06\\\/Canva_protest.png\",\"keywords\":[\"Child Human Rights Defenders\",\"Convention on the Rights of the Child\"],\"articleSection\":[\"News\"],\"inLanguage\":\"en-US\"},{\"@type\":\"WebPage\",\"@id\":\"https:\\\/\\\/zadecu.org\\\/en\\\/child-human-rights-defenders-in-serbias-civic-protests\\\/\",\"url\":\"https:\\\/\\\/zadecu.org\\\/en\\\/child-human-rights-defenders-in-serbias-civic-protests\\\/\",\"name\":\"Child Human Rights Defenders in Serbia\u2019s Civic Protests - Mre\u017ea organizacija za decu Srbije\",\"isPartOf\":{\"@id\":\"https:\\\/\\\/zadecu.org\\\/#website\"},\"primaryImageOfPage\":{\"@id\":\"https:\\\/\\\/zadecu.org\\\/en\\\/child-human-rights-defenders-in-serbias-civic-protests\\\/#primaryimage\"},\"image\":{\"@id\":\"https:\\\/\\\/zadecu.org\\\/en\\\/child-human-rights-defenders-in-serbias-civic-protests\\\/#primaryimage\"},\"thumbnailUrl\":\"https:\\\/\\\/zadecu.org\\\/wp-content\\\/uploads\\\/2025\\\/06\\\/Canva_protest.png\",\"datePublished\":\"2025-06-05T21:37:36+00:00\",\"dateModified\":\"2025-06-07T12:20:03+00:00\",\"description\":\"Child Human Rights Defenders in Serbia\u2019s Civic Protests \u2013 Risks and Rights Violations Faced by High School Students in Peaceful Protests Report was developed by the Network of Organizations for Children of Serbia (MODS) in April and May 2025, in response to the ongoing civic protests taking place across Serbia since November 2024.\",\"breadcrumb\":{\"@id\":\"https:\\\/\\\/zadecu.org\\\/en\\\/child-human-rights-defenders-in-serbias-civic-protests\\\/#breadcrumb\"},\"inLanguage\":\"en-US\",\"potentialAction\":[{\"@type\":\"ReadAction\",\"target\":[\"https:\\\/\\\/zadecu.org\\\/en\\\/child-human-rights-defenders-in-serbias-civic-protests\\\/\"]}]},{\"@type\":\"ImageObject\",\"inLanguage\":\"en-US\",\"@id\":\"https:\\\/\\\/zadecu.org\\\/en\\\/child-human-rights-defenders-in-serbias-civic-protests\\\/#primaryimage\",\"url\":\"https:\\\/\\\/zadecu.org\\\/wp-content\\\/uploads\\\/2025\\\/06\\\/Canva_protest.png\",\"contentUrl\":\"https:\\\/\\\/zadecu.org\\\/wp-content\\\/uploads\\\/2025\\\/06\\\/Canva_protest.png\",\"width\":1536,\"height\":1024},{\"@type\":\"BreadcrumbList\",\"@id\":\"https:\\\/\\\/zadecu.org\\\/en\\\/child-human-rights-defenders-in-serbias-civic-protests\\\/#breadcrumb\",\"itemListElement\":[{\"@type\":\"ListItem\",\"position\":1,\"name\":\"Home\",\"item\":\"https:\\\/\\\/zadecu.org\\\/en\\\/\"},{\"@type\":\"ListItem\",\"position\":2,\"name\":\"Child Human Rights Defenders in Serbia\u2019s Civic Protests\"}]},{\"@type\":\"WebSite\",\"@id\":\"https:\\\/\\\/zadecu.org\\\/#website\",\"url\":\"https:\\\/\\\/zadecu.org\\\/\",\"name\":\"Mre\u017ea organizacija za decu Srbije\",\"description\":\"Savez organizacija civilnog dru\u0161tva koje se bave za\u0161titom i promocijom prava deteta u Srbiji\",\"publisher\":{\"@id\":\"https:\\\/\\\/zadecu.org\\\/#organization\"},\"potentialAction\":[{\"@type\":\"SearchAction\",\"target\":{\"@type\":\"EntryPoint\",\"urlTemplate\":\"https:\\\/\\\/zadecu.org\\\/?s={search_term_string}\"},\"query-input\":{\"@type\":\"PropertyValueSpecification\",\"valueRequired\":true,\"valueName\":\"search_term_string\"}}],\"inLanguage\":\"en-US\"},{\"@type\":\"Organization\",\"@id\":\"https:\\\/\\\/zadecu.org\\\/#organization\",\"name\":\"Mre\u017ea organizacija za decu Srbije MODS\",\"url\":\"https:\\\/\\\/zadecu.org\\\/\",\"logo\":{\"@type\":\"ImageObject\",\"inLanguage\":\"en-US\",\"@id\":\"https:\\\/\\\/zadecu.org\\\/#\\\/schema\\\/logo\\\/image\\\/\",\"url\":\"http:\\\/\\\/zadecu.org\\\/wp-content\\\/uploads\\\/2019\\\/07\\\/MODS_logo_veci.jpg\",\"contentUrl\":\"http:\\\/\\\/zadecu.org\\\/wp-content\\\/uploads\\\/2019\\\/07\\\/MODS_logo_veci.jpg\",\"width\":798,\"height\":335,\"caption\":\"Mre\u017ea organizacija za decu Srbije MODS\"},\"image\":{\"@id\":\"https:\\\/\\\/zadecu.org\\\/#\\\/schema\\\/logo\\\/image\\\/\"},\"sameAs\":[\"https:\\\/\\\/www.facebook.com\\\/zadecuMODS\\\/\",\"https:\\\/\\\/x.com\\\/zadecuMODS\",\"https:\\\/\\\/www.instagram.com\\\/zadecuMODS\\\/\",\"https:\\\/\\\/www.youtube.com\\\/channel\\\/UC1JWUdo0NzgZJFne1EdFX9A\"]},{\"@type\":\"Person\",\"@id\":\"https:\\\/\\\/zadecu.org\\\/#\\\/schema\\\/person\\\/ad4f6997e66e4470c1ef6d15dd97b57e\",\"name\":\"MODS\",\"image\":{\"@type\":\"ImageObject\",\"inLanguage\":\"en-US\",\"@id\":\"https:\\\/\\\/secure.gravatar.com\\\/avatar\\\/60ee1947f5945cecca76529f5ef348f68d8e771648dbf26d5a30dac2000a09f7?s=96&d=mm&r=g\",\"url\":\"https:\\\/\\\/secure.gravatar.com\\\/avatar\\\/60ee1947f5945cecca76529f5ef348f68d8e771648dbf26d5a30dac2000a09f7?s=96&d=mm&r=g\",\"contentUrl\":\"https:\\\/\\\/secure.gravatar.com\\\/avatar\\\/60ee1947f5945cecca76529f5ef348f68d8e771648dbf26d5a30dac2000a09f7?s=96&d=mm&r=g\",\"caption\":\"MODS\"},\"sameAs\":[\"https:\\\/\\\/www.facebook.com\\\/zadecuMODS\\\/\",\"https:\\\/\\\/x.com\\\/zadecuMODS\"],\"url\":\"https:\\\/\\\/zadecu.org\\\/en\\\/author\\\/ognjen\\\/\"}]}<\/script>\n<!-- \/ Yoast SEO plugin. -->","yoast_head_json":{"title":"Child Human Rights Defenders in Serbia\u2019s Civic Protests - Mre\u017ea organizacija za decu Srbije","description":"Child Human Rights Defenders in Serbia\u2019s Civic Protests \u2013 Risks and Rights Violations Faced by High School Students in Peaceful Protests Report was developed by the Network of Organizations for Children of Serbia (MODS) in April and May 2025, in response to the ongoing civic protests taking place across Serbia since November 2024.","robots":{"index":"index","follow":"follow","max-snippet":"max-snippet:-1","max-image-preview":"max-image-preview:large","max-video-preview":"max-video-preview:-1"},"canonical":"https:\/\/zadecu.org\/en\/child-human-rights-defenders-in-serbias-civic-protests\/","og_locale":"en_US","og_type":"article","og_title":"Child Human Rights Defenders in Serbia\u2019s Civic Protests - Mre\u017ea organizacija za decu Srbije","og_description":"Child Human Rights Defenders in Serbia\u2019s Civic Protests \u2013 Risks and Rights Violations Faced by High School Students in Peaceful Protests Report was developed by the Network of Organizations for Children of Serbia (MODS) in April and May 2025, in response to the ongoing civic protests taking place across Serbia since November 2024.","og_url":"https:\/\/zadecu.org\/en\/child-human-rights-defenders-in-serbias-civic-protests\/","og_site_name":"Mre\u017ea organizacija za decu Srbije","article_publisher":"https:\/\/www.facebook.com\/zadecuMODS\/","article_author":"https:\/\/www.facebook.com\/zadecuMODS\/","article_published_time":"2025-06-05T21:37:36+00:00","article_modified_time":"2025-06-07T12:20:03+00:00","og_image":[{"width":1024,"height":683,"url":"https:\/\/zadecu.org\/wp-content\/uploads\/2025\/06\/Canva_protest-1024x683.png","type":"image\/png"}],"author":"MODS","twitter_card":"summary_large_image","twitter_creator":"@zadecuMODS","twitter_site":"@zadecuMODS","twitter_misc":{"Written by":"MODS","Est. reading time":"2 minutes"},"schema":{"@context":"https:\/\/schema.org","@graph":[{"@type":"Article","@id":"https:\/\/zadecu.org\/en\/child-human-rights-defenders-in-serbias-civic-protests\/#article","isPartOf":{"@id":"https:\/\/zadecu.org\/en\/child-human-rights-defenders-in-serbias-civic-protests\/"},"author":{"name":"MODS","@id":"https:\/\/zadecu.org\/#\/schema\/person\/ad4f6997e66e4470c1ef6d15dd97b57e"},"headline":"Child Human Rights Defenders in Serbia\u2019s Civic Protests","datePublished":"2025-06-05T21:37:36+00:00","dateModified":"2025-06-07T12:20:03+00:00","mainEntityOfPage":{"@id":"https:\/\/zadecu.org\/en\/child-human-rights-defenders-in-serbias-civic-protests\/"},"wordCount":236,"publisher":{"@id":"https:\/\/zadecu.org\/#organization"},"image":{"@id":"https:\/\/zadecu.org\/en\/child-human-rights-defenders-in-serbias-civic-protests\/#primaryimage"},"thumbnailUrl":"https:\/\/zadecu.org\/wp-content\/uploads\/2025\/06\/Canva_protest.png","keywords":["Child Human Rights Defenders","Convention on the Rights of the Child"],"articleSection":["News"],"inLanguage":"en-US"},{"@type":"WebPage","@id":"https:\/\/zadecu.org\/en\/child-human-rights-defenders-in-serbias-civic-protests\/","url":"https:\/\/zadecu.org\/en\/child-human-rights-defenders-in-serbias-civic-protests\/","name":"Child Human Rights Defenders in Serbia\u2019s Civic Protests - Mre\u017ea organizacija za decu Srbije","isPartOf":{"@id":"https:\/\/zadecu.org\/#website"},"primaryImageOfPage":{"@id":"https:\/\/zadecu.org\/en\/child-human-rights-defenders-in-serbias-civic-protests\/#primaryimage"},"image":{"@id":"https:\/\/zadecu.org\/en\/child-human-rights-defenders-in-serbias-civic-protests\/#primaryimage"},"thumbnailUrl":"https:\/\/zadecu.org\/wp-content\/uploads\/2025\/06\/Canva_protest.png","datePublished":"2025-06-05T21:37:36+00:00","dateModified":"2025-06-07T12:20:03+00:00","description":"Child Human Rights Defenders in Serbia\u2019s Civic Protests \u2013 Risks and Rights Violations Faced by High School Students in Peaceful Protests Report was developed by the Network of Organizations for Children of Serbia (MODS) in April and May 2025, in response to the ongoing civic protests taking place across Serbia since November 2024.","breadcrumb":{"@id":"https:\/\/zadecu.org\/en\/child-human-rights-defenders-in-serbias-civic-protests\/#breadcrumb"},"inLanguage":"en-US","potentialAction":[{"@type":"ReadAction","target":["https:\/\/zadecu.org\/en\/child-human-rights-defenders-in-serbias-civic-protests\/"]}]},{"@type":"ImageObject","inLanguage":"en-US","@id":"https:\/\/zadecu.org\/en\/child-human-rights-defenders-in-serbias-civic-protests\/#primaryimage","url":"https:\/\/zadecu.org\/wp-content\/uploads\/2025\/06\/Canva_protest.png","contentUrl":"https:\/\/zadecu.org\/wp-content\/uploads\/2025\/06\/Canva_protest.png","width":1536,"height":1024},{"@type":"BreadcrumbList","@id":"https:\/\/zadecu.org\/en\/child-human-rights-defenders-in-serbias-civic-protests\/#breadcrumb","itemListElement":[{"@type":"ListItem","position":1,"name":"Home","item":"https:\/\/zadecu.org\/en\/"},{"@type":"ListItem","position":2,"name":"Child Human Rights Defenders in Serbia\u2019s Civic Protests"}]},{"@type":"WebSite","@id":"https:\/\/zadecu.org\/#website","url":"https:\/\/zadecu.org\/","name":"Mre\u017ea organizacija za decu Srbije","description":"Savez organizacija civilnog dru\u0161tva koje se bave za\u0161titom i promocijom prava deteta u Srbiji","publisher":{"@id":"https:\/\/zadecu.org\/#organization"},"potentialAction":[{"@type":"SearchAction","target":{"@type":"EntryPoint","urlTemplate":"https:\/\/zadecu.org\/?s={search_term_string}"},"query-input":{"@type":"PropertyValueSpecification","valueRequired":true,"valueName":"search_term_string"}}],"inLanguage":"en-US"},{"@type":"Organization","@id":"https:\/\/zadecu.org\/#organization","name":"Mre\u017ea organizacija za decu Srbije MODS","url":"https:\/\/zadecu.org\/","logo":{"@type":"ImageObject","inLanguage":"en-US","@id":"https:\/\/zadecu.org\/#\/schema\/logo\/image\/","url":"http:\/\/zadecu.org\/wp-content\/uploads\/2019\/07\/MODS_logo_veci.jpg","contentUrl":"http:\/\/zadecu.org\/wp-content\/uploads\/2019\/07\/MODS_logo_veci.jpg","width":798,"height":335,"caption":"Mre\u017ea organizacija za decu Srbije MODS"},"image":{"@id":"https:\/\/zadecu.org\/#\/schema\/logo\/image\/"},"sameAs":["https:\/\/www.facebook.com\/zadecuMODS\/","https:\/\/x.com\/zadecuMODS","https:\/\/www.instagram.com\/zadecuMODS\/","https:\/\/www.youtube.com\/channel\/UC1JWUdo0NzgZJFne1EdFX9A"]},{"@type":"Person","@id":"https:\/\/zadecu.org\/#\/schema\/person\/ad4f6997e66e4470c1ef6d15dd97b57e","name":"MODS","image":{"@type":"ImageObject","inLanguage":"en-US","@id":"https:\/\/secure.gravatar.com\/avatar\/60ee1947f5945cecca76529f5ef348f68d8e771648dbf26d5a30dac2000a09f7?s=96&d=mm&r=g","url":"https:\/\/secure.gravatar.com\/avatar\/60ee1947f5945cecca76529f5ef348f68d8e771648dbf26d5a30dac2000a09f7?s=96&d=mm&r=g","contentUrl":"https:\/\/secure.gravatar.com\/avatar\/60ee1947f5945cecca76529f5ef348f68d8e771648dbf26d5a30dac2000a09f7?s=96&d=mm&r=g","caption":"MODS"},"sameAs":["https:\/\/www.facebook.com\/zadecuMODS\/","https:\/\/x.com\/zadecuMODS"],"url":"https:\/\/zadecu.org\/en\/author\/ognjen\/"}]}},"_links":{"self":[{"href":"https:\/\/zadecu.org\/en\/wp-json\/wp\/v2\/posts\/13691","targetHints":{"allow":["GET"]}}],"collection":[{"href":"https:\/\/zadecu.org\/en\/wp-json\/wp\/v2\/posts"}],"about":[{"href":"https:\/\/zadecu.org\/en\/wp-json\/wp\/v2\/types\/post"}],"author":[{"embeddable":true,"href":"https:\/\/zadecu.org\/en\/wp-json\/wp\/v2\/users\/3"}],"replies":[{"embeddable":true,"href":"https:\/\/zadecu.org\/en\/wp-json\/wp\/v2\/comments?post=13691"}],"version-history":[{"count":0,"href":"https:\/\/zadecu.org\/en\/wp-json\/wp\/v2\/posts\/13691\/revisions"}],"wp:featuredmedia":[{"embeddable":true,"href":"https:\/\/zadecu.org\/en\/wp-json\/wp\/v2\/media\/13694"}],"wp:attachment":[{"href":"https:\/\/zadecu.org\/en\/wp-json\/wp\/v2\/media?parent=13691"}],"wp:term":[{"taxonomy":"category","embeddable":true,"href":"https:\/\/zadecu.org\/en\/wp-json\/wp\/v2\/categories?post=13691"},{"taxonomy":"post_tag","embeddable":true,"href":"https:\/\/zadecu.org\/en\/wp-json\/wp\/v2\/tags?post=13691"}],"curies":[{"name":"wp","href":"https:\/\/api.w.org\/{rel}","templated":true}]}}