
{"id":13536,"date":"2025-04-28T10:08:35","date_gmt":"2025-04-28T10:08:35","guid":{"rendered":"https:\/\/zadecu.org\/?p=13536"},"modified":"2025-05-23T15:55:51","modified_gmt":"2025-05-23T15:55:51","slug":"mods-contribution-to-the-2025-serbia-progress-report","status":"publish","type":"post","link":"https:\/\/zadecu.org\/en\/mods-contribution-to-the-2025-serbia-progress-report\/","title":{"rendered":"MODS Contribution to the 2025 Serbia Progress Report"},"content":{"rendered":"<p class=\"gmail-\">The Network of Organizations for Children of Serbia (MODS) has prepared a<strong> <span style=\"color: #333399;\"><a style=\"color: #333399;\" href=\"https:\/\/zadecu.org\/wp-content\/uploads\/2025\/04\/Contribution-to-the-Serbia-2025-Annual-Report_MODS.pdf\" target=\"_blank\" rel=\"noopener\">contribution to Serbia\u2019s 2025 Progress Report<\/a><\/span><\/strong>, which the European Commission prepares annually as part of the European Union accession process.<\/p>\n<p class=\"gmail-\">To prepare this contribution, the MODS secretariat organized consultations with its member organizations through a questionnaire to collect key information on the challenges faced by children and organizations working to protect their rights. More than 20 MODS member organizations participated in developing this document, sharing their observations, analyses, and recommendations regarding the realization of children&#8217;s rights in Serbia.<\/p>\n<p class=\"gmail-\">The report highlights challenges and stagnation in the legislative and strategic framework for the protection of children&#8217;s rights. It particularly emphasizes the concerning situation regarding freedom of expression and child participation in public life, as well as the increasingly shrinking space for civil society organizations, which faced targeting and pressure during 2024 and early 2025.<\/p>\n<p class=\"gmail-\">Key points from the report include the lack of progress in adopting and implementing important laws, such as:<\/p>\n<ul>\n<li class=\"gmail-\">\n<p class=\"gmail-\">The Law on the Rights of the Child and the Child Rights Ombudsman,<\/p>\n<\/li>\n<li class=\"gmail-\">\n<p class=\"gmail-\">amendments to the Family Law (including the prohibition of corporal punishment),<\/p>\n<\/li>\n<li class=\"gmail-\">\n<p class=\"gmail-\">ratification of the Third Optional Protocol to the Convention on the Rights of the Child,<\/p>\n<\/li>\n<li class=\"gmail-\">\n<p class=\"gmail-\">and the adoption of a new Law on Social Protection.<\/p>\n<\/li>\n<\/ul>\n<p class=\"gmail-\">The document also highlights the need to re-establish the Council for the Rights of the Child, adopt a new National Strategy for the Rights of the Child, and urgently implement measures to improve the mental health system, inclusive education, digital protection, and child participation.<\/p>\n<p class=\"gmail-\">Special attention is given to the situation of marginalized and vulnerable groups of children \u2014 children with disabilities, Roma children, children without parental care, refugee and migrant children, and children victims of violence and exploitation \u2014 who continue to suffer serious forms of institutional discrimination and exclusion from support systems.<\/p>\n<p class=\"gmail-\">The report also stresses the need for the European Child Guarantee to be extended to accession countries, including Serbia, to provide a systemic response to child poverty and social exclusion.<\/p>\n<p class=\"gmail-\">You can download the full document in English <strong><span style=\"color: #333399;\"><a style=\"color: #333399;\" href=\"https:\/\/zadecu.org\/wp-content\/uploads\/2025\/04\/Contribution-to-the-Serbia-2025-Annual-Report_MODS.pdf\" target=\"_blank\" rel=\"noopener\">here<\/a><\/span><\/strong>.<\/p>\n\n\n<p class=\"wp-block-paragraph\"><\/p>\n","protected":false},"excerpt":{"rendered":"<p>The Network of Organizations for Children of Serbia (MODS) has prepared a contribution to Serbia\u2019s 2025 Progress Report, which the European Commission prepares annually as part of the European Union accession process. To prepare this contribution, the MODS secretariat organized consultations with its member organizations through a questionnaire to collect key information on the challenges [&hellip;]<\/p>\n","protected":false},"author":3,"featured_media":12346,"comment_status":"closed","ping_status":"closed","sticky":false,"template":"","format":"standard","meta":{"footnotes":""},"categories":[216,285,52],"tags":[321,117,320],"class_list":["post-13536","post","type-post","status-publish","format-standard","has-post-thumbnail","hentry","category-european-integrations","category-mods-members-news","category-uncategorized","tag-clanice-mods-en","tag-convention-on-the-rights-of-the-child","tag-european-integration"],"yoast_head":"<!-- This site is optimized with the Yoast SEO plugin v28.0 - https:\/\/yoast.com\/product\/yoast-seo-wordpress\/ -->\n<title>MODS Contribution to the 2025 Serbia Progress Report - Mre\u017ea organizacija za decu Srbije<\/title>\n<meta name=\"description\" content=\"The Network of Organizations for Children of Serbia (MODS) has prepared a contribution to Serbia\u2019s 2025 Progress Report, which the European Commission prepares annually as part of the European Union accession process.\" \/>\n<meta name=\"robots\" content=\"index, follow, max-snippet:-1, max-image-preview:large, max-video-preview:-1\" \/>\n<link rel=\"canonical\" href=\"https:\/\/zadecu.org\/en\/mods-contribution-to-the-2025-serbia-progress-report\/\" \/>\n<meta property=\"og:locale\" content=\"en_US\" \/>\n<meta property=\"og:type\" content=\"article\" \/>\n<meta property=\"og:title\" content=\"MODS Contribution to the 2025 Serbia Progress Report - Mre\u017ea organizacija za decu Srbije\" \/>\n<meta property=\"og:description\" content=\"The Network of Organizations for Children of Serbia (MODS) has prepared a contribution to Serbia\u2019s 2025 Progress Report, which the European Commission prepares annually as part of the European Union accession process.\" \/>\n<meta property=\"og:url\" content=\"https:\/\/zadecu.org\/en\/mods-contribution-to-the-2025-serbia-progress-report\/\" \/>\n<meta property=\"og:site_name\" content=\"Mre\u017ea organizacija za decu Srbije\" \/>\n<meta property=\"article:publisher\" content=\"https:\/\/www.facebook.com\/zadecuMODS\/\" \/>\n<meta property=\"article:author\" content=\"https:\/\/www.facebook.com\/zadecuMODS\/\" \/>\n<meta property=\"article:published_time\" content=\"2025-04-28T10:08:35+00:00\" \/>\n<meta property=\"article:modified_time\" content=\"2025-05-23T15:55:51+00:00\" \/>\n<meta property=\"og:image\" content=\"https:\/\/zadecu.org\/wp-content\/uploads\/2024\/05\/EU-SRB.jpg\" \/>\n\t<meta property=\"og:image:width\" content=\"1584\" \/>\n\t<meta property=\"og:image:height\" content=\"396\" \/>\n\t<meta property=\"og:image:type\" content=\"image\/jpeg\" \/>\n<meta name=\"author\" content=\"MODS\" \/>\n<meta name=\"twitter:card\" content=\"summary_large_image\" \/>\n<meta name=\"twitter:creator\" content=\"@zadecuMODS\" \/>\n<meta name=\"twitter:site\" content=\"@zadecuMODS\" \/>\n<meta name=\"twitter:label1\" content=\"Written by\" \/>\n\t<meta name=\"twitter:data1\" content=\"MODS\" \/>\n\t<meta name=\"twitter:label2\" content=\"Est. reading time\" \/>\n\t<meta name=\"twitter:data2\" content=\"3 minutes\" \/>\n<script type=\"application\/ld+json\" class=\"yoast-schema-graph\">{\"@context\":\"https:\\\/\\\/schema.org\",\"@graph\":[{\"@type\":\"Article\",\"@id\":\"https:\\\/\\\/zadecu.org\\\/en\\\/mods-contribution-to-the-2025-serbia-progress-report\\\/#article\",\"isPartOf\":{\"@id\":\"https:\\\/\\\/zadecu.org\\\/en\\\/mods-contribution-to-the-2025-serbia-progress-report\\\/\"},\"author\":{\"name\":\"MODS\",\"@id\":\"https:\\\/\\\/zadecu.org\\\/#\\\/schema\\\/person\\\/ad4f6997e66e4470c1ef6d15dd97b57e\"},\"headline\":\"MODS Contribution to the 2025 Serbia Progress Report\",\"datePublished\":\"2025-04-28T10:08:35+00:00\",\"dateModified\":\"2025-05-23T15:55:51+00:00\",\"mainEntityOfPage\":{\"@id\":\"https:\\\/\\\/zadecu.org\\\/en\\\/mods-contribution-to-the-2025-serbia-progress-report\\\/\"},\"wordCount\":349,\"publisher\":{\"@id\":\"https:\\\/\\\/zadecu.org\\\/#organization\"},\"image\":{\"@id\":\"https:\\\/\\\/zadecu.org\\\/en\\\/mods-contribution-to-the-2025-serbia-progress-report\\\/#primaryimage\"},\"thumbnailUrl\":\"https:\\\/\\\/zadecu.org\\\/wp-content\\\/uploads\\\/2024\\\/05\\\/EU-SRB.jpg\",\"keywords\":[\"\u010clanice MODS\",\"Convention on the Rights of the Child\",\"European integration\"],\"articleSection\":[\"European integrations\",\"MODS members news\",\"News\"],\"inLanguage\":\"en-US\"},{\"@type\":\"WebPage\",\"@id\":\"https:\\\/\\\/zadecu.org\\\/en\\\/mods-contribution-to-the-2025-serbia-progress-report\\\/\",\"url\":\"https:\\\/\\\/zadecu.org\\\/en\\\/mods-contribution-to-the-2025-serbia-progress-report\\\/\",\"name\":\"MODS Contribution to the 2025 Serbia Progress Report - Mre\u017ea organizacija za decu Srbije\",\"isPartOf\":{\"@id\":\"https:\\\/\\\/zadecu.org\\\/#website\"},\"primaryImageOfPage\":{\"@id\":\"https:\\\/\\\/zadecu.org\\\/en\\\/mods-contribution-to-the-2025-serbia-progress-report\\\/#primaryimage\"},\"image\":{\"@id\":\"https:\\\/\\\/zadecu.org\\\/en\\\/mods-contribution-to-the-2025-serbia-progress-report\\\/#primaryimage\"},\"thumbnailUrl\":\"https:\\\/\\\/zadecu.org\\\/wp-content\\\/uploads\\\/2024\\\/05\\\/EU-SRB.jpg\",\"datePublished\":\"2025-04-28T10:08:35+00:00\",\"dateModified\":\"2025-05-23T15:55:51+00:00\",\"description\":\"The Network of Organizations for Children of Serbia (MODS) has prepared a contribution to Serbia\u2019s 2025 Progress Report, which the European Commission prepares annually as part of the European Union accession process.\",\"breadcrumb\":{\"@id\":\"https:\\\/\\\/zadecu.org\\\/en\\\/mods-contribution-to-the-2025-serbia-progress-report\\\/#breadcrumb\"},\"inLanguage\":\"en-US\",\"potentialAction\":[{\"@type\":\"ReadAction\",\"target\":[\"https:\\\/\\\/zadecu.org\\\/en\\\/mods-contribution-to-the-2025-serbia-progress-report\\\/\"]}]},{\"@type\":\"ImageObject\",\"inLanguage\":\"en-US\",\"@id\":\"https:\\\/\\\/zadecu.org\\\/en\\\/mods-contribution-to-the-2025-serbia-progress-report\\\/#primaryimage\",\"url\":\"https:\\\/\\\/zadecu.org\\\/wp-content\\\/uploads\\\/2024\\\/05\\\/EU-SRB.jpg\",\"contentUrl\":\"https:\\\/\\\/zadecu.org\\\/wp-content\\\/uploads\\\/2024\\\/05\\\/EU-SRB.jpg\",\"width\":1584,\"height\":396},{\"@type\":\"BreadcrumbList\",\"@id\":\"https:\\\/\\\/zadecu.org\\\/en\\\/mods-contribution-to-the-2025-serbia-progress-report\\\/#breadcrumb\",\"itemListElement\":[{\"@type\":\"ListItem\",\"position\":1,\"name\":\"Home\",\"item\":\"https:\\\/\\\/zadecu.org\\\/en\\\/\"},{\"@type\":\"ListItem\",\"position\":2,\"name\":\"MODS Contribution to the 2025 Serbia Progress Report\"}]},{\"@type\":\"WebSite\",\"@id\":\"https:\\\/\\\/zadecu.org\\\/#website\",\"url\":\"https:\\\/\\\/zadecu.org\\\/\",\"name\":\"Mre\u017ea organizacija za decu Srbije\",\"description\":\"Savez organizacija civilnog dru\u0161tva koje se bave za\u0161titom i promocijom prava deteta u Srbiji\",\"publisher\":{\"@id\":\"https:\\\/\\\/zadecu.org\\\/#organization\"},\"potentialAction\":[{\"@type\":\"SearchAction\",\"target\":{\"@type\":\"EntryPoint\",\"urlTemplate\":\"https:\\\/\\\/zadecu.org\\\/?s={search_term_string}\"},\"query-input\":{\"@type\":\"PropertyValueSpecification\",\"valueRequired\":true,\"valueName\":\"search_term_string\"}}],\"inLanguage\":\"en-US\"},{\"@type\":\"Organization\",\"@id\":\"https:\\\/\\\/zadecu.org\\\/#organization\",\"name\":\"Mre\u017ea organizacija za decu Srbije MODS\",\"url\":\"https:\\\/\\\/zadecu.org\\\/\",\"logo\":{\"@type\":\"ImageObject\",\"inLanguage\":\"en-US\",\"@id\":\"https:\\\/\\\/zadecu.org\\\/#\\\/schema\\\/logo\\\/image\\\/\",\"url\":\"http:\\\/\\\/zadecu.org\\\/wp-content\\\/uploads\\\/2019\\\/07\\\/MODS_logo_veci.jpg\",\"contentUrl\":\"http:\\\/\\\/zadecu.org\\\/wp-content\\\/uploads\\\/2019\\\/07\\\/MODS_logo_veci.jpg\",\"width\":798,\"height\":335,\"caption\":\"Mre\u017ea organizacija za decu Srbije MODS\"},\"image\":{\"@id\":\"https:\\\/\\\/zadecu.org\\\/#\\\/schema\\\/logo\\\/image\\\/\"},\"sameAs\":[\"https:\\\/\\\/www.facebook.com\\\/zadecuMODS\\\/\",\"https:\\\/\\\/x.com\\\/zadecuMODS\",\"https:\\\/\\\/www.instagram.com\\\/zadecuMODS\\\/\",\"https:\\\/\\\/www.youtube.com\\\/channel\\\/UC1JWUdo0NzgZJFne1EdFX9A\"]},{\"@type\":\"Person\",\"@id\":\"https:\\\/\\\/zadecu.org\\\/#\\\/schema\\\/person\\\/ad4f6997e66e4470c1ef6d15dd97b57e\",\"name\":\"MODS\",\"image\":{\"@type\":\"ImageObject\",\"inLanguage\":\"en-US\",\"@id\":\"https:\\\/\\\/secure.gravatar.com\\\/avatar\\\/60ee1947f5945cecca76529f5ef348f68d8e771648dbf26d5a30dac2000a09f7?s=96&d=mm&r=g\",\"url\":\"https:\\\/\\\/secure.gravatar.com\\\/avatar\\\/60ee1947f5945cecca76529f5ef348f68d8e771648dbf26d5a30dac2000a09f7?s=96&d=mm&r=g\",\"contentUrl\":\"https:\\\/\\\/secure.gravatar.com\\\/avatar\\\/60ee1947f5945cecca76529f5ef348f68d8e771648dbf26d5a30dac2000a09f7?s=96&d=mm&r=g\",\"caption\":\"MODS\"},\"sameAs\":[\"https:\\\/\\\/www.facebook.com\\\/zadecuMODS\\\/\",\"https:\\\/\\\/x.com\\\/zadecuMODS\"],\"url\":\"https:\\\/\\\/zadecu.org\\\/en\\\/author\\\/ognjen\\\/\"}]}<\/script>\n<!-- \/ Yoast SEO plugin. -->","yoast_head_json":{"title":"MODS Contribution to the 2025 Serbia Progress Report - Mre\u017ea organizacija za decu Srbije","description":"The Network of Organizations for Children of Serbia (MODS) has prepared a contribution to Serbia\u2019s 2025 Progress Report, which the European Commission prepares annually as part of the European Union accession process.","robots":{"index":"index","follow":"follow","max-snippet":"max-snippet:-1","max-image-preview":"max-image-preview:large","max-video-preview":"max-video-preview:-1"},"canonical":"https:\/\/zadecu.org\/en\/mods-contribution-to-the-2025-serbia-progress-report\/","og_locale":"en_US","og_type":"article","og_title":"MODS Contribution to the 2025 Serbia Progress Report - Mre\u017ea organizacija za decu Srbije","og_description":"The Network of Organizations for Children of Serbia (MODS) has prepared a contribution to Serbia\u2019s 2025 Progress Report, which the European Commission prepares annually as part of the European Union accession process.","og_url":"https:\/\/zadecu.org\/en\/mods-contribution-to-the-2025-serbia-progress-report\/","og_site_name":"Mre\u017ea organizacija za decu Srbije","article_publisher":"https:\/\/www.facebook.com\/zadecuMODS\/","article_author":"https:\/\/www.facebook.com\/zadecuMODS\/","article_published_time":"2025-04-28T10:08:35+00:00","article_modified_time":"2025-05-23T15:55:51+00:00","og_image":[{"width":1584,"height":396,"url":"https:\/\/zadecu.org\/wp-content\/uploads\/2024\/05\/EU-SRB.jpg","type":"image\/jpeg"}],"author":"MODS","twitter_card":"summary_large_image","twitter_creator":"@zadecuMODS","twitter_site":"@zadecuMODS","twitter_misc":{"Written by":"MODS","Est. reading time":"3 minutes"},"schema":{"@context":"https:\/\/schema.org","@graph":[{"@type":"Article","@id":"https:\/\/zadecu.org\/en\/mods-contribution-to-the-2025-serbia-progress-report\/#article","isPartOf":{"@id":"https:\/\/zadecu.org\/en\/mods-contribution-to-the-2025-serbia-progress-report\/"},"author":{"name":"MODS","@id":"https:\/\/zadecu.org\/#\/schema\/person\/ad4f6997e66e4470c1ef6d15dd97b57e"},"headline":"MODS Contribution to the 2025 Serbia Progress Report","datePublished":"2025-04-28T10:08:35+00:00","dateModified":"2025-05-23T15:55:51+00:00","mainEntityOfPage":{"@id":"https:\/\/zadecu.org\/en\/mods-contribution-to-the-2025-serbia-progress-report\/"},"wordCount":349,"publisher":{"@id":"https:\/\/zadecu.org\/#organization"},"image":{"@id":"https:\/\/zadecu.org\/en\/mods-contribution-to-the-2025-serbia-progress-report\/#primaryimage"},"thumbnailUrl":"https:\/\/zadecu.org\/wp-content\/uploads\/2024\/05\/EU-SRB.jpg","keywords":["\u010clanice MODS","Convention on the Rights of the Child","European integration"],"articleSection":["European integrations","MODS members news","News"],"inLanguage":"en-US"},{"@type":"WebPage","@id":"https:\/\/zadecu.org\/en\/mods-contribution-to-the-2025-serbia-progress-report\/","url":"https:\/\/zadecu.org\/en\/mods-contribution-to-the-2025-serbia-progress-report\/","name":"MODS Contribution to the 2025 Serbia Progress Report - Mre\u017ea organizacija za decu Srbije","isPartOf":{"@id":"https:\/\/zadecu.org\/#website"},"primaryImageOfPage":{"@id":"https:\/\/zadecu.org\/en\/mods-contribution-to-the-2025-serbia-progress-report\/#primaryimage"},"image":{"@id":"https:\/\/zadecu.org\/en\/mods-contribution-to-the-2025-serbia-progress-report\/#primaryimage"},"thumbnailUrl":"https:\/\/zadecu.org\/wp-content\/uploads\/2024\/05\/EU-SRB.jpg","datePublished":"2025-04-28T10:08:35+00:00","dateModified":"2025-05-23T15:55:51+00:00","description":"The Network of Organizations for Children of Serbia (MODS) has prepared a contribution to Serbia\u2019s 2025 Progress Report, which the European Commission prepares annually as part of the European Union accession process.","breadcrumb":{"@id":"https:\/\/zadecu.org\/en\/mods-contribution-to-the-2025-serbia-progress-report\/#breadcrumb"},"inLanguage":"en-US","potentialAction":[{"@type":"ReadAction","target":["https:\/\/zadecu.org\/en\/mods-contribution-to-the-2025-serbia-progress-report\/"]}]},{"@type":"ImageObject","inLanguage":"en-US","@id":"https:\/\/zadecu.org\/en\/mods-contribution-to-the-2025-serbia-progress-report\/#primaryimage","url":"https:\/\/zadecu.org\/wp-content\/uploads\/2024\/05\/EU-SRB.jpg","contentUrl":"https:\/\/zadecu.org\/wp-content\/uploads\/2024\/05\/EU-SRB.jpg","width":1584,"height":396},{"@type":"BreadcrumbList","@id":"https:\/\/zadecu.org\/en\/mods-contribution-to-the-2025-serbia-progress-report\/#breadcrumb","itemListElement":[{"@type":"ListItem","position":1,"name":"Home","item":"https:\/\/zadecu.org\/en\/"},{"@type":"ListItem","position":2,"name":"MODS Contribution to the 2025 Serbia Progress Report"}]},{"@type":"WebSite","@id":"https:\/\/zadecu.org\/#website","url":"https:\/\/zadecu.org\/","name":"Mre\u017ea organizacija za decu Srbije","description":"Savez organizacija civilnog dru\u0161tva koje se bave za\u0161titom i promocijom prava deteta u Srbiji","publisher":{"@id":"https:\/\/zadecu.org\/#organization"},"potentialAction":[{"@type":"SearchAction","target":{"@type":"EntryPoint","urlTemplate":"https:\/\/zadecu.org\/?s={search_term_string}"},"query-input":{"@type":"PropertyValueSpecification","valueRequired":true,"valueName":"search_term_string"}}],"inLanguage":"en-US"},{"@type":"Organization","@id":"https:\/\/zadecu.org\/#organization","name":"Mre\u017ea organizacija za decu Srbije MODS","url":"https:\/\/zadecu.org\/","logo":{"@type":"ImageObject","inLanguage":"en-US","@id":"https:\/\/zadecu.org\/#\/schema\/logo\/image\/","url":"http:\/\/zadecu.org\/wp-content\/uploads\/2019\/07\/MODS_logo_veci.jpg","contentUrl":"http:\/\/zadecu.org\/wp-content\/uploads\/2019\/07\/MODS_logo_veci.jpg","width":798,"height":335,"caption":"Mre\u017ea organizacija za decu Srbije MODS"},"image":{"@id":"https:\/\/zadecu.org\/#\/schema\/logo\/image\/"},"sameAs":["https:\/\/www.facebook.com\/zadecuMODS\/","https:\/\/x.com\/zadecuMODS","https:\/\/www.instagram.com\/zadecuMODS\/","https:\/\/www.youtube.com\/channel\/UC1JWUdo0NzgZJFne1EdFX9A"]},{"@type":"Person","@id":"https:\/\/zadecu.org\/#\/schema\/person\/ad4f6997e66e4470c1ef6d15dd97b57e","name":"MODS","image":{"@type":"ImageObject","inLanguage":"en-US","@id":"https:\/\/secure.gravatar.com\/avatar\/60ee1947f5945cecca76529f5ef348f68d8e771648dbf26d5a30dac2000a09f7?s=96&d=mm&r=g","url":"https:\/\/secure.gravatar.com\/avatar\/60ee1947f5945cecca76529f5ef348f68d8e771648dbf26d5a30dac2000a09f7?s=96&d=mm&r=g","contentUrl":"https:\/\/secure.gravatar.com\/avatar\/60ee1947f5945cecca76529f5ef348f68d8e771648dbf26d5a30dac2000a09f7?s=96&d=mm&r=g","caption":"MODS"},"sameAs":["https:\/\/www.facebook.com\/zadecuMODS\/","https:\/\/x.com\/zadecuMODS"],"url":"https:\/\/zadecu.org\/en\/author\/ognjen\/"}]}},"_links":{"self":[{"href":"https:\/\/zadecu.org\/en\/wp-json\/wp\/v2\/posts\/13536","targetHints":{"allow":["GET"]}}],"collection":[{"href":"https:\/\/zadecu.org\/en\/wp-json\/wp\/v2\/posts"}],"about":[{"href":"https:\/\/zadecu.org\/en\/wp-json\/wp\/v2\/types\/post"}],"author":[{"embeddable":true,"href":"https:\/\/zadecu.org\/en\/wp-json\/wp\/v2\/users\/3"}],"replies":[{"embeddable":true,"href":"https:\/\/zadecu.org\/en\/wp-json\/wp\/v2\/comments?post=13536"}],"version-history":[{"count":0,"href":"https:\/\/zadecu.org\/en\/wp-json\/wp\/v2\/posts\/13536\/revisions"}],"wp:featuredmedia":[{"embeddable":true,"href":"https:\/\/zadecu.org\/en\/wp-json\/wp\/v2\/media\/12346"}],"wp:attachment":[{"href":"https:\/\/zadecu.org\/en\/wp-json\/wp\/v2\/media?parent=13536"}],"wp:term":[{"taxonomy":"category","embeddable":true,"href":"https:\/\/zadecu.org\/en\/wp-json\/wp\/v2\/categories?post=13536"},{"taxonomy":"post_tag","embeddable":true,"href":"https:\/\/zadecu.org\/en\/wp-json\/wp\/v2\/tags?post=13536"}],"curies":[{"name":"wp","href":"https:\/\/api.w.org\/{rel}","templated":true}]}}