
{"id":13503,"date":"2025-04-17T06:04:15","date_gmt":"2025-04-17T06:04:15","guid":{"rendered":"https:\/\/zadecu.org\/?p=13503"},"modified":"2025-04-17T06:04:16","modified_gmt":"2025-04-17T06:04:16","slug":"the-rights-of-children-under-threat-in-serbia","status":"publish","type":"post","link":"https:\/\/zadecu.org\/en\/the-rights-of-children-under-threat-in-serbia\/","title":{"rendered":"The rights of children under threat in Serbia"},"content":{"rendered":"<p style=\"text-align: center;\"><strong><em>In Serbia, recent events have highlighted the growing risks to children&#8217;s rights and the alarming suppression of youth movements calling for democratic reforms.<\/em><\/strong><\/p>\n<p><strong>Violence and repression: a direct threat to the rights of children and youth<\/strong><\/p>\n<p style=\"text-align: justify;\">In the\u00a0<a href=\"https:\/\/eurochild.org\/news\/childrens-right-to-protest-strikes-corruption-and-the-fight-for-democracy-in-serbia\/\">last months<\/a>, several incidents have exposed the Serbian government&#8217;s disregard for the rights and safety of its young citizens. On March 15, in Belgrade, while the authorities deny using any weapon or device, the media, citizens and CSOs have been collecting evidence about the possible deployment of a sonic device, whose use has no legal foundation in Serbian law. Such actions contravene a wide range of children\u2019s rights, including Article 19 of the CRC, which ensures protection from inhuman treatment, as well as the right to life, survival, and development (Article 6). Additionally, government rhetoric has undermined children\u2019s and youths\u2019 activism, accusing activists of foreign influence and teachers of exploiting children for political purposes. These measures violate Articles 12 and 13 of the Convention, which uphold the right to freely express opinions and participate in civic life, fostering fear and oppression among young people. Further, it threatens the right to peaceful assembly enshrined in Article 14 of the Convention.<\/p>\n<p style=\"text-align: justify;\">There have been multiple incidents in which high school students participating in peaceful protests have faced threats. In some cases, public prosecutors have ordered police to \u201csummon\u201d minors for questioning\u2014a move that has raised serious concerns about intimidation and the misuse of legal measures to suppress peaceful activism.<\/p>\n<p><strong>Violations to the right to education<\/strong><\/p>\n<p style=\"text-align: justify;\">Serbia has also witnessed significant disruptions to education. On 20 December 2024, the Ministry of Education and the Government announced the premature end of the school semester, citing safety concerns amid strikes and school blockades. This decision left students without grades for the end of the semester, preventing them from receiving official assessments of their academic performance and disrupting educational continuity. Although classes resumed on 20 January 2025, a decision was taken on restarting the new semester, but the lack of communication regarding improved safety raised doubts. Some schools required parental consent for attendance, leaving families uncertain about the safety of their children. These actions violate Article 28 of the Convention, which guarantees every child the right to education in a safe environment. Further, it is also in contradiction with Article 29 on the aim of education.<\/p>\n<p><strong>Youth movements advocating for democratic values<\/strong><\/p>\n<p style=\"text-align: justify;\">Despite repression, Serbian youth continue to lead movements championing democratic reforms, accountability, and adherence to European Union values, such as democracy and the rule of law. These demands align with the Copenhagen Criteria and the EU Charter of Fundamental Rights, which are essential for Serbia\u2019s EU accession.<\/p>\n<p><strong>A call for accountability<\/strong><\/p>\n<p style=\"text-align: justify;\">The violence against peaceful protesters, suppression of youth activism, have created uncertainty and fear among Serbia\u2019s youth and children. We stand in solidarity with them and urge the Serbian government to uphold their rights, ensuring protection from violence, and participation in civic life. The international community, including the European Union, must press for accountability and support Serbian youth in their pursuit of a democratic society that respects human rights. The future of Serbia hinges on the active engagement of its youth, whose voices must be amplified and safeguarded.<\/p>\n<p><a href=\"https:\/\/mail.google.com\/mail\/?view=cm&amp;fs=1&amp;tf=1&amp;to=s.stefanovic@zadecu.org\" target=\"_blank\" rel=\"noreferrer noopener\">Sasha Stefanovic<\/a>, Director of\u00a0<a href=\"https:\/\/zadecu.org\/mods\/\">MODS<\/a>, Eurochild member.<\/p>\n<p>Source: <a href=\"https:\/\/eurochild.org\/news\/the-rights-of-children-under-threat-in-serbia\/?utm_source=Mre%C5%BEa+organizacija+za+decu+Srbije+MODS&amp;utm_campaign=48e7b58e30-EMAIL_CAMPAIGN_2025_04_15_12_32&amp;utm_medium=email&amp;utm_term=0_-48e7b58e30-586684275\">Eurochild<\/a><\/p>\n\n\n<p class=\"wp-block-paragraph\"><\/p>\n","protected":false},"excerpt":{"rendered":"<p>In Serbia, recent events have highlighted the growing risks to children&#8217;s rights and the alarming suppression of youth movements calling for democratic reforms. Violence and repression: a direct threat to the rights of children and youth In the\u00a0last months, several incidents have exposed the Serbian government&#8217;s disregard for the rights and safety of its young [&hellip;]<\/p>\n","protected":false},"author":3,"featured_media":13504,"comment_status":"closed","ping_status":"closed","sticky":false,"template":"","format":"standard","meta":{"footnotes":""},"categories":[52],"tags":[117],"class_list":["post-13503","post","type-post","status-publish","format-standard","has-post-thumbnail","hentry","category-uncategorized","tag-convention-on-the-rights-of-the-child"],"yoast_head":"<!-- This site is optimized with the Yoast SEO plugin v28.0 - https:\/\/yoast.com\/product\/yoast-seo-wordpress\/ -->\n<title>The rights of children under threat in Serbia - Mre\u017ea organizacija za decu Srbije<\/title>\n<meta name=\"description\" content=\"In Serbia, recent events have highlighted the growing risks to children&#039;s rights and the alarming suppression of youth movements calling for democratic reforms.\" \/>\n<meta name=\"robots\" content=\"index, follow, max-snippet:-1, max-image-preview:large, max-video-preview:-1\" \/>\n<link rel=\"canonical\" href=\"https:\/\/zadecu.org\/en\/the-rights-of-children-under-threat-in-serbia\/\" \/>\n<meta property=\"og:locale\" content=\"en_US\" \/>\n<meta property=\"og:type\" content=\"article\" \/>\n<meta property=\"og:title\" content=\"The rights of children under threat in Serbia - Mre\u017ea organizacija za decu Srbije\" \/>\n<meta property=\"og:description\" content=\"In Serbia, recent events have highlighted the growing risks to children&#039;s rights and the alarming suppression of youth movements calling for democratic reforms.\" \/>\n<meta property=\"og:url\" content=\"https:\/\/zadecu.org\/en\/the-rights-of-children-under-threat-in-serbia\/\" \/>\n<meta property=\"og:site_name\" content=\"Mre\u017ea organizacija za decu Srbije\" \/>\n<meta property=\"article:publisher\" content=\"https:\/\/www.facebook.com\/zadecuMODS\/\" \/>\n<meta property=\"article:author\" content=\"https:\/\/www.facebook.com\/zadecuMODS\/\" \/>\n<meta property=\"article:published_time\" content=\"2025-04-17T06:04:15+00:00\" \/>\n<meta property=\"article:modified_time\" content=\"2025-04-17T06:04:16+00:00\" \/>\n<meta property=\"og:image\" content=\"https:\/\/zadecu.org\/wp-content\/uploads\/2025\/04\/Serbia-1024x576.png\" \/>\n\t<meta property=\"og:image:width\" content=\"1024\" \/>\n\t<meta property=\"og:image:height\" content=\"576\" \/>\n\t<meta property=\"og:image:type\" content=\"image\/png\" \/>\n<meta name=\"author\" content=\"MODS\" \/>\n<meta name=\"twitter:card\" content=\"summary_large_image\" \/>\n<meta name=\"twitter:creator\" content=\"@zadecuMODS\" \/>\n<meta name=\"twitter:site\" content=\"@zadecuMODS\" \/>\n<meta name=\"twitter:label1\" content=\"Written by\" \/>\n\t<meta name=\"twitter:data1\" content=\"MODS\" \/>\n\t<meta name=\"twitter:label2\" content=\"Est. reading time\" \/>\n\t<meta name=\"twitter:data2\" content=\"4 minutes\" \/>\n<script type=\"application\/ld+json\" class=\"yoast-schema-graph\">{\"@context\":\"https:\\\/\\\/schema.org\",\"@graph\":[{\"@type\":\"Article\",\"@id\":\"https:\\\/\\\/zadecu.org\\\/en\\\/the-rights-of-children-under-threat-in-serbia\\\/#article\",\"isPartOf\":{\"@id\":\"https:\\\/\\\/zadecu.org\\\/en\\\/the-rights-of-children-under-threat-in-serbia\\\/\"},\"author\":{\"name\":\"MODS\",\"@id\":\"https:\\\/\\\/zadecu.org\\\/#\\\/schema\\\/person\\\/ad4f6997e66e4470c1ef6d15dd97b57e\"},\"headline\":\"The rights of children under threat in Serbia\",\"datePublished\":\"2025-04-17T06:04:15+00:00\",\"dateModified\":\"2025-04-17T06:04:16+00:00\",\"mainEntityOfPage\":{\"@id\":\"https:\\\/\\\/zadecu.org\\\/en\\\/the-rights-of-children-under-threat-in-serbia\\\/\"},\"wordCount\":545,\"publisher\":{\"@id\":\"https:\\\/\\\/zadecu.org\\\/#organization\"},\"image\":{\"@id\":\"https:\\\/\\\/zadecu.org\\\/en\\\/the-rights-of-children-under-threat-in-serbia\\\/#primaryimage\"},\"thumbnailUrl\":\"https:\\\/\\\/zadecu.org\\\/wp-content\\\/uploads\\\/2025\\\/04\\\/Serbia.png\",\"keywords\":[\"Convention on the Rights of the Child\"],\"articleSection\":[\"News\"],\"inLanguage\":\"en-US\"},{\"@type\":\"WebPage\",\"@id\":\"https:\\\/\\\/zadecu.org\\\/en\\\/the-rights-of-children-under-threat-in-serbia\\\/\",\"url\":\"https:\\\/\\\/zadecu.org\\\/en\\\/the-rights-of-children-under-threat-in-serbia\\\/\",\"name\":\"The rights of children under threat in Serbia - Mre\u017ea organizacija za decu Srbije\",\"isPartOf\":{\"@id\":\"https:\\\/\\\/zadecu.org\\\/#website\"},\"primaryImageOfPage\":{\"@id\":\"https:\\\/\\\/zadecu.org\\\/en\\\/the-rights-of-children-under-threat-in-serbia\\\/#primaryimage\"},\"image\":{\"@id\":\"https:\\\/\\\/zadecu.org\\\/en\\\/the-rights-of-children-under-threat-in-serbia\\\/#primaryimage\"},\"thumbnailUrl\":\"https:\\\/\\\/zadecu.org\\\/wp-content\\\/uploads\\\/2025\\\/04\\\/Serbia.png\",\"datePublished\":\"2025-04-17T06:04:15+00:00\",\"dateModified\":\"2025-04-17T06:04:16+00:00\",\"description\":\"In Serbia, recent events have highlighted the growing risks to children's rights and the alarming suppression of youth movements calling for democratic reforms.\",\"breadcrumb\":{\"@id\":\"https:\\\/\\\/zadecu.org\\\/en\\\/the-rights-of-children-under-threat-in-serbia\\\/#breadcrumb\"},\"inLanguage\":\"en-US\",\"potentialAction\":[{\"@type\":\"ReadAction\",\"target\":[\"https:\\\/\\\/zadecu.org\\\/en\\\/the-rights-of-children-under-threat-in-serbia\\\/\"]}]},{\"@type\":\"ImageObject\",\"inLanguage\":\"en-US\",\"@id\":\"https:\\\/\\\/zadecu.org\\\/en\\\/the-rights-of-children-under-threat-in-serbia\\\/#primaryimage\",\"url\":\"https:\\\/\\\/zadecu.org\\\/wp-content\\\/uploads\\\/2025\\\/04\\\/Serbia.png\",\"contentUrl\":\"https:\\\/\\\/zadecu.org\\\/wp-content\\\/uploads\\\/2025\\\/04\\\/Serbia.png\",\"width\":1920,\"height\":1080},{\"@type\":\"BreadcrumbList\",\"@id\":\"https:\\\/\\\/zadecu.org\\\/en\\\/the-rights-of-children-under-threat-in-serbia\\\/#breadcrumb\",\"itemListElement\":[{\"@type\":\"ListItem\",\"position\":1,\"name\":\"Home\",\"item\":\"https:\\\/\\\/zadecu.org\\\/en\\\/\"},{\"@type\":\"ListItem\",\"position\":2,\"name\":\"The rights of children under threat in Serbia\"}]},{\"@type\":\"WebSite\",\"@id\":\"https:\\\/\\\/zadecu.org\\\/#website\",\"url\":\"https:\\\/\\\/zadecu.org\\\/\",\"name\":\"Mre\u017ea organizacija za decu Srbije\",\"description\":\"Savez organizacija civilnog dru\u0161tva koje se bave za\u0161titom i promocijom prava deteta u Srbiji\",\"publisher\":{\"@id\":\"https:\\\/\\\/zadecu.org\\\/#organization\"},\"potentialAction\":[{\"@type\":\"SearchAction\",\"target\":{\"@type\":\"EntryPoint\",\"urlTemplate\":\"https:\\\/\\\/zadecu.org\\\/?s={search_term_string}\"},\"query-input\":{\"@type\":\"PropertyValueSpecification\",\"valueRequired\":true,\"valueName\":\"search_term_string\"}}],\"inLanguage\":\"en-US\"},{\"@type\":\"Organization\",\"@id\":\"https:\\\/\\\/zadecu.org\\\/#organization\",\"name\":\"Mre\u017ea organizacija za decu Srbije MODS\",\"url\":\"https:\\\/\\\/zadecu.org\\\/\",\"logo\":{\"@type\":\"ImageObject\",\"inLanguage\":\"en-US\",\"@id\":\"https:\\\/\\\/zadecu.org\\\/#\\\/schema\\\/logo\\\/image\\\/\",\"url\":\"http:\\\/\\\/zadecu.org\\\/wp-content\\\/uploads\\\/2019\\\/07\\\/MODS_logo_veci.jpg\",\"contentUrl\":\"http:\\\/\\\/zadecu.org\\\/wp-content\\\/uploads\\\/2019\\\/07\\\/MODS_logo_veci.jpg\",\"width\":798,\"height\":335,\"caption\":\"Mre\u017ea organizacija za decu Srbije MODS\"},\"image\":{\"@id\":\"https:\\\/\\\/zadecu.org\\\/#\\\/schema\\\/logo\\\/image\\\/\"},\"sameAs\":[\"https:\\\/\\\/www.facebook.com\\\/zadecuMODS\\\/\",\"https:\\\/\\\/x.com\\\/zadecuMODS\",\"https:\\\/\\\/www.instagram.com\\\/zadecuMODS\\\/\",\"https:\\\/\\\/www.youtube.com\\\/channel\\\/UC1JWUdo0NzgZJFne1EdFX9A\"]},{\"@type\":\"Person\",\"@id\":\"https:\\\/\\\/zadecu.org\\\/#\\\/schema\\\/person\\\/ad4f6997e66e4470c1ef6d15dd97b57e\",\"name\":\"MODS\",\"image\":{\"@type\":\"ImageObject\",\"inLanguage\":\"en-US\",\"@id\":\"https:\\\/\\\/secure.gravatar.com\\\/avatar\\\/60ee1947f5945cecca76529f5ef348f68d8e771648dbf26d5a30dac2000a09f7?s=96&d=mm&r=g\",\"url\":\"https:\\\/\\\/secure.gravatar.com\\\/avatar\\\/60ee1947f5945cecca76529f5ef348f68d8e771648dbf26d5a30dac2000a09f7?s=96&d=mm&r=g\",\"contentUrl\":\"https:\\\/\\\/secure.gravatar.com\\\/avatar\\\/60ee1947f5945cecca76529f5ef348f68d8e771648dbf26d5a30dac2000a09f7?s=96&d=mm&r=g\",\"caption\":\"MODS\"},\"sameAs\":[\"https:\\\/\\\/www.facebook.com\\\/zadecuMODS\\\/\",\"https:\\\/\\\/x.com\\\/zadecuMODS\"],\"url\":\"https:\\\/\\\/zadecu.org\\\/en\\\/author\\\/ognjen\\\/\"}]}<\/script>\n<!-- \/ Yoast SEO plugin. -->","yoast_head_json":{"title":"The rights of children under threat in Serbia - Mre\u017ea organizacija za decu Srbije","description":"In Serbia, recent events have highlighted the growing risks to children's rights and the alarming suppression of youth movements calling for democratic reforms.","robots":{"index":"index","follow":"follow","max-snippet":"max-snippet:-1","max-image-preview":"max-image-preview:large","max-video-preview":"max-video-preview:-1"},"canonical":"https:\/\/zadecu.org\/en\/the-rights-of-children-under-threat-in-serbia\/","og_locale":"en_US","og_type":"article","og_title":"The rights of children under threat in Serbia - Mre\u017ea organizacija za decu Srbije","og_description":"In Serbia, recent events have highlighted the growing risks to children's rights and the alarming suppression of youth movements calling for democratic reforms.","og_url":"https:\/\/zadecu.org\/en\/the-rights-of-children-under-threat-in-serbia\/","og_site_name":"Mre\u017ea organizacija za decu Srbije","article_publisher":"https:\/\/www.facebook.com\/zadecuMODS\/","article_author":"https:\/\/www.facebook.com\/zadecuMODS\/","article_published_time":"2025-04-17T06:04:15+00:00","article_modified_time":"2025-04-17T06:04:16+00:00","og_image":[{"width":1024,"height":576,"url":"https:\/\/zadecu.org\/wp-content\/uploads\/2025\/04\/Serbia-1024x576.png","type":"image\/png"}],"author":"MODS","twitter_card":"summary_large_image","twitter_creator":"@zadecuMODS","twitter_site":"@zadecuMODS","twitter_misc":{"Written by":"MODS","Est. reading time":"4 minutes"},"schema":{"@context":"https:\/\/schema.org","@graph":[{"@type":"Article","@id":"https:\/\/zadecu.org\/en\/the-rights-of-children-under-threat-in-serbia\/#article","isPartOf":{"@id":"https:\/\/zadecu.org\/en\/the-rights-of-children-under-threat-in-serbia\/"},"author":{"name":"MODS","@id":"https:\/\/zadecu.org\/#\/schema\/person\/ad4f6997e66e4470c1ef6d15dd97b57e"},"headline":"The rights of children under threat in Serbia","datePublished":"2025-04-17T06:04:15+00:00","dateModified":"2025-04-17T06:04:16+00:00","mainEntityOfPage":{"@id":"https:\/\/zadecu.org\/en\/the-rights-of-children-under-threat-in-serbia\/"},"wordCount":545,"publisher":{"@id":"https:\/\/zadecu.org\/#organization"},"image":{"@id":"https:\/\/zadecu.org\/en\/the-rights-of-children-under-threat-in-serbia\/#primaryimage"},"thumbnailUrl":"https:\/\/zadecu.org\/wp-content\/uploads\/2025\/04\/Serbia.png","keywords":["Convention on the Rights of the Child"],"articleSection":["News"],"inLanguage":"en-US"},{"@type":"WebPage","@id":"https:\/\/zadecu.org\/en\/the-rights-of-children-under-threat-in-serbia\/","url":"https:\/\/zadecu.org\/en\/the-rights-of-children-under-threat-in-serbia\/","name":"The rights of children under threat in Serbia - Mre\u017ea organizacija za decu Srbije","isPartOf":{"@id":"https:\/\/zadecu.org\/#website"},"primaryImageOfPage":{"@id":"https:\/\/zadecu.org\/en\/the-rights-of-children-under-threat-in-serbia\/#primaryimage"},"image":{"@id":"https:\/\/zadecu.org\/en\/the-rights-of-children-under-threat-in-serbia\/#primaryimage"},"thumbnailUrl":"https:\/\/zadecu.org\/wp-content\/uploads\/2025\/04\/Serbia.png","datePublished":"2025-04-17T06:04:15+00:00","dateModified":"2025-04-17T06:04:16+00:00","description":"In Serbia, recent events have highlighted the growing risks to children's rights and the alarming suppression of youth movements calling for democratic reforms.","breadcrumb":{"@id":"https:\/\/zadecu.org\/en\/the-rights-of-children-under-threat-in-serbia\/#breadcrumb"},"inLanguage":"en-US","potentialAction":[{"@type":"ReadAction","target":["https:\/\/zadecu.org\/en\/the-rights-of-children-under-threat-in-serbia\/"]}]},{"@type":"ImageObject","inLanguage":"en-US","@id":"https:\/\/zadecu.org\/en\/the-rights-of-children-under-threat-in-serbia\/#primaryimage","url":"https:\/\/zadecu.org\/wp-content\/uploads\/2025\/04\/Serbia.png","contentUrl":"https:\/\/zadecu.org\/wp-content\/uploads\/2025\/04\/Serbia.png","width":1920,"height":1080},{"@type":"BreadcrumbList","@id":"https:\/\/zadecu.org\/en\/the-rights-of-children-under-threat-in-serbia\/#breadcrumb","itemListElement":[{"@type":"ListItem","position":1,"name":"Home","item":"https:\/\/zadecu.org\/en\/"},{"@type":"ListItem","position":2,"name":"The rights of children under threat in Serbia"}]},{"@type":"WebSite","@id":"https:\/\/zadecu.org\/#website","url":"https:\/\/zadecu.org\/","name":"Mre\u017ea organizacija za decu Srbije","description":"Savez organizacija civilnog dru\u0161tva koje se bave za\u0161titom i promocijom prava deteta u Srbiji","publisher":{"@id":"https:\/\/zadecu.org\/#organization"},"potentialAction":[{"@type":"SearchAction","target":{"@type":"EntryPoint","urlTemplate":"https:\/\/zadecu.org\/?s={search_term_string}"},"query-input":{"@type":"PropertyValueSpecification","valueRequired":true,"valueName":"search_term_string"}}],"inLanguage":"en-US"},{"@type":"Organization","@id":"https:\/\/zadecu.org\/#organization","name":"Mre\u017ea organizacija za decu Srbije MODS","url":"https:\/\/zadecu.org\/","logo":{"@type":"ImageObject","inLanguage":"en-US","@id":"https:\/\/zadecu.org\/#\/schema\/logo\/image\/","url":"http:\/\/zadecu.org\/wp-content\/uploads\/2019\/07\/MODS_logo_veci.jpg","contentUrl":"http:\/\/zadecu.org\/wp-content\/uploads\/2019\/07\/MODS_logo_veci.jpg","width":798,"height":335,"caption":"Mre\u017ea organizacija za decu Srbije MODS"},"image":{"@id":"https:\/\/zadecu.org\/#\/schema\/logo\/image\/"},"sameAs":["https:\/\/www.facebook.com\/zadecuMODS\/","https:\/\/x.com\/zadecuMODS","https:\/\/www.instagram.com\/zadecuMODS\/","https:\/\/www.youtube.com\/channel\/UC1JWUdo0NzgZJFne1EdFX9A"]},{"@type":"Person","@id":"https:\/\/zadecu.org\/#\/schema\/person\/ad4f6997e66e4470c1ef6d15dd97b57e","name":"MODS","image":{"@type":"ImageObject","inLanguage":"en-US","@id":"https:\/\/secure.gravatar.com\/avatar\/60ee1947f5945cecca76529f5ef348f68d8e771648dbf26d5a30dac2000a09f7?s=96&d=mm&r=g","url":"https:\/\/secure.gravatar.com\/avatar\/60ee1947f5945cecca76529f5ef348f68d8e771648dbf26d5a30dac2000a09f7?s=96&d=mm&r=g","contentUrl":"https:\/\/secure.gravatar.com\/avatar\/60ee1947f5945cecca76529f5ef348f68d8e771648dbf26d5a30dac2000a09f7?s=96&d=mm&r=g","caption":"MODS"},"sameAs":["https:\/\/www.facebook.com\/zadecuMODS\/","https:\/\/x.com\/zadecuMODS"],"url":"https:\/\/zadecu.org\/en\/author\/ognjen\/"}]}},"_links":{"self":[{"href":"https:\/\/zadecu.org\/en\/wp-json\/wp\/v2\/posts\/13503","targetHints":{"allow":["GET"]}}],"collection":[{"href":"https:\/\/zadecu.org\/en\/wp-json\/wp\/v2\/posts"}],"about":[{"href":"https:\/\/zadecu.org\/en\/wp-json\/wp\/v2\/types\/post"}],"author":[{"embeddable":true,"href":"https:\/\/zadecu.org\/en\/wp-json\/wp\/v2\/users\/3"}],"replies":[{"embeddable":true,"href":"https:\/\/zadecu.org\/en\/wp-json\/wp\/v2\/comments?post=13503"}],"version-history":[{"count":0,"href":"https:\/\/zadecu.org\/en\/wp-json\/wp\/v2\/posts\/13503\/revisions"}],"wp:featuredmedia":[{"embeddable":true,"href":"https:\/\/zadecu.org\/en\/wp-json\/wp\/v2\/media\/13504"}],"wp:attachment":[{"href":"https:\/\/zadecu.org\/en\/wp-json\/wp\/v2\/media?parent=13503"}],"wp:term":[{"taxonomy":"category","embeddable":true,"href":"https:\/\/zadecu.org\/en\/wp-json\/wp\/v2\/categories?post=13503"},{"taxonomy":"post_tag","embeddable":true,"href":"https:\/\/zadecu.org\/en\/wp-json\/wp\/v2\/tags?post=13503"}],"curies":[{"name":"wp","href":"https:\/\/api.w.org\/{rel}","templated":true}]}}