
{"id":13363,"date":"2025-01-28T19:09:35","date_gmt":"2025-01-28T19:09:35","guid":{"rendered":"https:\/\/zadecu.org\/?p=13363"},"modified":"2025-01-28T19:09:37","modified_gmt":"2025-01-28T19:09:37","slug":"mods-candidates-in-parliamentary-procedure-for-members-of-the-rem-council","status":"publish","type":"post","link":"https:\/\/zadecu.org\/en\/mods-candidates-in-parliamentary-procedure-for-members-of-the-rem-council\/","title":{"rendered":"MODS Candidates in Parliamentary Procedure for Members of the REM Council"},"content":{"rendered":"\n<p class=\"wp-block-paragraph\">At a meeting held on January 20, 2025, in the National Assembly building, authorized proposers from associations dedicated to the protection of children convened. Their task was to finalize proposals for two candidates to serve as members of the Regulatory Authority for Electronic Media (REM) Council.<\/p>\n\n\n\n<p class=\"wp-block-paragraph\">By majority vote of the associations focused on child protection, our candidates, <strong>Prof. Dr. Aleksandra Krsti\u0107<\/strong> and <strong>Prof. Dr. Du\u0161an Aleksi\u0107<\/strong>, were submitted to the parliamentary procedure.<\/p>\n\n\n\n<p class=\"wp-block-paragraph\">In the next step, the Committee for Culture and Information will organize a public hearing with all candidates, in accordance with the deadlines prescribed by the Law on Electronic Media. Following this, the National Assembly will be presented with candidate lists for the election of nine members of the REM Council.<\/p>\n\n\n\n<p class=\"wp-block-paragraph\">We extend our gratitude to all organizations for their engagement and awareness of the importance of this process.<\/p>\n\n\n\n<p class=\"wp-block-paragraph\"><em>Mre\u017ea organizacija za decu Srbije MODS, U\u017ei\u010dki centar za prava deteta, NVO Atina, Prijatelji dece Srbije, De\u010diji centar Zaje\u010dar, Grupa za decu i mlade Indigo, FICE Srbija, Centar za proizvodnju znanja i ve\u0161tina \u2013 CPZV, \u00a0MNRO u AP Vojvodini, Prijatelji dece Po\u017earevac, PRAXIS, UG Libero, Zlatiborski krug, Somborski edukativni centar, MDRI-S, \u201eNexus\u201c Vranje, Centar za prava deteta CPD,\u00a0 Prijatelji dece Kragujevca, Prijatelji dece Beograda, Grupa \u201eMa\u0161ta\u201c, Centar za kreativi razvoj Knja\u017eevac, Prijatelji dece op\u0161tine Od\u017eaci, Prijatelji dece op\u0161tine Sur\u010din, Prijatelji dece op\u0161tine Zvezdara, KREATIVNA PEDAGOGIJA, Start Hub Kosjeri\u0107, Centar lokalne demokratije, LDA, UG Realno, MNRO grada Sombora, Nacionalna asocijacija roditelja i nastavnika, ASTRA Akcija protiv trgovine ljudima, Udru\u017eenje Forum civilne akcije FORCA, UG \u201eImam ideju\u201c Kraljevo, Udru\u017eenje\u00a0za podr\u0161ku osobama sa PS \u201eZajedno\u201c, Udru\u017eenje za pomo\u0107 MNRO \u201ePlava ptica\u201c, Dru\u0161tvo za pomo\u0107 MNRO grada Kikinde, BUM Be\u010dej, Me\u0111uop\u0161tinska organizacija MNRO Stara Pazova In\u0111ija<\/em>  proposed candidates: Aleksandra Krsti\u0107 and Du\u0161ana Aleksi\u0107.<\/p>\n","protected":false},"excerpt":{"rendered":"<p>At a meeting held on January 20, 2025, in the National Assembly building, authorized proposers from associations dedicated to the protection of children convened. Their task was to finalize proposals for two candidates to serve as members of the Regulatory Authority for Electronic Media (REM) Council. By majority vote of the associations focused on child [&hellip;]<\/p>\n","protected":false},"author":3,"featured_media":13297,"comment_status":"closed","ping_status":"closed","sticky":false,"template":"","format":"standard","meta":{"footnotes":""},"categories":[285,52],"tags":[321],"class_list":["post-13363","post","type-post","status-publish","format-standard","has-post-thumbnail","hentry","category-mods-members-news","category-uncategorized","tag-clanice-mods-en"],"yoast_head":"<!-- This site is optimized with the Yoast SEO plugin v28.0 - https:\/\/yoast.com\/product\/yoast-seo-wordpress\/ -->\n<title>MODS Candidates in Parliamentary Procedure for Members of the REM Council - Mre\u017ea organizacija za decu Srbije<\/title>\n<meta name=\"description\" content=\"MODS Candidates in Parliamentary Procedure for Members of the REM Council\" \/>\n<meta name=\"robots\" content=\"index, follow, max-snippet:-1, max-image-preview:large, max-video-preview:-1\" \/>\n<link rel=\"canonical\" href=\"https:\/\/zadecu.org\/en\/mods-candidates-in-parliamentary-procedure-for-members-of-the-rem-council\/\" \/>\n<meta property=\"og:locale\" content=\"en_US\" \/>\n<meta property=\"og:type\" content=\"article\" \/>\n<meta property=\"og:title\" content=\"MODS Candidates in Parliamentary Procedure for Members of the REM Council - Mre\u017ea organizacija za decu Srbije\" \/>\n<meta property=\"og:description\" content=\"MODS Candidates in Parliamentary Procedure for Members of the REM Council\" \/>\n<meta property=\"og:url\" content=\"https:\/\/zadecu.org\/en\/mods-candidates-in-parliamentary-procedure-for-members-of-the-rem-council\/\" \/>\n<meta property=\"og:site_name\" content=\"Mre\u017ea organizacija za decu Srbije\" \/>\n<meta property=\"article:publisher\" content=\"https:\/\/www.facebook.com\/zadecuMODS\/\" \/>\n<meta property=\"article:author\" content=\"https:\/\/www.facebook.com\/zadecuMODS\/\" \/>\n<meta property=\"article:published_time\" content=\"2025-01-28T19:09:35+00:00\" \/>\n<meta property=\"article:modified_time\" content=\"2025-01-28T19:09:37+00:00\" \/>\n<meta property=\"og:image\" content=\"https:\/\/zadecu.org\/wp-content\/uploads\/2025\/01\/SAVET-REM-scaled.webp\" \/>\n\t<meta property=\"og:image:width\" content=\"2560\" \/>\n\t<meta property=\"og:image:height\" content=\"1920\" \/>\n\t<meta property=\"og:image:type\" content=\"image\/webp\" \/>\n<meta name=\"author\" content=\"MODS\" \/>\n<meta name=\"twitter:card\" content=\"summary_large_image\" \/>\n<meta name=\"twitter:creator\" content=\"@zadecuMODS\" \/>\n<meta name=\"twitter:site\" content=\"@zadecuMODS\" \/>\n<meta name=\"twitter:label1\" content=\"Written by\" \/>\n\t<meta name=\"twitter:data1\" content=\"MODS\" \/>\n\t<meta name=\"twitter:label2\" content=\"Est. reading time\" \/>\n\t<meta name=\"twitter:data2\" content=\"2 minutes\" \/>\n<script type=\"application\/ld+json\" class=\"yoast-schema-graph\">{\"@context\":\"https:\\\/\\\/schema.org\",\"@graph\":[{\"@type\":\"Article\",\"@id\":\"https:\\\/\\\/zadecu.org\\\/en\\\/mods-candidates-in-parliamentary-procedure-for-members-of-the-rem-council\\\/#article\",\"isPartOf\":{\"@id\":\"https:\\\/\\\/zadecu.org\\\/en\\\/mods-candidates-in-parliamentary-procedure-for-members-of-the-rem-council\\\/\"},\"author\":{\"name\":\"MODS\",\"@id\":\"https:\\\/\\\/zadecu.org\\\/#\\\/schema\\\/person\\\/ad4f6997e66e4470c1ef6d15dd97b57e\"},\"headline\":\"MODS Candidates in Parliamentary Procedure for Members of the REM Council\",\"datePublished\":\"2025-01-28T19:09:35+00:00\",\"dateModified\":\"2025-01-28T19:09:37+00:00\",\"mainEntityOfPage\":{\"@id\":\"https:\\\/\\\/zadecu.org\\\/en\\\/mods-candidates-in-parliamentary-procedure-for-members-of-the-rem-council\\\/\"},\"wordCount\":325,\"publisher\":{\"@id\":\"https:\\\/\\\/zadecu.org\\\/#organization\"},\"image\":{\"@id\":\"https:\\\/\\\/zadecu.org\\\/en\\\/mods-candidates-in-parliamentary-procedure-for-members-of-the-rem-council\\\/#primaryimage\"},\"thumbnailUrl\":\"https:\\\/\\\/zadecu.org\\\/wp-content\\\/uploads\\\/2025\\\/01\\\/SAVET-REM-scaled.webp\",\"keywords\":[\"\u010clanice MODS\"],\"articleSection\":[\"MODS members news\",\"News\"],\"inLanguage\":\"en-US\"},{\"@type\":\"WebPage\",\"@id\":\"https:\\\/\\\/zadecu.org\\\/en\\\/mods-candidates-in-parliamentary-procedure-for-members-of-the-rem-council\\\/\",\"url\":\"https:\\\/\\\/zadecu.org\\\/en\\\/mods-candidates-in-parliamentary-procedure-for-members-of-the-rem-council\\\/\",\"name\":\"MODS Candidates in Parliamentary Procedure for Members of the REM Council - Mre\u017ea organizacija za decu Srbije\",\"isPartOf\":{\"@id\":\"https:\\\/\\\/zadecu.org\\\/#website\"},\"primaryImageOfPage\":{\"@id\":\"https:\\\/\\\/zadecu.org\\\/en\\\/mods-candidates-in-parliamentary-procedure-for-members-of-the-rem-council\\\/#primaryimage\"},\"image\":{\"@id\":\"https:\\\/\\\/zadecu.org\\\/en\\\/mods-candidates-in-parliamentary-procedure-for-members-of-the-rem-council\\\/#primaryimage\"},\"thumbnailUrl\":\"https:\\\/\\\/zadecu.org\\\/wp-content\\\/uploads\\\/2025\\\/01\\\/SAVET-REM-scaled.webp\",\"datePublished\":\"2025-01-28T19:09:35+00:00\",\"dateModified\":\"2025-01-28T19:09:37+00:00\",\"description\":\"MODS Candidates in Parliamentary Procedure for Members of the REM Council\",\"breadcrumb\":{\"@id\":\"https:\\\/\\\/zadecu.org\\\/en\\\/mods-candidates-in-parliamentary-procedure-for-members-of-the-rem-council\\\/#breadcrumb\"},\"inLanguage\":\"en-US\",\"potentialAction\":[{\"@type\":\"ReadAction\",\"target\":[\"https:\\\/\\\/zadecu.org\\\/en\\\/mods-candidates-in-parliamentary-procedure-for-members-of-the-rem-council\\\/\"]}]},{\"@type\":\"ImageObject\",\"inLanguage\":\"en-US\",\"@id\":\"https:\\\/\\\/zadecu.org\\\/en\\\/mods-candidates-in-parliamentary-procedure-for-members-of-the-rem-council\\\/#primaryimage\",\"url\":\"https:\\\/\\\/zadecu.org\\\/wp-content\\\/uploads\\\/2025\\\/01\\\/SAVET-REM-scaled.webp\",\"contentUrl\":\"https:\\\/\\\/zadecu.org\\\/wp-content\\\/uploads\\\/2025\\\/01\\\/SAVET-REM-scaled.webp\",\"width\":2560,\"height\":1920},{\"@type\":\"BreadcrumbList\",\"@id\":\"https:\\\/\\\/zadecu.org\\\/en\\\/mods-candidates-in-parliamentary-procedure-for-members-of-the-rem-council\\\/#breadcrumb\",\"itemListElement\":[{\"@type\":\"ListItem\",\"position\":1,\"name\":\"Home\",\"item\":\"https:\\\/\\\/zadecu.org\\\/en\\\/\"},{\"@type\":\"ListItem\",\"position\":2,\"name\":\"MODS Candidates in Parliamentary Procedure for Members of the REM Council\"}]},{\"@type\":\"WebSite\",\"@id\":\"https:\\\/\\\/zadecu.org\\\/#website\",\"url\":\"https:\\\/\\\/zadecu.org\\\/\",\"name\":\"Mre\u017ea organizacija za decu Srbije\",\"description\":\"Savez organizacija civilnog dru\u0161tva koje se bave za\u0161titom i promocijom prava deteta u Srbiji\",\"publisher\":{\"@id\":\"https:\\\/\\\/zadecu.org\\\/#organization\"},\"potentialAction\":[{\"@type\":\"SearchAction\",\"target\":{\"@type\":\"EntryPoint\",\"urlTemplate\":\"https:\\\/\\\/zadecu.org\\\/?s={search_term_string}\"},\"query-input\":{\"@type\":\"PropertyValueSpecification\",\"valueRequired\":true,\"valueName\":\"search_term_string\"}}],\"inLanguage\":\"en-US\"},{\"@type\":\"Organization\",\"@id\":\"https:\\\/\\\/zadecu.org\\\/#organization\",\"name\":\"Mre\u017ea organizacija za decu Srbije MODS\",\"url\":\"https:\\\/\\\/zadecu.org\\\/\",\"logo\":{\"@type\":\"ImageObject\",\"inLanguage\":\"en-US\",\"@id\":\"https:\\\/\\\/zadecu.org\\\/#\\\/schema\\\/logo\\\/image\\\/\",\"url\":\"http:\\\/\\\/zadecu.org\\\/wp-content\\\/uploads\\\/2019\\\/07\\\/MODS_logo_veci.jpg\",\"contentUrl\":\"http:\\\/\\\/zadecu.org\\\/wp-content\\\/uploads\\\/2019\\\/07\\\/MODS_logo_veci.jpg\",\"width\":798,\"height\":335,\"caption\":\"Mre\u017ea organizacija za decu Srbije MODS\"},\"image\":{\"@id\":\"https:\\\/\\\/zadecu.org\\\/#\\\/schema\\\/logo\\\/image\\\/\"},\"sameAs\":[\"https:\\\/\\\/www.facebook.com\\\/zadecuMODS\\\/\",\"https:\\\/\\\/x.com\\\/zadecuMODS\",\"https:\\\/\\\/www.instagram.com\\\/zadecuMODS\\\/\",\"https:\\\/\\\/www.youtube.com\\\/channel\\\/UC1JWUdo0NzgZJFne1EdFX9A\"]},{\"@type\":\"Person\",\"@id\":\"https:\\\/\\\/zadecu.org\\\/#\\\/schema\\\/person\\\/ad4f6997e66e4470c1ef6d15dd97b57e\",\"name\":\"MODS\",\"image\":{\"@type\":\"ImageObject\",\"inLanguage\":\"en-US\",\"@id\":\"https:\\\/\\\/secure.gravatar.com\\\/avatar\\\/60ee1947f5945cecca76529f5ef348f68d8e771648dbf26d5a30dac2000a09f7?s=96&d=mm&r=g\",\"url\":\"https:\\\/\\\/secure.gravatar.com\\\/avatar\\\/60ee1947f5945cecca76529f5ef348f68d8e771648dbf26d5a30dac2000a09f7?s=96&d=mm&r=g\",\"contentUrl\":\"https:\\\/\\\/secure.gravatar.com\\\/avatar\\\/60ee1947f5945cecca76529f5ef348f68d8e771648dbf26d5a30dac2000a09f7?s=96&d=mm&r=g\",\"caption\":\"MODS\"},\"sameAs\":[\"https:\\\/\\\/www.facebook.com\\\/zadecuMODS\\\/\",\"https:\\\/\\\/x.com\\\/zadecuMODS\"],\"url\":\"https:\\\/\\\/zadecu.org\\\/en\\\/author\\\/ognjen\\\/\"}]}<\/script>\n<!-- \/ Yoast SEO plugin. -->","yoast_head_json":{"title":"MODS Candidates in Parliamentary Procedure for Members of the REM Council - Mre\u017ea organizacija za decu Srbije","description":"MODS Candidates in Parliamentary Procedure for Members of the REM Council","robots":{"index":"index","follow":"follow","max-snippet":"max-snippet:-1","max-image-preview":"max-image-preview:large","max-video-preview":"max-video-preview:-1"},"canonical":"https:\/\/zadecu.org\/en\/mods-candidates-in-parliamentary-procedure-for-members-of-the-rem-council\/","og_locale":"en_US","og_type":"article","og_title":"MODS Candidates in Parliamentary Procedure for Members of the REM Council - Mre\u017ea organizacija za decu Srbije","og_description":"MODS Candidates in Parliamentary Procedure for Members of the REM Council","og_url":"https:\/\/zadecu.org\/en\/mods-candidates-in-parliamentary-procedure-for-members-of-the-rem-council\/","og_site_name":"Mre\u017ea organizacija za decu Srbije","article_publisher":"https:\/\/www.facebook.com\/zadecuMODS\/","article_author":"https:\/\/www.facebook.com\/zadecuMODS\/","article_published_time":"2025-01-28T19:09:35+00:00","article_modified_time":"2025-01-28T19:09:37+00:00","og_image":[{"width":2560,"height":1920,"url":"https:\/\/zadecu.org\/wp-content\/uploads\/2025\/01\/SAVET-REM-scaled.webp","type":"image\/webp"}],"author":"MODS","twitter_card":"summary_large_image","twitter_creator":"@zadecuMODS","twitter_site":"@zadecuMODS","twitter_misc":{"Written by":"MODS","Est. reading time":"2 minutes"},"schema":{"@context":"https:\/\/schema.org","@graph":[{"@type":"Article","@id":"https:\/\/zadecu.org\/en\/mods-candidates-in-parliamentary-procedure-for-members-of-the-rem-council\/#article","isPartOf":{"@id":"https:\/\/zadecu.org\/en\/mods-candidates-in-parliamentary-procedure-for-members-of-the-rem-council\/"},"author":{"name":"MODS","@id":"https:\/\/zadecu.org\/#\/schema\/person\/ad4f6997e66e4470c1ef6d15dd97b57e"},"headline":"MODS Candidates in Parliamentary Procedure for Members of the REM Council","datePublished":"2025-01-28T19:09:35+00:00","dateModified":"2025-01-28T19:09:37+00:00","mainEntityOfPage":{"@id":"https:\/\/zadecu.org\/en\/mods-candidates-in-parliamentary-procedure-for-members-of-the-rem-council\/"},"wordCount":325,"publisher":{"@id":"https:\/\/zadecu.org\/#organization"},"image":{"@id":"https:\/\/zadecu.org\/en\/mods-candidates-in-parliamentary-procedure-for-members-of-the-rem-council\/#primaryimage"},"thumbnailUrl":"https:\/\/zadecu.org\/wp-content\/uploads\/2025\/01\/SAVET-REM-scaled.webp","keywords":["\u010clanice MODS"],"articleSection":["MODS members news","News"],"inLanguage":"en-US"},{"@type":"WebPage","@id":"https:\/\/zadecu.org\/en\/mods-candidates-in-parliamentary-procedure-for-members-of-the-rem-council\/","url":"https:\/\/zadecu.org\/en\/mods-candidates-in-parliamentary-procedure-for-members-of-the-rem-council\/","name":"MODS Candidates in Parliamentary Procedure for Members of the REM Council - Mre\u017ea organizacija za decu Srbije","isPartOf":{"@id":"https:\/\/zadecu.org\/#website"},"primaryImageOfPage":{"@id":"https:\/\/zadecu.org\/en\/mods-candidates-in-parliamentary-procedure-for-members-of-the-rem-council\/#primaryimage"},"image":{"@id":"https:\/\/zadecu.org\/en\/mods-candidates-in-parliamentary-procedure-for-members-of-the-rem-council\/#primaryimage"},"thumbnailUrl":"https:\/\/zadecu.org\/wp-content\/uploads\/2025\/01\/SAVET-REM-scaled.webp","datePublished":"2025-01-28T19:09:35+00:00","dateModified":"2025-01-28T19:09:37+00:00","description":"MODS Candidates in Parliamentary Procedure for Members of the REM Council","breadcrumb":{"@id":"https:\/\/zadecu.org\/en\/mods-candidates-in-parliamentary-procedure-for-members-of-the-rem-council\/#breadcrumb"},"inLanguage":"en-US","potentialAction":[{"@type":"ReadAction","target":["https:\/\/zadecu.org\/en\/mods-candidates-in-parliamentary-procedure-for-members-of-the-rem-council\/"]}]},{"@type":"ImageObject","inLanguage":"en-US","@id":"https:\/\/zadecu.org\/en\/mods-candidates-in-parliamentary-procedure-for-members-of-the-rem-council\/#primaryimage","url":"https:\/\/zadecu.org\/wp-content\/uploads\/2025\/01\/SAVET-REM-scaled.webp","contentUrl":"https:\/\/zadecu.org\/wp-content\/uploads\/2025\/01\/SAVET-REM-scaled.webp","width":2560,"height":1920},{"@type":"BreadcrumbList","@id":"https:\/\/zadecu.org\/en\/mods-candidates-in-parliamentary-procedure-for-members-of-the-rem-council\/#breadcrumb","itemListElement":[{"@type":"ListItem","position":1,"name":"Home","item":"https:\/\/zadecu.org\/en\/"},{"@type":"ListItem","position":2,"name":"MODS Candidates in Parliamentary Procedure for Members of the REM Council"}]},{"@type":"WebSite","@id":"https:\/\/zadecu.org\/#website","url":"https:\/\/zadecu.org\/","name":"Mre\u017ea organizacija za decu Srbije","description":"Savez organizacija civilnog dru\u0161tva koje se bave za\u0161titom i promocijom prava deteta u Srbiji","publisher":{"@id":"https:\/\/zadecu.org\/#organization"},"potentialAction":[{"@type":"SearchAction","target":{"@type":"EntryPoint","urlTemplate":"https:\/\/zadecu.org\/?s={search_term_string}"},"query-input":{"@type":"PropertyValueSpecification","valueRequired":true,"valueName":"search_term_string"}}],"inLanguage":"en-US"},{"@type":"Organization","@id":"https:\/\/zadecu.org\/#organization","name":"Mre\u017ea organizacija za decu Srbije MODS","url":"https:\/\/zadecu.org\/","logo":{"@type":"ImageObject","inLanguage":"en-US","@id":"https:\/\/zadecu.org\/#\/schema\/logo\/image\/","url":"http:\/\/zadecu.org\/wp-content\/uploads\/2019\/07\/MODS_logo_veci.jpg","contentUrl":"http:\/\/zadecu.org\/wp-content\/uploads\/2019\/07\/MODS_logo_veci.jpg","width":798,"height":335,"caption":"Mre\u017ea organizacija za decu Srbije MODS"},"image":{"@id":"https:\/\/zadecu.org\/#\/schema\/logo\/image\/"},"sameAs":["https:\/\/www.facebook.com\/zadecuMODS\/","https:\/\/x.com\/zadecuMODS","https:\/\/www.instagram.com\/zadecuMODS\/","https:\/\/www.youtube.com\/channel\/UC1JWUdo0NzgZJFne1EdFX9A"]},{"@type":"Person","@id":"https:\/\/zadecu.org\/#\/schema\/person\/ad4f6997e66e4470c1ef6d15dd97b57e","name":"MODS","image":{"@type":"ImageObject","inLanguage":"en-US","@id":"https:\/\/secure.gravatar.com\/avatar\/60ee1947f5945cecca76529f5ef348f68d8e771648dbf26d5a30dac2000a09f7?s=96&d=mm&r=g","url":"https:\/\/secure.gravatar.com\/avatar\/60ee1947f5945cecca76529f5ef348f68d8e771648dbf26d5a30dac2000a09f7?s=96&d=mm&r=g","contentUrl":"https:\/\/secure.gravatar.com\/avatar\/60ee1947f5945cecca76529f5ef348f68d8e771648dbf26d5a30dac2000a09f7?s=96&d=mm&r=g","caption":"MODS"},"sameAs":["https:\/\/www.facebook.com\/zadecuMODS\/","https:\/\/x.com\/zadecuMODS"],"url":"https:\/\/zadecu.org\/en\/author\/ognjen\/"}]}},"_links":{"self":[{"href":"https:\/\/zadecu.org\/en\/wp-json\/wp\/v2\/posts\/13363","targetHints":{"allow":["GET"]}}],"collection":[{"href":"https:\/\/zadecu.org\/en\/wp-json\/wp\/v2\/posts"}],"about":[{"href":"https:\/\/zadecu.org\/en\/wp-json\/wp\/v2\/types\/post"}],"author":[{"embeddable":true,"href":"https:\/\/zadecu.org\/en\/wp-json\/wp\/v2\/users\/3"}],"replies":[{"embeddable":true,"href":"https:\/\/zadecu.org\/en\/wp-json\/wp\/v2\/comments?post=13363"}],"version-history":[{"count":0,"href":"https:\/\/zadecu.org\/en\/wp-json\/wp\/v2\/posts\/13363\/revisions"}],"wp:featuredmedia":[{"embeddable":true,"href":"https:\/\/zadecu.org\/en\/wp-json\/wp\/v2\/media\/13297"}],"wp:attachment":[{"href":"https:\/\/zadecu.org\/en\/wp-json\/wp\/v2\/media?parent=13363"}],"wp:term":[{"taxonomy":"category","embeddable":true,"href":"https:\/\/zadecu.org\/en\/wp-json\/wp\/v2\/categories?post=13363"},{"taxonomy":"post_tag","embeddable":true,"href":"https:\/\/zadecu.org\/en\/wp-json\/wp\/v2\/tags?post=13363"}],"curies":[{"name":"wp","href":"https:\/\/api.w.org\/{rel}","templated":true}]}}