
{"id":1319,"date":"2017-04-26T09:16:10","date_gmt":"2017-04-26T09:16:10","guid":{"rendered":"http:\/\/zadecu.org\/en\/?p=1319"},"modified":"2017-04-26T09:16:10","modified_gmt":"2017-04-26T09:16:10","slug":"mods-eurochild-general-assembly-2017","status":"publish","type":"post","link":"https:\/\/zadecu.org\/en\/mods-eurochild-general-assembly-2017\/","title":{"rendered":"MODS at the Eurochild General Assembly 2017"},"content":{"rendered":"<h3><\/h3>\n<p style=\"text-align: justify;\"><span style=\"color: #000000;\">From 5-6 April 2017, the Eurochild membership gathered in Brussels for the annual General Assembly. The Network of Organizations for Children of Serbia (MODS) was represented by Jasmina Mikovi\u0107 from Praxis, president of the MODS Management Board.<\/span><\/p>\n<p style=\"text-align: justify;\"><span style=\"color: #000000;\">At the General Assembly, a children\u2019s participation strategy was endorsed following the discussions facilitated by children and young people themselves. For the first time, children and young people are engaged in developing and implementing a strategy for the children\u2019s rights network which represents 165 members.<\/span><\/p>\n<p style=\"text-align: justify;\"><img loading=\"lazy\" decoding=\"async\" class=\"wp-image-1321 size-full aligncenter\" src=\"http:\/\/zadecu.org\/wp-content\/uploads\/2017\/04\/33075905703_40704e812a_o2-e1493195187235.jpg\" alt=\"Eurochild, MODS; Brisel, Jasmina Mikovi\u0107\" width=\"920\" height=\"613\" srcset=\"https:\/\/zadecu.org\/wp-content\/uploads\/2017\/04\/33075905703_40704e812a_o2-e1493195187235.jpg 920w, https:\/\/zadecu.org\/wp-content\/uploads\/2017\/04\/33075905703_40704e812a_o2-e1493195187235-600x400.jpg 600w\" sizes=\"auto, (max-width: 920px) 100vw, 920px\" \/><\/p>\n<p style=\"text-align: justify;\"><span style=\"color: #000000;\">The <strong><span style=\"color: #3366ff;\"><a style=\"color: #3366ff;\" href=\"http:\/\/www.eurochild.org\/fileadmin\/public\/05_Library\/Thematic_priorities\/05_Child_Participation\/Eurochild\/Eurochild_Child_Participation_Strategy.pdf\">Child Participation Strategy<\/a><\/span><\/strong> aims to engage children and young people directly to put children\u2019s rights at the heart of Europe; give them a voice and build a community of children\u2019s rights advocates. The Eurochild network has adopted this strategy, which will see the development of national and European Fora for children and young people to influence decisions that affect their lives and help organize events.<\/span><\/p>\n<p style=\"text-align: justify;\"><img loading=\"lazy\" decoding=\"async\" class=\"aligncenter wp-image-1322 size-full\" src=\"http:\/\/zadecu.org\/wp-content\/uploads\/2017\/04\/33733074352_739e684ba0_o-e1493195216266.jpg\" alt=\"Eurochild, MODS; Brisel, Jasmina Mikovi\u0107\" width=\"920\" height=\"613\" srcset=\"https:\/\/zadecu.org\/wp-content\/uploads\/2017\/04\/33733074352_739e684ba0_o-e1493195216266.jpg 920w, https:\/\/zadecu.org\/wp-content\/uploads\/2017\/04\/33733074352_739e684ba0_o-e1493195216266-600x400.jpg 600w\" sizes=\"auto, (max-width: 920px) 100vw, 920px\" \/><\/p>\n<p style=\"text-align: justify;\"><span style=\"color: #000000;\">The strategy goes hand in hand with a <strong><span style=\"color: #3366ff;\"><a style=\"color: #3366ff;\" href=\"http:\/\/eurochild.org\/fileadmin\/public\/05_Library\/Thematic_priorities\/05_Child_Participation\/Eurochild\/I5_Eurochild_Child_Protection_Policy.pdf\">Child Protection Policy<\/a><\/span><\/strong> ensuring all staff, members and partners fully embrace their responsibilities to protect children from harm.\u00a0Eurochild members will, in the future, be expected to demonstrate compliance with Eurochild\u2019s policy or to have in place their own child protection policy respecting national legislation.<\/span><\/p>\n<p style=\"text-align: justify;\"><span style=\"color: #000000;\">The Eurochild child participation strategy is going to be piloted via three National European Fora in Malta, Estonia and Bulgaria through which children can get directly involved.<\/span><\/p>\n<p style=\"text-align: justify;\"><img loading=\"lazy\" decoding=\"async\" class=\"aligncenter wp-image-1323 size-full\" src=\"http:\/\/zadecu.org\/wp-content\/uploads\/2017\/04\/33733078542_a122f24ea3_o-e1493195263884.jpg\" alt=\"Eurochild, MODS; Brisel, Jasmina Mikovi\u0107\" width=\"920\" height=\"613\" srcset=\"https:\/\/zadecu.org\/wp-content\/uploads\/2017\/04\/33733078542_a122f24ea3_o-e1493195263884.jpg 920w, https:\/\/zadecu.org\/wp-content\/uploads\/2017\/04\/33733078542_a122f24ea3_o-e1493195263884-600x400.jpg 600w\" sizes=\"auto, (max-width: 920px) 100vw, 920px\" \/><\/p>\n<p style=\"text-align: justify;\"><span style=\"color: #000000;\">At the General Assembly and Members\u2019 Day, a group of children and young people advised the membership on the provision of child-friendly spaces and making sure that views are gathered from disadvantaged groups.<\/span><\/p>\n<p style=\"text-align: justify;\">\n<p style=\"text-align: justify;\"><span style=\"color: #000000;\">Eurochild believes that children\u2019s participation is crucial for promotion and protection of children\u2019s rights. As we demand participatory approaches from governments, we, as civil society, must lead the way, by embedding children\u2019s participation into our own working structures.<\/span><\/p>\n","protected":false},"excerpt":{"rendered":"<p>From 5-6 April 2017, the Eurochild membership gathered in Brussels for the annual General Assembly. The Network of Organizations for Children of Serbia (MODS) was represented by Jasmina Mikovi\u0107 from Praxis, president of the MODS Management Board. At the General Assembly, a children\u2019s participation strategy was endorsed following the discussions facilitated by children and young [&hellip;]<\/p>\n","protected":false},"author":3,"featured_media":1320,"comment_status":"closed","ping_status":"open","sticky":false,"template":"","format":"standard","meta":{"footnotes":""},"categories":[52],"tags":[116],"class_list":["post-1319","post","type-post","status-publish","format-standard","has-post-thumbnail","hentry","category-uncategorized","tag-eurochild"],"yoast_head":"<!-- This site is optimized with the Yoast SEO plugin v28.0 - https:\/\/yoast.com\/product\/yoast-seo-wordpress\/ -->\n<title>MODS at the Eurochild General Assembly 2017 - Mre\u017ea organizacija za decu Srbije<\/title>\n<meta name=\"description\" content=\"The Eurochild membership gathered in Brussels for the annual General Assembly. MODS was represented by its president of MO - Jasmina Mikovi\u0107 from Praxis\" \/>\n<meta name=\"robots\" content=\"index, follow, max-snippet:-1, max-image-preview:large, max-video-preview:-1\" \/>\n<link rel=\"canonical\" href=\"https:\/\/zadecu.org\/en\/mods-eurochild-general-assembly-2017\/\" \/>\n<meta property=\"og:locale\" content=\"en_US\" \/>\n<meta property=\"og:type\" content=\"article\" \/>\n<meta property=\"og:title\" content=\"MODS at the Eurochild General Assembly 2017 - Mre\u017ea organizacija za decu Srbije\" \/>\n<meta property=\"og:description\" content=\"The Eurochild membership gathered in Brussels for the annual General Assembly. MODS was represented by its president of MO - Jasmina Mikovi\u0107 from Praxis\" \/>\n<meta property=\"og:url\" content=\"https:\/\/zadecu.org\/en\/mods-eurochild-general-assembly-2017\/\" \/>\n<meta property=\"og:site_name\" content=\"Mre\u017ea organizacija za decu Srbije\" \/>\n<meta property=\"article:publisher\" content=\"https:\/\/www.facebook.com\/zadecuMODS\/\" \/>\n<meta property=\"article:author\" content=\"https:\/\/www.facebook.com\/zadecuMODS\/\" \/>\n<meta property=\"article:published_time\" content=\"2017-04-26T09:16:10+00:00\" \/>\n<meta property=\"og:image\" content=\"https:\/\/zadecu.org\/wp-content\/uploads\/2017\/04\/33045770414_e84ca152ee_o-e1493195160655.jpg\" \/>\n\t<meta property=\"og:image:width\" content=\"920\" \/>\n\t<meta property=\"og:image:height\" content=\"613\" \/>\n\t<meta property=\"og:image:type\" content=\"image\/jpeg\" \/>\n<meta name=\"author\" content=\"MODS\" \/>\n<meta name=\"twitter:card\" content=\"summary_large_image\" \/>\n<meta name=\"twitter:creator\" content=\"@zadecuMODS\" \/>\n<meta name=\"twitter:site\" content=\"@zadecuMODS\" \/>\n<meta name=\"twitter:label1\" content=\"Written by\" \/>\n\t<meta name=\"twitter:data1\" content=\"MODS\" \/>\n\t<meta name=\"twitter:label2\" content=\"Est. reading time\" \/>\n\t<meta name=\"twitter:data2\" content=\"2 minutes\" \/>\n<script type=\"application\/ld+json\" class=\"yoast-schema-graph\">{\"@context\":\"https:\\\/\\\/schema.org\",\"@graph\":[{\"@type\":\"Article\",\"@id\":\"https:\\\/\\\/zadecu.org\\\/en\\\/mods-eurochild-general-assembly-2017\\\/#article\",\"isPartOf\":{\"@id\":\"https:\\\/\\\/zadecu.org\\\/en\\\/mods-eurochild-general-assembly-2017\\\/\"},\"author\":{\"name\":\"MODS\",\"@id\":\"https:\\\/\\\/zadecu.org\\\/#\\\/schema\\\/person\\\/ad4f6997e66e4470c1ef6d15dd97b57e\"},\"headline\":\"MODS at the Eurochild General Assembly 2017\",\"datePublished\":\"2017-04-26T09:16:10+00:00\",\"mainEntityOfPage\":{\"@id\":\"https:\\\/\\\/zadecu.org\\\/en\\\/mods-eurochild-general-assembly-2017\\\/\"},\"wordCount\":311,\"publisher\":{\"@id\":\"https:\\\/\\\/zadecu.org\\\/#organization\"},\"image\":{\"@id\":\"https:\\\/\\\/zadecu.org\\\/en\\\/mods-eurochild-general-assembly-2017\\\/#primaryimage\"},\"thumbnailUrl\":\"https:\\\/\\\/zadecu.org\\\/wp-content\\\/uploads\\\/2017\\\/04\\\/33045770414_e84ca152ee_o-e1493195160655.jpg\",\"keywords\":[\"Eurochild\"],\"articleSection\":[\"News\"],\"inLanguage\":\"en-US\"},{\"@type\":\"WebPage\",\"@id\":\"https:\\\/\\\/zadecu.org\\\/en\\\/mods-eurochild-general-assembly-2017\\\/\",\"url\":\"https:\\\/\\\/zadecu.org\\\/en\\\/mods-eurochild-general-assembly-2017\\\/\",\"name\":\"MODS at the Eurochild General Assembly 2017 - Mre\u017ea organizacija za decu Srbije\",\"isPartOf\":{\"@id\":\"https:\\\/\\\/zadecu.org\\\/#website\"},\"primaryImageOfPage\":{\"@id\":\"https:\\\/\\\/zadecu.org\\\/en\\\/mods-eurochild-general-assembly-2017\\\/#primaryimage\"},\"image\":{\"@id\":\"https:\\\/\\\/zadecu.org\\\/en\\\/mods-eurochild-general-assembly-2017\\\/#primaryimage\"},\"thumbnailUrl\":\"https:\\\/\\\/zadecu.org\\\/wp-content\\\/uploads\\\/2017\\\/04\\\/33045770414_e84ca152ee_o-e1493195160655.jpg\",\"datePublished\":\"2017-04-26T09:16:10+00:00\",\"description\":\"The Eurochild membership gathered in Brussels for the annual General Assembly. MODS was represented by its president of MO - Jasmina Mikovi\u0107 from Praxis\",\"breadcrumb\":{\"@id\":\"https:\\\/\\\/zadecu.org\\\/en\\\/mods-eurochild-general-assembly-2017\\\/#breadcrumb\"},\"inLanguage\":\"en-US\",\"potentialAction\":[{\"@type\":\"ReadAction\",\"target\":[\"https:\\\/\\\/zadecu.org\\\/en\\\/mods-eurochild-general-assembly-2017\\\/\"]}]},{\"@type\":\"ImageObject\",\"inLanguage\":\"en-US\",\"@id\":\"https:\\\/\\\/zadecu.org\\\/en\\\/mods-eurochild-general-assembly-2017\\\/#primaryimage\",\"url\":\"https:\\\/\\\/zadecu.org\\\/wp-content\\\/uploads\\\/2017\\\/04\\\/33045770414_e84ca152ee_o-e1493195160655.jpg\",\"contentUrl\":\"https:\\\/\\\/zadecu.org\\\/wp-content\\\/uploads\\\/2017\\\/04\\\/33045770414_e84ca152ee_o-e1493195160655.jpg\",\"width\":920,\"height\":613},{\"@type\":\"BreadcrumbList\",\"@id\":\"https:\\\/\\\/zadecu.org\\\/en\\\/mods-eurochild-general-assembly-2017\\\/#breadcrumb\",\"itemListElement\":[{\"@type\":\"ListItem\",\"position\":1,\"name\":\"Home\",\"item\":\"https:\\\/\\\/zadecu.org\\\/en\\\/\"},{\"@type\":\"ListItem\",\"position\":2,\"name\":\"MODS at the Eurochild General Assembly 2017\"}]},{\"@type\":\"WebSite\",\"@id\":\"https:\\\/\\\/zadecu.org\\\/#website\",\"url\":\"https:\\\/\\\/zadecu.org\\\/\",\"name\":\"Mre\u017ea organizacija za decu Srbije\",\"description\":\"Savez organizacija civilnog dru\u0161tva koje se bave za\u0161titom i promocijom prava deteta u Srbiji\",\"publisher\":{\"@id\":\"https:\\\/\\\/zadecu.org\\\/#organization\"},\"potentialAction\":[{\"@type\":\"SearchAction\",\"target\":{\"@type\":\"EntryPoint\",\"urlTemplate\":\"https:\\\/\\\/zadecu.org\\\/?s={search_term_string}\"},\"query-input\":{\"@type\":\"PropertyValueSpecification\",\"valueRequired\":true,\"valueName\":\"search_term_string\"}}],\"inLanguage\":\"en-US\"},{\"@type\":\"Organization\",\"@id\":\"https:\\\/\\\/zadecu.org\\\/#organization\",\"name\":\"Mre\u017ea organizacija za decu Srbije MODS\",\"url\":\"https:\\\/\\\/zadecu.org\\\/\",\"logo\":{\"@type\":\"ImageObject\",\"inLanguage\":\"en-US\",\"@id\":\"https:\\\/\\\/zadecu.org\\\/#\\\/schema\\\/logo\\\/image\\\/\",\"url\":\"http:\\\/\\\/zadecu.org\\\/wp-content\\\/uploads\\\/2019\\\/07\\\/MODS_logo_veci.jpg\",\"contentUrl\":\"http:\\\/\\\/zadecu.org\\\/wp-content\\\/uploads\\\/2019\\\/07\\\/MODS_logo_veci.jpg\",\"width\":798,\"height\":335,\"caption\":\"Mre\u017ea organizacija za decu Srbije MODS\"},\"image\":{\"@id\":\"https:\\\/\\\/zadecu.org\\\/#\\\/schema\\\/logo\\\/image\\\/\"},\"sameAs\":[\"https:\\\/\\\/www.facebook.com\\\/zadecuMODS\\\/\",\"https:\\\/\\\/x.com\\\/zadecuMODS\",\"https:\\\/\\\/www.instagram.com\\\/zadecuMODS\\\/\",\"https:\\\/\\\/www.youtube.com\\\/channel\\\/UC1JWUdo0NzgZJFne1EdFX9A\"]},{\"@type\":\"Person\",\"@id\":\"https:\\\/\\\/zadecu.org\\\/#\\\/schema\\\/person\\\/ad4f6997e66e4470c1ef6d15dd97b57e\",\"name\":\"MODS\",\"image\":{\"@type\":\"ImageObject\",\"inLanguage\":\"en-US\",\"@id\":\"https:\\\/\\\/secure.gravatar.com\\\/avatar\\\/60ee1947f5945cecca76529f5ef348f68d8e771648dbf26d5a30dac2000a09f7?s=96&d=mm&r=g\",\"url\":\"https:\\\/\\\/secure.gravatar.com\\\/avatar\\\/60ee1947f5945cecca76529f5ef348f68d8e771648dbf26d5a30dac2000a09f7?s=96&d=mm&r=g\",\"contentUrl\":\"https:\\\/\\\/secure.gravatar.com\\\/avatar\\\/60ee1947f5945cecca76529f5ef348f68d8e771648dbf26d5a30dac2000a09f7?s=96&d=mm&r=g\",\"caption\":\"MODS\"},\"sameAs\":[\"https:\\\/\\\/www.facebook.com\\\/zadecuMODS\\\/\",\"https:\\\/\\\/x.com\\\/zadecuMODS\"],\"url\":\"https:\\\/\\\/zadecu.org\\\/en\\\/author\\\/ognjen\\\/\"}]}<\/script>\n<!-- \/ Yoast SEO plugin. -->","yoast_head_json":{"title":"MODS at the Eurochild General Assembly 2017 - Mre\u017ea organizacija za decu Srbije","description":"The Eurochild membership gathered in Brussels for the annual General Assembly. MODS was represented by its president of MO - Jasmina Mikovi\u0107 from Praxis","robots":{"index":"index","follow":"follow","max-snippet":"max-snippet:-1","max-image-preview":"max-image-preview:large","max-video-preview":"max-video-preview:-1"},"canonical":"https:\/\/zadecu.org\/en\/mods-eurochild-general-assembly-2017\/","og_locale":"en_US","og_type":"article","og_title":"MODS at the Eurochild General Assembly 2017 - Mre\u017ea organizacija za decu Srbije","og_description":"The Eurochild membership gathered in Brussels for the annual General Assembly. MODS was represented by its president of MO - Jasmina Mikovi\u0107 from Praxis","og_url":"https:\/\/zadecu.org\/en\/mods-eurochild-general-assembly-2017\/","og_site_name":"Mre\u017ea organizacija za decu Srbije","article_publisher":"https:\/\/www.facebook.com\/zadecuMODS\/","article_author":"https:\/\/www.facebook.com\/zadecuMODS\/","article_published_time":"2017-04-26T09:16:10+00:00","og_image":[{"width":920,"height":613,"url":"https:\/\/zadecu.org\/wp-content\/uploads\/2017\/04\/33045770414_e84ca152ee_o-e1493195160655.jpg","type":"image\/jpeg"}],"author":"MODS","twitter_card":"summary_large_image","twitter_creator":"@zadecuMODS","twitter_site":"@zadecuMODS","twitter_misc":{"Written by":"MODS","Est. reading time":"2 minutes"},"schema":{"@context":"https:\/\/schema.org","@graph":[{"@type":"Article","@id":"https:\/\/zadecu.org\/en\/mods-eurochild-general-assembly-2017\/#article","isPartOf":{"@id":"https:\/\/zadecu.org\/en\/mods-eurochild-general-assembly-2017\/"},"author":{"name":"MODS","@id":"https:\/\/zadecu.org\/#\/schema\/person\/ad4f6997e66e4470c1ef6d15dd97b57e"},"headline":"MODS at the Eurochild General Assembly 2017","datePublished":"2017-04-26T09:16:10+00:00","mainEntityOfPage":{"@id":"https:\/\/zadecu.org\/en\/mods-eurochild-general-assembly-2017\/"},"wordCount":311,"publisher":{"@id":"https:\/\/zadecu.org\/#organization"},"image":{"@id":"https:\/\/zadecu.org\/en\/mods-eurochild-general-assembly-2017\/#primaryimage"},"thumbnailUrl":"https:\/\/zadecu.org\/wp-content\/uploads\/2017\/04\/33045770414_e84ca152ee_o-e1493195160655.jpg","keywords":["Eurochild"],"articleSection":["News"],"inLanguage":"en-US"},{"@type":"WebPage","@id":"https:\/\/zadecu.org\/en\/mods-eurochild-general-assembly-2017\/","url":"https:\/\/zadecu.org\/en\/mods-eurochild-general-assembly-2017\/","name":"MODS at the Eurochild General Assembly 2017 - Mre\u017ea organizacija za decu Srbije","isPartOf":{"@id":"https:\/\/zadecu.org\/#website"},"primaryImageOfPage":{"@id":"https:\/\/zadecu.org\/en\/mods-eurochild-general-assembly-2017\/#primaryimage"},"image":{"@id":"https:\/\/zadecu.org\/en\/mods-eurochild-general-assembly-2017\/#primaryimage"},"thumbnailUrl":"https:\/\/zadecu.org\/wp-content\/uploads\/2017\/04\/33045770414_e84ca152ee_o-e1493195160655.jpg","datePublished":"2017-04-26T09:16:10+00:00","description":"The Eurochild membership gathered in Brussels for the annual General Assembly. MODS was represented by its president of MO - Jasmina Mikovi\u0107 from Praxis","breadcrumb":{"@id":"https:\/\/zadecu.org\/en\/mods-eurochild-general-assembly-2017\/#breadcrumb"},"inLanguage":"en-US","potentialAction":[{"@type":"ReadAction","target":["https:\/\/zadecu.org\/en\/mods-eurochild-general-assembly-2017\/"]}]},{"@type":"ImageObject","inLanguage":"en-US","@id":"https:\/\/zadecu.org\/en\/mods-eurochild-general-assembly-2017\/#primaryimage","url":"https:\/\/zadecu.org\/wp-content\/uploads\/2017\/04\/33045770414_e84ca152ee_o-e1493195160655.jpg","contentUrl":"https:\/\/zadecu.org\/wp-content\/uploads\/2017\/04\/33045770414_e84ca152ee_o-e1493195160655.jpg","width":920,"height":613},{"@type":"BreadcrumbList","@id":"https:\/\/zadecu.org\/en\/mods-eurochild-general-assembly-2017\/#breadcrumb","itemListElement":[{"@type":"ListItem","position":1,"name":"Home","item":"https:\/\/zadecu.org\/en\/"},{"@type":"ListItem","position":2,"name":"MODS at the Eurochild General Assembly 2017"}]},{"@type":"WebSite","@id":"https:\/\/zadecu.org\/#website","url":"https:\/\/zadecu.org\/","name":"Mre\u017ea organizacija za decu Srbije","description":"Savez organizacija civilnog dru\u0161tva koje se bave za\u0161titom i promocijom prava deteta u Srbiji","publisher":{"@id":"https:\/\/zadecu.org\/#organization"},"potentialAction":[{"@type":"SearchAction","target":{"@type":"EntryPoint","urlTemplate":"https:\/\/zadecu.org\/?s={search_term_string}"},"query-input":{"@type":"PropertyValueSpecification","valueRequired":true,"valueName":"search_term_string"}}],"inLanguage":"en-US"},{"@type":"Organization","@id":"https:\/\/zadecu.org\/#organization","name":"Mre\u017ea organizacija za decu Srbije MODS","url":"https:\/\/zadecu.org\/","logo":{"@type":"ImageObject","inLanguage":"en-US","@id":"https:\/\/zadecu.org\/#\/schema\/logo\/image\/","url":"http:\/\/zadecu.org\/wp-content\/uploads\/2019\/07\/MODS_logo_veci.jpg","contentUrl":"http:\/\/zadecu.org\/wp-content\/uploads\/2019\/07\/MODS_logo_veci.jpg","width":798,"height":335,"caption":"Mre\u017ea organizacija za decu Srbije MODS"},"image":{"@id":"https:\/\/zadecu.org\/#\/schema\/logo\/image\/"},"sameAs":["https:\/\/www.facebook.com\/zadecuMODS\/","https:\/\/x.com\/zadecuMODS","https:\/\/www.instagram.com\/zadecuMODS\/","https:\/\/www.youtube.com\/channel\/UC1JWUdo0NzgZJFne1EdFX9A"]},{"@type":"Person","@id":"https:\/\/zadecu.org\/#\/schema\/person\/ad4f6997e66e4470c1ef6d15dd97b57e","name":"MODS","image":{"@type":"ImageObject","inLanguage":"en-US","@id":"https:\/\/secure.gravatar.com\/avatar\/60ee1947f5945cecca76529f5ef348f68d8e771648dbf26d5a30dac2000a09f7?s=96&d=mm&r=g","url":"https:\/\/secure.gravatar.com\/avatar\/60ee1947f5945cecca76529f5ef348f68d8e771648dbf26d5a30dac2000a09f7?s=96&d=mm&r=g","contentUrl":"https:\/\/secure.gravatar.com\/avatar\/60ee1947f5945cecca76529f5ef348f68d8e771648dbf26d5a30dac2000a09f7?s=96&d=mm&r=g","caption":"MODS"},"sameAs":["https:\/\/www.facebook.com\/zadecuMODS\/","https:\/\/x.com\/zadecuMODS"],"url":"https:\/\/zadecu.org\/en\/author\/ognjen\/"}]}},"_links":{"self":[{"href":"https:\/\/zadecu.org\/en\/wp-json\/wp\/v2\/posts\/1319","targetHints":{"allow":["GET"]}}],"collection":[{"href":"https:\/\/zadecu.org\/en\/wp-json\/wp\/v2\/posts"}],"about":[{"href":"https:\/\/zadecu.org\/en\/wp-json\/wp\/v2\/types\/post"}],"author":[{"embeddable":true,"href":"https:\/\/zadecu.org\/en\/wp-json\/wp\/v2\/users\/3"}],"replies":[{"embeddable":true,"href":"https:\/\/zadecu.org\/en\/wp-json\/wp\/v2\/comments?post=1319"}],"version-history":[{"count":0,"href":"https:\/\/zadecu.org\/en\/wp-json\/wp\/v2\/posts\/1319\/revisions"}],"wp:featuredmedia":[{"embeddable":true,"href":"https:\/\/zadecu.org\/en\/wp-json\/wp\/v2\/media\/1320"}],"wp:attachment":[{"href":"https:\/\/zadecu.org\/en\/wp-json\/wp\/v2\/media?parent=1319"}],"wp:term":[{"taxonomy":"category","embeddable":true,"href":"https:\/\/zadecu.org\/en\/wp-json\/wp\/v2\/categories?post=1319"},{"taxonomy":"post_tag","embeddable":true,"href":"https:\/\/zadecu.org\/en\/wp-json\/wp\/v2\/tags?post=1319"}],"curies":[{"name":"wp","href":"https:\/\/api.w.org\/{rel}","templated":true}]}}