
{"id":12971,"date":"2024-11-20T11:02:27","date_gmt":"2024-11-20T11:02:27","guid":{"rendered":"https:\/\/zadecu.org\/?p=12971"},"modified":"2024-11-22T11:07:34","modified_gmt":"2024-11-22T11:07:34","slug":"childrens-realities-in-europe-progress-gaps-eurochild-2024-report-on-children-in-need-across-europe","status":"publish","type":"post","link":"https:\/\/zadecu.org\/en\/childrens-realities-in-europe-progress-gaps-eurochild-2024-report-on-children-in-need-across-europe\/","title":{"rendered":"Children&#8217;s Realities in Europe: Progress &amp; Gaps &#8211; Eurochild 2024 report on children in need across Europe"},"content":{"rendered":"<p style=\"text-align: justify;\"><strong>Brussels, 20 November 2024 \u2013 <\/strong>On World Children\u2019s Day, Eurochild publishes a new report \u2018<em>Children&#8217;s Realities in Europe: Progress &amp; Gaps<\/em>\u2019 which compiles information gathered from <strong>57 Eurochild members in 31 countries across Europe <\/strong>and provides an overview of children\u2019s realities in these countries. The report aims to identify good and promising practices, working solutions, and country-specific recommendations for EU decision-makers and national governments to draw from when addressing children\u2019s needs.<\/p>\n<p>All over Europe, we are witnessing troubling setbacks, especially for children in vulnerable situations. Although policies may be in place, they are frequently not translated into concrete actions or backed by sufficient funding. According to the latest Eurostat data for 2023, 24.8% of children in the EU were at risk of poverty or social exclusion. Compared to 2022, child poverty remains too high. Specifically, it increased in 16 countries, decreased in 9 countries and remained unchanged in 2 countries. Romania has the most children at risk of poverty or social exclusion, at 39%, followed by Spain with 34.5%, and Bulgaria with 33.9%.<\/p>\n<p style=\"text-align: justify;\"><em>\u201cThere is no time to wait \u2013 millions of children across Europe continue to live in poverty and social exclusion. Their rights are ignored, their voices silenced, and their lived experiences fall short of the values on which the EU is founded. With Europe grappling with a cost-of-living crisis, and conflicts on its borders, this new political environment presents both a challenge and an opportunity. European leaders must act now to bring about real change for children\u2014ensuring their present is secure, as should their future\u201d<\/em> &#8211; <strong>H.E. Marie-Louise Coleiro Preca, Eurochild President.<\/p>\n<p><\/strong>In 2024, Europe witnessed an unprecedented number of national elections. While some countries have taken steps to promote and protect children\u2019s rights, others need to intensify their efforts. This diversity is reflected in the lived <strong>realities of children<\/strong> across Europe. Gaps in addressing issues like climate change, mental health and digital safety persist, requiring <strong>urgent attention from the new political leadership <\/strong>to protect the most vulnerable children.<\/p>\n<p><a href=\"https:\/\/eurochild.org\/resource\/childrens-realities-in-europe-progress-gaps\/\"><strong>Read the full report here<\/strong><\/a><\/p>\n","protected":false},"excerpt":{"rendered":"<p>Brussels, 20 November 2024 \u2013 On World Children\u2019s Day, Eurochild publishes a new report \u2018Children&#8217;s Realities in Europe: Progress &amp; Gaps\u2019 which compiles information gathered from 57 Eurochild members in 31 countries across Europe and provides an overview of children\u2019s realities in these countries. The report aims to identify good and promising practices, working solutions, [&hellip;]<\/p>\n","protected":false},"author":3,"featured_media":12969,"comment_status":"closed","ping_status":"open","sticky":false,"template":"","format":"standard","meta":{"footnotes":""},"categories":[216,52,282],"tags":[321,116,304],"class_list":["post-12971","post","type-post","status-publish","format-standard","has-post-thumbnail","hentry","category-european-integrations","category-uncategorized","category-press-release","tag-clanice-mods-en","tag-eurochild","tag-prava-deteta-en"],"yoast_head":"<!-- This site is optimized with the Yoast SEO plugin v28.0 - https:\/\/yoast.com\/product\/yoast-seo-wordpress\/ -->\n<title>Children&#039;s Realities in Europe: Progress &amp; Gaps - Eurochild 2024 report on children in need across Europe - Mre\u017ea organizacija za decu Srbije<\/title>\n<meta name=\"description\" content=\"On World Children\u2019s Day, Eurochild publishes a new report \u2018Children&#039;s Realities in Europe: Progress &amp; Gaps\u2019 which\" \/>\n<meta name=\"robots\" content=\"index, follow, max-snippet:-1, max-image-preview:large, max-video-preview:-1\" \/>\n<link rel=\"canonical\" href=\"https:\/\/zadecu.org\/en\/childrens-realities-in-europe-progress-gaps-eurochild-2024-report-on-children-in-need-across-europe\/\" \/>\n<meta property=\"og:locale\" content=\"en_US\" \/>\n<meta property=\"og:type\" content=\"article\" \/>\n<meta property=\"og:title\" content=\"Children&#039;s Realities in Europe: Progress &amp; Gaps - Eurochild 2024 report on children in need across Europe - Mre\u017ea organizacija za decu Srbije\" \/>\n<meta property=\"og:description\" content=\"On World Children\u2019s Day, Eurochild publishes a new report \u2018Children&#039;s Realities in Europe: Progress &amp; Gaps\u2019 which\" \/>\n<meta property=\"og:url\" content=\"https:\/\/zadecu.org\/en\/childrens-realities-in-europe-progress-gaps-eurochild-2024-report-on-children-in-need-across-europe\/\" \/>\n<meta property=\"og:site_name\" content=\"Mre\u017ea organizacija za decu Srbije\" \/>\n<meta property=\"article:publisher\" content=\"https:\/\/www.facebook.com\/zadecuMODS\/\" \/>\n<meta property=\"article:author\" content=\"https:\/\/www.facebook.com\/zadecuMODS\/\" \/>\n<meta property=\"article:published_time\" content=\"2024-11-20T11:02:27+00:00\" \/>\n<meta property=\"article:modified_time\" content=\"2024-11-22T11:07:34+00:00\" \/>\n<meta property=\"og:image\" content=\"https:\/\/zadecu.org\/wp-content\/uploads\/2024\/11\/Eurochild-Flagship-2024-Mockup.png\" \/>\n\t<meta property=\"og:image:width\" content=\"3000\" \/>\n\t<meta property=\"og:image:height\" content=\"2000\" \/>\n\t<meta property=\"og:image:type\" content=\"image\/png\" \/>\n<meta name=\"author\" content=\"MODS\" \/>\n<meta name=\"twitter:card\" content=\"summary_large_image\" \/>\n<meta name=\"twitter:creator\" content=\"@zadecuMODS\" \/>\n<meta name=\"twitter:site\" content=\"@zadecuMODS\" \/>\n<meta name=\"twitter:label1\" content=\"Written by\" \/>\n\t<meta name=\"twitter:data1\" content=\"MODS\" \/>\n\t<meta name=\"twitter:label2\" content=\"Est. reading time\" \/>\n\t<meta name=\"twitter:data2\" content=\"3 minutes\" \/>\n<script type=\"application\/ld+json\" class=\"yoast-schema-graph\">{\"@context\":\"https:\\\/\\\/schema.org\",\"@graph\":[{\"@type\":\"Article\",\"@id\":\"https:\\\/\\\/zadecu.org\\\/en\\\/childrens-realities-in-europe-progress-gaps-eurochild-2024-report-on-children-in-need-across-europe\\\/#article\",\"isPartOf\":{\"@id\":\"https:\\\/\\\/zadecu.org\\\/en\\\/childrens-realities-in-europe-progress-gaps-eurochild-2024-report-on-children-in-need-across-europe\\\/\"},\"author\":{\"name\":\"MODS\",\"@id\":\"https:\\\/\\\/zadecu.org\\\/#\\\/schema\\\/person\\\/ad4f6997e66e4470c1ef6d15dd97b57e\"},\"headline\":\"Children&#8217;s Realities in Europe: Progress &amp; Gaps &#8211; Eurochild 2024 report on children in need across Europe\",\"datePublished\":\"2024-11-20T11:02:27+00:00\",\"dateModified\":\"2024-11-22T11:07:34+00:00\",\"mainEntityOfPage\":{\"@id\":\"https:\\\/\\\/zadecu.org\\\/en\\\/childrens-realities-in-europe-progress-gaps-eurochild-2024-report-on-children-in-need-across-europe\\\/\"},\"wordCount\":345,\"publisher\":{\"@id\":\"https:\\\/\\\/zadecu.org\\\/#organization\"},\"image\":{\"@id\":\"https:\\\/\\\/zadecu.org\\\/en\\\/childrens-realities-in-europe-progress-gaps-eurochild-2024-report-on-children-in-need-across-europe\\\/#primaryimage\"},\"thumbnailUrl\":\"https:\\\/\\\/zadecu.org\\\/wp-content\\\/uploads\\\/2024\\\/11\\\/Eurochild-Flagship-2024-Mockup.png\",\"keywords\":[\"\u010clanice MODS\",\"Eurochild\",\"Prava deteta\"],\"articleSection\":[\"European integrations\",\"News\",\"Press releases\"],\"inLanguage\":\"en-US\"},{\"@type\":\"WebPage\",\"@id\":\"https:\\\/\\\/zadecu.org\\\/en\\\/childrens-realities-in-europe-progress-gaps-eurochild-2024-report-on-children-in-need-across-europe\\\/\",\"url\":\"https:\\\/\\\/zadecu.org\\\/en\\\/childrens-realities-in-europe-progress-gaps-eurochild-2024-report-on-children-in-need-across-europe\\\/\",\"name\":\"Children's Realities in Europe: Progress &amp; Gaps - Eurochild 2024 report on children in need across Europe - Mre\u017ea organizacija za decu Srbije\",\"isPartOf\":{\"@id\":\"https:\\\/\\\/zadecu.org\\\/#website\"},\"primaryImageOfPage\":{\"@id\":\"https:\\\/\\\/zadecu.org\\\/en\\\/childrens-realities-in-europe-progress-gaps-eurochild-2024-report-on-children-in-need-across-europe\\\/#primaryimage\"},\"image\":{\"@id\":\"https:\\\/\\\/zadecu.org\\\/en\\\/childrens-realities-in-europe-progress-gaps-eurochild-2024-report-on-children-in-need-across-europe\\\/#primaryimage\"},\"thumbnailUrl\":\"https:\\\/\\\/zadecu.org\\\/wp-content\\\/uploads\\\/2024\\\/11\\\/Eurochild-Flagship-2024-Mockup.png\",\"datePublished\":\"2024-11-20T11:02:27+00:00\",\"dateModified\":\"2024-11-22T11:07:34+00:00\",\"description\":\"On World Children\u2019s Day, Eurochild publishes a new report \u2018Children's Realities in Europe: Progress & Gaps\u2019 which\",\"breadcrumb\":{\"@id\":\"https:\\\/\\\/zadecu.org\\\/en\\\/childrens-realities-in-europe-progress-gaps-eurochild-2024-report-on-children-in-need-across-europe\\\/#breadcrumb\"},\"inLanguage\":\"en-US\",\"potentialAction\":[{\"@type\":\"ReadAction\",\"target\":[\"https:\\\/\\\/zadecu.org\\\/en\\\/childrens-realities-in-europe-progress-gaps-eurochild-2024-report-on-children-in-need-across-europe\\\/\"]}]},{\"@type\":\"ImageObject\",\"inLanguage\":\"en-US\",\"@id\":\"https:\\\/\\\/zadecu.org\\\/en\\\/childrens-realities-in-europe-progress-gaps-eurochild-2024-report-on-children-in-need-across-europe\\\/#primaryimage\",\"url\":\"https:\\\/\\\/zadecu.org\\\/wp-content\\\/uploads\\\/2024\\\/11\\\/Eurochild-Flagship-2024-Mockup.png\",\"contentUrl\":\"https:\\\/\\\/zadecu.org\\\/wp-content\\\/uploads\\\/2024\\\/11\\\/Eurochild-Flagship-2024-Mockup.png\",\"width\":3000,\"height\":2000},{\"@type\":\"BreadcrumbList\",\"@id\":\"https:\\\/\\\/zadecu.org\\\/en\\\/childrens-realities-in-europe-progress-gaps-eurochild-2024-report-on-children-in-need-across-europe\\\/#breadcrumb\",\"itemListElement\":[{\"@type\":\"ListItem\",\"position\":1,\"name\":\"Home\",\"item\":\"https:\\\/\\\/zadecu.org\\\/en\\\/\"},{\"@type\":\"ListItem\",\"position\":2,\"name\":\"Children&#8217;s Realities in Europe: Progress &amp; Gaps &#8211; Eurochild 2024 report on children in need across Europe\"}]},{\"@type\":\"WebSite\",\"@id\":\"https:\\\/\\\/zadecu.org\\\/#website\",\"url\":\"https:\\\/\\\/zadecu.org\\\/\",\"name\":\"Mre\u017ea organizacija za decu Srbije\",\"description\":\"Savez organizacija civilnog dru\u0161tva koje se bave za\u0161titom i promocijom prava deteta u Srbiji\",\"publisher\":{\"@id\":\"https:\\\/\\\/zadecu.org\\\/#organization\"},\"potentialAction\":[{\"@type\":\"SearchAction\",\"target\":{\"@type\":\"EntryPoint\",\"urlTemplate\":\"https:\\\/\\\/zadecu.org\\\/?s={search_term_string}\"},\"query-input\":{\"@type\":\"PropertyValueSpecification\",\"valueRequired\":true,\"valueName\":\"search_term_string\"}}],\"inLanguage\":\"en-US\"},{\"@type\":\"Organization\",\"@id\":\"https:\\\/\\\/zadecu.org\\\/#organization\",\"name\":\"Mre\u017ea organizacija za decu Srbije MODS\",\"url\":\"https:\\\/\\\/zadecu.org\\\/\",\"logo\":{\"@type\":\"ImageObject\",\"inLanguage\":\"en-US\",\"@id\":\"https:\\\/\\\/zadecu.org\\\/#\\\/schema\\\/logo\\\/image\\\/\",\"url\":\"http:\\\/\\\/zadecu.org\\\/wp-content\\\/uploads\\\/2019\\\/07\\\/MODS_logo_veci.jpg\",\"contentUrl\":\"http:\\\/\\\/zadecu.org\\\/wp-content\\\/uploads\\\/2019\\\/07\\\/MODS_logo_veci.jpg\",\"width\":798,\"height\":335,\"caption\":\"Mre\u017ea organizacija za decu Srbije MODS\"},\"image\":{\"@id\":\"https:\\\/\\\/zadecu.org\\\/#\\\/schema\\\/logo\\\/image\\\/\"},\"sameAs\":[\"https:\\\/\\\/www.facebook.com\\\/zadecuMODS\\\/\",\"https:\\\/\\\/x.com\\\/zadecuMODS\",\"https:\\\/\\\/www.instagram.com\\\/zadecuMODS\\\/\",\"https:\\\/\\\/www.youtube.com\\\/channel\\\/UC1JWUdo0NzgZJFne1EdFX9A\"]},{\"@type\":\"Person\",\"@id\":\"https:\\\/\\\/zadecu.org\\\/#\\\/schema\\\/person\\\/ad4f6997e66e4470c1ef6d15dd97b57e\",\"name\":\"MODS\",\"image\":{\"@type\":\"ImageObject\",\"inLanguage\":\"en-US\",\"@id\":\"https:\\\/\\\/secure.gravatar.com\\\/avatar\\\/60ee1947f5945cecca76529f5ef348f68d8e771648dbf26d5a30dac2000a09f7?s=96&d=mm&r=g\",\"url\":\"https:\\\/\\\/secure.gravatar.com\\\/avatar\\\/60ee1947f5945cecca76529f5ef348f68d8e771648dbf26d5a30dac2000a09f7?s=96&d=mm&r=g\",\"contentUrl\":\"https:\\\/\\\/secure.gravatar.com\\\/avatar\\\/60ee1947f5945cecca76529f5ef348f68d8e771648dbf26d5a30dac2000a09f7?s=96&d=mm&r=g\",\"caption\":\"MODS\"},\"sameAs\":[\"https:\\\/\\\/www.facebook.com\\\/zadecuMODS\\\/\",\"https:\\\/\\\/x.com\\\/zadecuMODS\"],\"url\":\"https:\\\/\\\/zadecu.org\\\/en\\\/author\\\/ognjen\\\/\"}]}<\/script>\n<!-- \/ Yoast SEO plugin. -->","yoast_head_json":{"title":"Children's Realities in Europe: Progress &amp; Gaps - Eurochild 2024 report on children in need across Europe - Mre\u017ea organizacija za decu Srbije","description":"On World Children\u2019s Day, Eurochild publishes a new report \u2018Children's Realities in Europe: Progress & Gaps\u2019 which","robots":{"index":"index","follow":"follow","max-snippet":"max-snippet:-1","max-image-preview":"max-image-preview:large","max-video-preview":"max-video-preview:-1"},"canonical":"https:\/\/zadecu.org\/en\/childrens-realities-in-europe-progress-gaps-eurochild-2024-report-on-children-in-need-across-europe\/","og_locale":"en_US","og_type":"article","og_title":"Children's Realities in Europe: Progress &amp; Gaps - Eurochild 2024 report on children in need across Europe - Mre\u017ea organizacija za decu Srbije","og_description":"On World Children\u2019s Day, Eurochild publishes a new report \u2018Children's Realities in Europe: Progress & Gaps\u2019 which","og_url":"https:\/\/zadecu.org\/en\/childrens-realities-in-europe-progress-gaps-eurochild-2024-report-on-children-in-need-across-europe\/","og_site_name":"Mre\u017ea organizacija za decu Srbije","article_publisher":"https:\/\/www.facebook.com\/zadecuMODS\/","article_author":"https:\/\/www.facebook.com\/zadecuMODS\/","article_published_time":"2024-11-20T11:02:27+00:00","article_modified_time":"2024-11-22T11:07:34+00:00","og_image":[{"width":3000,"height":2000,"url":"https:\/\/zadecu.org\/wp-content\/uploads\/2024\/11\/Eurochild-Flagship-2024-Mockup.png","type":"image\/png"}],"author":"MODS","twitter_card":"summary_large_image","twitter_creator":"@zadecuMODS","twitter_site":"@zadecuMODS","twitter_misc":{"Written by":"MODS","Est. reading time":"3 minutes"},"schema":{"@context":"https:\/\/schema.org","@graph":[{"@type":"Article","@id":"https:\/\/zadecu.org\/en\/childrens-realities-in-europe-progress-gaps-eurochild-2024-report-on-children-in-need-across-europe\/#article","isPartOf":{"@id":"https:\/\/zadecu.org\/en\/childrens-realities-in-europe-progress-gaps-eurochild-2024-report-on-children-in-need-across-europe\/"},"author":{"name":"MODS","@id":"https:\/\/zadecu.org\/#\/schema\/person\/ad4f6997e66e4470c1ef6d15dd97b57e"},"headline":"Children&#8217;s Realities in Europe: Progress &amp; Gaps &#8211; Eurochild 2024 report on children in need across Europe","datePublished":"2024-11-20T11:02:27+00:00","dateModified":"2024-11-22T11:07:34+00:00","mainEntityOfPage":{"@id":"https:\/\/zadecu.org\/en\/childrens-realities-in-europe-progress-gaps-eurochild-2024-report-on-children-in-need-across-europe\/"},"wordCount":345,"publisher":{"@id":"https:\/\/zadecu.org\/#organization"},"image":{"@id":"https:\/\/zadecu.org\/en\/childrens-realities-in-europe-progress-gaps-eurochild-2024-report-on-children-in-need-across-europe\/#primaryimage"},"thumbnailUrl":"https:\/\/zadecu.org\/wp-content\/uploads\/2024\/11\/Eurochild-Flagship-2024-Mockup.png","keywords":["\u010clanice MODS","Eurochild","Prava deteta"],"articleSection":["European integrations","News","Press releases"],"inLanguage":"en-US"},{"@type":"WebPage","@id":"https:\/\/zadecu.org\/en\/childrens-realities-in-europe-progress-gaps-eurochild-2024-report-on-children-in-need-across-europe\/","url":"https:\/\/zadecu.org\/en\/childrens-realities-in-europe-progress-gaps-eurochild-2024-report-on-children-in-need-across-europe\/","name":"Children's Realities in Europe: Progress &amp; Gaps - Eurochild 2024 report on children in need across Europe - Mre\u017ea organizacija za decu Srbije","isPartOf":{"@id":"https:\/\/zadecu.org\/#website"},"primaryImageOfPage":{"@id":"https:\/\/zadecu.org\/en\/childrens-realities-in-europe-progress-gaps-eurochild-2024-report-on-children-in-need-across-europe\/#primaryimage"},"image":{"@id":"https:\/\/zadecu.org\/en\/childrens-realities-in-europe-progress-gaps-eurochild-2024-report-on-children-in-need-across-europe\/#primaryimage"},"thumbnailUrl":"https:\/\/zadecu.org\/wp-content\/uploads\/2024\/11\/Eurochild-Flagship-2024-Mockup.png","datePublished":"2024-11-20T11:02:27+00:00","dateModified":"2024-11-22T11:07:34+00:00","description":"On World Children\u2019s Day, Eurochild publishes a new report \u2018Children's Realities in Europe: Progress & Gaps\u2019 which","breadcrumb":{"@id":"https:\/\/zadecu.org\/en\/childrens-realities-in-europe-progress-gaps-eurochild-2024-report-on-children-in-need-across-europe\/#breadcrumb"},"inLanguage":"en-US","potentialAction":[{"@type":"ReadAction","target":["https:\/\/zadecu.org\/en\/childrens-realities-in-europe-progress-gaps-eurochild-2024-report-on-children-in-need-across-europe\/"]}]},{"@type":"ImageObject","inLanguage":"en-US","@id":"https:\/\/zadecu.org\/en\/childrens-realities-in-europe-progress-gaps-eurochild-2024-report-on-children-in-need-across-europe\/#primaryimage","url":"https:\/\/zadecu.org\/wp-content\/uploads\/2024\/11\/Eurochild-Flagship-2024-Mockup.png","contentUrl":"https:\/\/zadecu.org\/wp-content\/uploads\/2024\/11\/Eurochild-Flagship-2024-Mockup.png","width":3000,"height":2000},{"@type":"BreadcrumbList","@id":"https:\/\/zadecu.org\/en\/childrens-realities-in-europe-progress-gaps-eurochild-2024-report-on-children-in-need-across-europe\/#breadcrumb","itemListElement":[{"@type":"ListItem","position":1,"name":"Home","item":"https:\/\/zadecu.org\/en\/"},{"@type":"ListItem","position":2,"name":"Children&#8217;s Realities in Europe: Progress &amp; Gaps &#8211; Eurochild 2024 report on children in need across Europe"}]},{"@type":"WebSite","@id":"https:\/\/zadecu.org\/#website","url":"https:\/\/zadecu.org\/","name":"Mre\u017ea organizacija za decu Srbije","description":"Savez organizacija civilnog dru\u0161tva koje se bave za\u0161titom i promocijom prava deteta u Srbiji","publisher":{"@id":"https:\/\/zadecu.org\/#organization"},"potentialAction":[{"@type":"SearchAction","target":{"@type":"EntryPoint","urlTemplate":"https:\/\/zadecu.org\/?s={search_term_string}"},"query-input":{"@type":"PropertyValueSpecification","valueRequired":true,"valueName":"search_term_string"}}],"inLanguage":"en-US"},{"@type":"Organization","@id":"https:\/\/zadecu.org\/#organization","name":"Mre\u017ea organizacija za decu Srbije MODS","url":"https:\/\/zadecu.org\/","logo":{"@type":"ImageObject","inLanguage":"en-US","@id":"https:\/\/zadecu.org\/#\/schema\/logo\/image\/","url":"http:\/\/zadecu.org\/wp-content\/uploads\/2019\/07\/MODS_logo_veci.jpg","contentUrl":"http:\/\/zadecu.org\/wp-content\/uploads\/2019\/07\/MODS_logo_veci.jpg","width":798,"height":335,"caption":"Mre\u017ea organizacija za decu Srbije MODS"},"image":{"@id":"https:\/\/zadecu.org\/#\/schema\/logo\/image\/"},"sameAs":["https:\/\/www.facebook.com\/zadecuMODS\/","https:\/\/x.com\/zadecuMODS","https:\/\/www.instagram.com\/zadecuMODS\/","https:\/\/www.youtube.com\/channel\/UC1JWUdo0NzgZJFne1EdFX9A"]},{"@type":"Person","@id":"https:\/\/zadecu.org\/#\/schema\/person\/ad4f6997e66e4470c1ef6d15dd97b57e","name":"MODS","image":{"@type":"ImageObject","inLanguage":"en-US","@id":"https:\/\/secure.gravatar.com\/avatar\/60ee1947f5945cecca76529f5ef348f68d8e771648dbf26d5a30dac2000a09f7?s=96&d=mm&r=g","url":"https:\/\/secure.gravatar.com\/avatar\/60ee1947f5945cecca76529f5ef348f68d8e771648dbf26d5a30dac2000a09f7?s=96&d=mm&r=g","contentUrl":"https:\/\/secure.gravatar.com\/avatar\/60ee1947f5945cecca76529f5ef348f68d8e771648dbf26d5a30dac2000a09f7?s=96&d=mm&r=g","caption":"MODS"},"sameAs":["https:\/\/www.facebook.com\/zadecuMODS\/","https:\/\/x.com\/zadecuMODS"],"url":"https:\/\/zadecu.org\/en\/author\/ognjen\/"}]}},"_links":{"self":[{"href":"https:\/\/zadecu.org\/en\/wp-json\/wp\/v2\/posts\/12971","targetHints":{"allow":["GET"]}}],"collection":[{"href":"https:\/\/zadecu.org\/en\/wp-json\/wp\/v2\/posts"}],"about":[{"href":"https:\/\/zadecu.org\/en\/wp-json\/wp\/v2\/types\/post"}],"author":[{"embeddable":true,"href":"https:\/\/zadecu.org\/en\/wp-json\/wp\/v2\/users\/3"}],"replies":[{"embeddable":true,"href":"https:\/\/zadecu.org\/en\/wp-json\/wp\/v2\/comments?post=12971"}],"version-history":[{"count":0,"href":"https:\/\/zadecu.org\/en\/wp-json\/wp\/v2\/posts\/12971\/revisions"}],"wp:featuredmedia":[{"embeddable":true,"href":"https:\/\/zadecu.org\/en\/wp-json\/wp\/v2\/media\/12969"}],"wp:attachment":[{"href":"https:\/\/zadecu.org\/en\/wp-json\/wp\/v2\/media?parent=12971"}],"wp:term":[{"taxonomy":"category","embeddable":true,"href":"https:\/\/zadecu.org\/en\/wp-json\/wp\/v2\/categories?post=12971"},{"taxonomy":"post_tag","embeddable":true,"href":"https:\/\/zadecu.org\/en\/wp-json\/wp\/v2\/tags?post=12971"}],"curies":[{"name":"wp","href":"https:\/\/api.w.org\/{rel}","templated":true}]}}