
{"id":12550,"date":"2024-08-12T09:39:59","date_gmt":"2024-08-12T09:39:59","guid":{"rendered":"https:\/\/zadecu.org\/?p=12550"},"modified":"2024-08-12T09:51:55","modified_gmt":"2024-08-12T09:51:55","slug":"joint-conclusions-of-the-economic-and-financial-dialogue","status":"publish","type":"post","link":"https:\/\/zadecu.org\/en\/joint-conclusions-of-the-economic-and-financial-dialogue\/","title":{"rendered":"Joint Conclusions of the Economic and Financial Dialogue"},"content":{"rendered":"\n<p class=\"wp-block-paragraph\" style=\"text-align: center;\">The Economic and Financial Dialogue between the EU and the Western Balkans Partners, T\u00fcrkiye, Georgia, Republic of Moldova and Ukraine<\/p>\n<p style=\"text-align: justify;\">On May 14, 2024, representatives of the EU Member States, the candidate countries and potential candidates, the European Commission, the European Central Bank, as well as representatives of the central banks of the candidate countries and potential candidates met for the annual economic policy dialogue in Brussels. This year&#8217;s dialogue was notable as Georgia, Moldova, and Ukraine participated in the dialogue for the first time after becoming candidates for EU membership.<\/p>\n<p style=\"text-align: justify;\">Regarding Serbia, in the report, it is noted that Serbia submitted its Economic Reform Programme 2024-2026 on January 15, 2024. \u00a0It indicates that the implementation of the policy guidance outlined in the conclusions of the Economic and Financial Dialogue of May 16 2023, has been partial. While some progress has been made, there are still gaps in fully adhering to the recommended policies and reforms.<\/p>\nRead the full report <a href=\"https:\/\/data.consilium.europa.eu\/doc\/document\/ST-9881-2024-INIT\/en\/pdf\">HERE<\/a>.\n<div><\/div>\n","protected":false},"excerpt":{"rendered":"<p>The Economic and Financial Dialogue between the EU and the Western Balkans Partners, T\u00fcrkiye, Georgia, Republic of Moldova and Ukraine On May 14, 2024, representatives of the EU Member States, the candidate countries and potential candidates, the European Commission, the European Central Bank, as well as representatives of the central banks of the candidate countries [&hellip;]<\/p>\n","protected":false},"author":3,"featured_media":12551,"comment_status":"closed","ping_status":"open","sticky":false,"template":"","format":"standard","meta":{"footnotes":""},"categories":[216,52],"tags":[320],"class_list":["post-12550","post","type-post","status-publish","format-standard","has-post-thumbnail","hentry","category-european-integrations","category-uncategorized","tag-european-integration"],"yoast_head":"<!-- This site is optimized with the Yoast SEO plugin v28.0 - https:\/\/yoast.com\/product\/yoast-seo-wordpress\/ -->\n<title>Joint Conclusions of the Economic and Financial Dialogue - Mre\u017ea organizacija za decu Srbije<\/title>\n<meta name=\"description\" content=\"The Economic and Financial Dialogue between the EU and the Western Balkans Partners, T\u00fcrkiye, Georgia, Republic of Moldova and Ukraine\" \/>\n<meta name=\"robots\" content=\"index, follow, max-snippet:-1, max-image-preview:large, max-video-preview:-1\" \/>\n<link rel=\"canonical\" href=\"https:\/\/zadecu.org\/en\/joint-conclusions-of-the-economic-and-financial-dialogue\/\" \/>\n<meta property=\"og:locale\" content=\"en_US\" \/>\n<meta property=\"og:type\" content=\"article\" \/>\n<meta property=\"og:title\" content=\"Joint Conclusions of the Economic and Financial Dialogue - Mre\u017ea organizacija za decu Srbije\" \/>\n<meta property=\"og:description\" content=\"The Economic and Financial Dialogue between the EU and the Western Balkans Partners, T\u00fcrkiye, Georgia, Republic of Moldova and Ukraine\" \/>\n<meta property=\"og:url\" content=\"https:\/\/zadecu.org\/en\/joint-conclusions-of-the-economic-and-financial-dialogue\/\" \/>\n<meta property=\"og:site_name\" content=\"Mre\u017ea organizacija za decu Srbije\" \/>\n<meta property=\"article:publisher\" content=\"https:\/\/www.facebook.com\/zadecuMODS\/\" \/>\n<meta property=\"article:author\" content=\"https:\/\/www.facebook.com\/zadecuMODS\/\" \/>\n<meta property=\"article:published_time\" content=\"2024-08-12T09:39:59+00:00\" \/>\n<meta property=\"article:modified_time\" content=\"2024-08-12T09:51:55+00:00\" \/>\n<meta property=\"og:image\" content=\"https:\/\/zadecu.org\/wp-content\/uploads\/2024\/08\/ECOFIN-2024-scaled.webp\" \/>\n\t<meta property=\"og:image:width\" content=\"2560\" \/>\n\t<meta property=\"og:image:height\" content=\"1215\" \/>\n\t<meta property=\"og:image:type\" content=\"image\/webp\" \/>\n<meta name=\"author\" content=\"MODS\" \/>\n<meta name=\"twitter:card\" content=\"summary_large_image\" \/>\n<meta name=\"twitter:creator\" content=\"@zadecuMODS\" \/>\n<meta name=\"twitter:site\" content=\"@zadecuMODS\" \/>\n<meta name=\"twitter:label1\" content=\"Written by\" \/>\n\t<meta name=\"twitter:data1\" content=\"MODS\" \/>\n\t<meta name=\"twitter:label2\" content=\"Est. reading time\" \/>\n\t<meta name=\"twitter:data2\" content=\"2 minutes\" \/>\n<script type=\"application\/ld+json\" class=\"yoast-schema-graph\">{\"@context\":\"https:\\\/\\\/schema.org\",\"@graph\":[{\"@type\":\"Article\",\"@id\":\"https:\\\/\\\/zadecu.org\\\/en\\\/joint-conclusions-of-the-economic-and-financial-dialogue\\\/#article\",\"isPartOf\":{\"@id\":\"https:\\\/\\\/zadecu.org\\\/en\\\/joint-conclusions-of-the-economic-and-financial-dialogue\\\/\"},\"author\":{\"name\":\"MODS\",\"@id\":\"https:\\\/\\\/zadecu.org\\\/#\\\/schema\\\/person\\\/ad4f6997e66e4470c1ef6d15dd97b57e\"},\"headline\":\"Joint Conclusions of the Economic and Financial Dialogue\",\"datePublished\":\"2024-08-12T09:39:59+00:00\",\"dateModified\":\"2024-08-12T09:51:55+00:00\",\"mainEntityOfPage\":{\"@id\":\"https:\\\/\\\/zadecu.org\\\/en\\\/joint-conclusions-of-the-economic-and-financial-dialogue\\\/\"},\"wordCount\":165,\"publisher\":{\"@id\":\"https:\\\/\\\/zadecu.org\\\/#organization\"},\"image\":{\"@id\":\"https:\\\/\\\/zadecu.org\\\/en\\\/joint-conclusions-of-the-economic-and-financial-dialogue\\\/#primaryimage\"},\"thumbnailUrl\":\"https:\\\/\\\/zadecu.org\\\/wp-content\\\/uploads\\\/2024\\\/08\\\/ECOFIN-2024-scaled.webp\",\"keywords\":[\"European integration\"],\"articleSection\":[\"European integrations\",\"News\"],\"inLanguage\":\"en-US\"},{\"@type\":\"WebPage\",\"@id\":\"https:\\\/\\\/zadecu.org\\\/en\\\/joint-conclusions-of-the-economic-and-financial-dialogue\\\/\",\"url\":\"https:\\\/\\\/zadecu.org\\\/en\\\/joint-conclusions-of-the-economic-and-financial-dialogue\\\/\",\"name\":\"Joint Conclusions of the Economic and Financial Dialogue - Mre\u017ea organizacija za decu Srbije\",\"isPartOf\":{\"@id\":\"https:\\\/\\\/zadecu.org\\\/#website\"},\"primaryImageOfPage\":{\"@id\":\"https:\\\/\\\/zadecu.org\\\/en\\\/joint-conclusions-of-the-economic-and-financial-dialogue\\\/#primaryimage\"},\"image\":{\"@id\":\"https:\\\/\\\/zadecu.org\\\/en\\\/joint-conclusions-of-the-economic-and-financial-dialogue\\\/#primaryimage\"},\"thumbnailUrl\":\"https:\\\/\\\/zadecu.org\\\/wp-content\\\/uploads\\\/2024\\\/08\\\/ECOFIN-2024-scaled.webp\",\"datePublished\":\"2024-08-12T09:39:59+00:00\",\"dateModified\":\"2024-08-12T09:51:55+00:00\",\"description\":\"The Economic and Financial Dialogue between the EU and the Western Balkans Partners, T\u00fcrkiye, Georgia, Republic of Moldova and Ukraine\",\"breadcrumb\":{\"@id\":\"https:\\\/\\\/zadecu.org\\\/en\\\/joint-conclusions-of-the-economic-and-financial-dialogue\\\/#breadcrumb\"},\"inLanguage\":\"en-US\",\"potentialAction\":[{\"@type\":\"ReadAction\",\"target\":[\"https:\\\/\\\/zadecu.org\\\/en\\\/joint-conclusions-of-the-economic-and-financial-dialogue\\\/\"]}]},{\"@type\":\"ImageObject\",\"inLanguage\":\"en-US\",\"@id\":\"https:\\\/\\\/zadecu.org\\\/en\\\/joint-conclusions-of-the-economic-and-financial-dialogue\\\/#primaryimage\",\"url\":\"https:\\\/\\\/zadecu.org\\\/wp-content\\\/uploads\\\/2024\\\/08\\\/ECOFIN-2024-scaled.webp\",\"contentUrl\":\"https:\\\/\\\/zadecu.org\\\/wp-content\\\/uploads\\\/2024\\\/08\\\/ECOFIN-2024-scaled.webp\",\"width\":2560,\"height\":1215},{\"@type\":\"BreadcrumbList\",\"@id\":\"https:\\\/\\\/zadecu.org\\\/en\\\/joint-conclusions-of-the-economic-and-financial-dialogue\\\/#breadcrumb\",\"itemListElement\":[{\"@type\":\"ListItem\",\"position\":1,\"name\":\"Home\",\"item\":\"https:\\\/\\\/zadecu.org\\\/en\\\/\"},{\"@type\":\"ListItem\",\"position\":2,\"name\":\"Joint Conclusions of the Economic and Financial Dialogue\"}]},{\"@type\":\"WebSite\",\"@id\":\"https:\\\/\\\/zadecu.org\\\/#website\",\"url\":\"https:\\\/\\\/zadecu.org\\\/\",\"name\":\"Mre\u017ea organizacija za decu Srbije\",\"description\":\"Savez organizacija civilnog dru\u0161tva koje se bave za\u0161titom i promocijom prava deteta u Srbiji\",\"publisher\":{\"@id\":\"https:\\\/\\\/zadecu.org\\\/#organization\"},\"potentialAction\":[{\"@type\":\"SearchAction\",\"target\":{\"@type\":\"EntryPoint\",\"urlTemplate\":\"https:\\\/\\\/zadecu.org\\\/?s={search_term_string}\"},\"query-input\":{\"@type\":\"PropertyValueSpecification\",\"valueRequired\":true,\"valueName\":\"search_term_string\"}}],\"inLanguage\":\"en-US\"},{\"@type\":\"Organization\",\"@id\":\"https:\\\/\\\/zadecu.org\\\/#organization\",\"name\":\"Mre\u017ea organizacija za decu Srbije MODS\",\"url\":\"https:\\\/\\\/zadecu.org\\\/\",\"logo\":{\"@type\":\"ImageObject\",\"inLanguage\":\"en-US\",\"@id\":\"https:\\\/\\\/zadecu.org\\\/#\\\/schema\\\/logo\\\/image\\\/\",\"url\":\"http:\\\/\\\/zadecu.org\\\/wp-content\\\/uploads\\\/2019\\\/07\\\/MODS_logo_veci.jpg\",\"contentUrl\":\"http:\\\/\\\/zadecu.org\\\/wp-content\\\/uploads\\\/2019\\\/07\\\/MODS_logo_veci.jpg\",\"width\":798,\"height\":335,\"caption\":\"Mre\u017ea organizacija za decu Srbije MODS\"},\"image\":{\"@id\":\"https:\\\/\\\/zadecu.org\\\/#\\\/schema\\\/logo\\\/image\\\/\"},\"sameAs\":[\"https:\\\/\\\/www.facebook.com\\\/zadecuMODS\\\/\",\"https:\\\/\\\/x.com\\\/zadecuMODS\",\"https:\\\/\\\/www.instagram.com\\\/zadecuMODS\\\/\",\"https:\\\/\\\/www.youtube.com\\\/channel\\\/UC1JWUdo0NzgZJFne1EdFX9A\"]},{\"@type\":\"Person\",\"@id\":\"https:\\\/\\\/zadecu.org\\\/#\\\/schema\\\/person\\\/ad4f6997e66e4470c1ef6d15dd97b57e\",\"name\":\"MODS\",\"image\":{\"@type\":\"ImageObject\",\"inLanguage\":\"en-US\",\"@id\":\"https:\\\/\\\/secure.gravatar.com\\\/avatar\\\/60ee1947f5945cecca76529f5ef348f68d8e771648dbf26d5a30dac2000a09f7?s=96&d=mm&r=g\",\"url\":\"https:\\\/\\\/secure.gravatar.com\\\/avatar\\\/60ee1947f5945cecca76529f5ef348f68d8e771648dbf26d5a30dac2000a09f7?s=96&d=mm&r=g\",\"contentUrl\":\"https:\\\/\\\/secure.gravatar.com\\\/avatar\\\/60ee1947f5945cecca76529f5ef348f68d8e771648dbf26d5a30dac2000a09f7?s=96&d=mm&r=g\",\"caption\":\"MODS\"},\"sameAs\":[\"https:\\\/\\\/www.facebook.com\\\/zadecuMODS\\\/\",\"https:\\\/\\\/x.com\\\/zadecuMODS\"],\"url\":\"https:\\\/\\\/zadecu.org\\\/en\\\/author\\\/ognjen\\\/\"}]}<\/script>\n<!-- \/ Yoast SEO plugin. -->","yoast_head_json":{"title":"Joint Conclusions of the Economic and Financial Dialogue - Mre\u017ea organizacija za decu Srbije","description":"The Economic and Financial Dialogue between the EU and the Western Balkans Partners, T\u00fcrkiye, Georgia, Republic of Moldova and Ukraine","robots":{"index":"index","follow":"follow","max-snippet":"max-snippet:-1","max-image-preview":"max-image-preview:large","max-video-preview":"max-video-preview:-1"},"canonical":"https:\/\/zadecu.org\/en\/joint-conclusions-of-the-economic-and-financial-dialogue\/","og_locale":"en_US","og_type":"article","og_title":"Joint Conclusions of the Economic and Financial Dialogue - Mre\u017ea organizacija za decu Srbije","og_description":"The Economic and Financial Dialogue between the EU and the Western Balkans Partners, T\u00fcrkiye, Georgia, Republic of Moldova and Ukraine","og_url":"https:\/\/zadecu.org\/en\/joint-conclusions-of-the-economic-and-financial-dialogue\/","og_site_name":"Mre\u017ea organizacija za decu Srbije","article_publisher":"https:\/\/www.facebook.com\/zadecuMODS\/","article_author":"https:\/\/www.facebook.com\/zadecuMODS\/","article_published_time":"2024-08-12T09:39:59+00:00","article_modified_time":"2024-08-12T09:51:55+00:00","og_image":[{"width":2560,"height":1215,"url":"https:\/\/zadecu.org\/wp-content\/uploads\/2024\/08\/ECOFIN-2024-scaled.webp","type":"image\/webp"}],"author":"MODS","twitter_card":"summary_large_image","twitter_creator":"@zadecuMODS","twitter_site":"@zadecuMODS","twitter_misc":{"Written by":"MODS","Est. reading time":"2 minutes"},"schema":{"@context":"https:\/\/schema.org","@graph":[{"@type":"Article","@id":"https:\/\/zadecu.org\/en\/joint-conclusions-of-the-economic-and-financial-dialogue\/#article","isPartOf":{"@id":"https:\/\/zadecu.org\/en\/joint-conclusions-of-the-economic-and-financial-dialogue\/"},"author":{"name":"MODS","@id":"https:\/\/zadecu.org\/#\/schema\/person\/ad4f6997e66e4470c1ef6d15dd97b57e"},"headline":"Joint Conclusions of the Economic and Financial Dialogue","datePublished":"2024-08-12T09:39:59+00:00","dateModified":"2024-08-12T09:51:55+00:00","mainEntityOfPage":{"@id":"https:\/\/zadecu.org\/en\/joint-conclusions-of-the-economic-and-financial-dialogue\/"},"wordCount":165,"publisher":{"@id":"https:\/\/zadecu.org\/#organization"},"image":{"@id":"https:\/\/zadecu.org\/en\/joint-conclusions-of-the-economic-and-financial-dialogue\/#primaryimage"},"thumbnailUrl":"https:\/\/zadecu.org\/wp-content\/uploads\/2024\/08\/ECOFIN-2024-scaled.webp","keywords":["European integration"],"articleSection":["European integrations","News"],"inLanguage":"en-US"},{"@type":"WebPage","@id":"https:\/\/zadecu.org\/en\/joint-conclusions-of-the-economic-and-financial-dialogue\/","url":"https:\/\/zadecu.org\/en\/joint-conclusions-of-the-economic-and-financial-dialogue\/","name":"Joint Conclusions of the Economic and Financial Dialogue - Mre\u017ea organizacija za decu Srbije","isPartOf":{"@id":"https:\/\/zadecu.org\/#website"},"primaryImageOfPage":{"@id":"https:\/\/zadecu.org\/en\/joint-conclusions-of-the-economic-and-financial-dialogue\/#primaryimage"},"image":{"@id":"https:\/\/zadecu.org\/en\/joint-conclusions-of-the-economic-and-financial-dialogue\/#primaryimage"},"thumbnailUrl":"https:\/\/zadecu.org\/wp-content\/uploads\/2024\/08\/ECOFIN-2024-scaled.webp","datePublished":"2024-08-12T09:39:59+00:00","dateModified":"2024-08-12T09:51:55+00:00","description":"The Economic and Financial Dialogue between the EU and the Western Balkans Partners, T\u00fcrkiye, Georgia, Republic of Moldova and Ukraine","breadcrumb":{"@id":"https:\/\/zadecu.org\/en\/joint-conclusions-of-the-economic-and-financial-dialogue\/#breadcrumb"},"inLanguage":"en-US","potentialAction":[{"@type":"ReadAction","target":["https:\/\/zadecu.org\/en\/joint-conclusions-of-the-economic-and-financial-dialogue\/"]}]},{"@type":"ImageObject","inLanguage":"en-US","@id":"https:\/\/zadecu.org\/en\/joint-conclusions-of-the-economic-and-financial-dialogue\/#primaryimage","url":"https:\/\/zadecu.org\/wp-content\/uploads\/2024\/08\/ECOFIN-2024-scaled.webp","contentUrl":"https:\/\/zadecu.org\/wp-content\/uploads\/2024\/08\/ECOFIN-2024-scaled.webp","width":2560,"height":1215},{"@type":"BreadcrumbList","@id":"https:\/\/zadecu.org\/en\/joint-conclusions-of-the-economic-and-financial-dialogue\/#breadcrumb","itemListElement":[{"@type":"ListItem","position":1,"name":"Home","item":"https:\/\/zadecu.org\/en\/"},{"@type":"ListItem","position":2,"name":"Joint Conclusions of the Economic and Financial Dialogue"}]},{"@type":"WebSite","@id":"https:\/\/zadecu.org\/#website","url":"https:\/\/zadecu.org\/","name":"Mre\u017ea organizacija za decu Srbije","description":"Savez organizacija civilnog dru\u0161tva koje se bave za\u0161titom i promocijom prava deteta u Srbiji","publisher":{"@id":"https:\/\/zadecu.org\/#organization"},"potentialAction":[{"@type":"SearchAction","target":{"@type":"EntryPoint","urlTemplate":"https:\/\/zadecu.org\/?s={search_term_string}"},"query-input":{"@type":"PropertyValueSpecification","valueRequired":true,"valueName":"search_term_string"}}],"inLanguage":"en-US"},{"@type":"Organization","@id":"https:\/\/zadecu.org\/#organization","name":"Mre\u017ea organizacija za decu Srbije MODS","url":"https:\/\/zadecu.org\/","logo":{"@type":"ImageObject","inLanguage":"en-US","@id":"https:\/\/zadecu.org\/#\/schema\/logo\/image\/","url":"http:\/\/zadecu.org\/wp-content\/uploads\/2019\/07\/MODS_logo_veci.jpg","contentUrl":"http:\/\/zadecu.org\/wp-content\/uploads\/2019\/07\/MODS_logo_veci.jpg","width":798,"height":335,"caption":"Mre\u017ea organizacija za decu Srbije MODS"},"image":{"@id":"https:\/\/zadecu.org\/#\/schema\/logo\/image\/"},"sameAs":["https:\/\/www.facebook.com\/zadecuMODS\/","https:\/\/x.com\/zadecuMODS","https:\/\/www.instagram.com\/zadecuMODS\/","https:\/\/www.youtube.com\/channel\/UC1JWUdo0NzgZJFne1EdFX9A"]},{"@type":"Person","@id":"https:\/\/zadecu.org\/#\/schema\/person\/ad4f6997e66e4470c1ef6d15dd97b57e","name":"MODS","image":{"@type":"ImageObject","inLanguage":"en-US","@id":"https:\/\/secure.gravatar.com\/avatar\/60ee1947f5945cecca76529f5ef348f68d8e771648dbf26d5a30dac2000a09f7?s=96&d=mm&r=g","url":"https:\/\/secure.gravatar.com\/avatar\/60ee1947f5945cecca76529f5ef348f68d8e771648dbf26d5a30dac2000a09f7?s=96&d=mm&r=g","contentUrl":"https:\/\/secure.gravatar.com\/avatar\/60ee1947f5945cecca76529f5ef348f68d8e771648dbf26d5a30dac2000a09f7?s=96&d=mm&r=g","caption":"MODS"},"sameAs":["https:\/\/www.facebook.com\/zadecuMODS\/","https:\/\/x.com\/zadecuMODS"],"url":"https:\/\/zadecu.org\/en\/author\/ognjen\/"}]}},"_links":{"self":[{"href":"https:\/\/zadecu.org\/en\/wp-json\/wp\/v2\/posts\/12550","targetHints":{"allow":["GET"]}}],"collection":[{"href":"https:\/\/zadecu.org\/en\/wp-json\/wp\/v2\/posts"}],"about":[{"href":"https:\/\/zadecu.org\/en\/wp-json\/wp\/v2\/types\/post"}],"author":[{"embeddable":true,"href":"https:\/\/zadecu.org\/en\/wp-json\/wp\/v2\/users\/3"}],"replies":[{"embeddable":true,"href":"https:\/\/zadecu.org\/en\/wp-json\/wp\/v2\/comments?post=12550"}],"version-history":[{"count":0,"href":"https:\/\/zadecu.org\/en\/wp-json\/wp\/v2\/posts\/12550\/revisions"}],"wp:featuredmedia":[{"embeddable":true,"href":"https:\/\/zadecu.org\/en\/wp-json\/wp\/v2\/media\/12551"}],"wp:attachment":[{"href":"https:\/\/zadecu.org\/en\/wp-json\/wp\/v2\/media?parent=12550"}],"wp:term":[{"taxonomy":"category","embeddable":true,"href":"https:\/\/zadecu.org\/en\/wp-json\/wp\/v2\/categories?post=12550"},{"taxonomy":"post_tag","embeddable":true,"href":"https:\/\/zadecu.org\/en\/wp-json\/wp\/v2\/tags?post=12550"}],"curies":[{"name":"wp","href":"https:\/\/api.w.org\/{rel}","templated":true}]}}