
{"id":11787,"date":"2023-11-20T09:45:40","date_gmt":"2023-11-20T09:45:40","guid":{"rendered":"https:\/\/zadecu.org\/?p=11787"},"modified":"2023-11-20T09:45:42","modified_gmt":"2023-11-20T09:45:42","slug":"childrens-rights-political-will-or-wont","status":"publish","type":"post","link":"https:\/\/zadecu.org\/en\/childrens-rights-political-will-or-wont\/","title":{"rendered":"Children&#8217;s Rights: Political will or won&#8217;t?"},"content":{"rendered":"\n<p class=\"has-text-align-center wp-block-paragraph\"><strong><em>Eurochild\u00a02023 report on children in need across Europe<\/em><\/strong><\/p>\n\n\n<p style=\"text-align: justify;\">This report is based on assessments provided by\u00a0<strong>38 Eurochild members in 26 countries<\/strong>\u00a0and provides\u00a0<strong>recommendations for each country<\/strong>\u00a0on how to address among others, child poverty and social exclusion, discrimination, health, online safety and early childhood services.<\/p>\n<p style=\"text-align: justify;\">It also assesses whether the\u00a0<strong>Child Guarantee\u00a0<\/strong>National Action Plans align with the countries\u2019 needs, the extent to which the\u00a0<strong>European Semester<\/strong>\u00a02023 Country Report and Recommendations are aligned to the lived experiences of children from a civil society perspective and provides an overview of the\u00a0<strong>Countries in Accession\u2019s priorities<\/strong>\u00a0regarding the most pressing issues for children and their involvement in EU-funded projects.<\/p>\n<p style=\"text-align: justify;\">The coming year offers another important window of opportunity to tackle inequalities in childhood. Our report highlights the\u00a0<strong>future priorities\u00a0<\/strong>that\u00a0<strong>EU decision-makers and national governments<\/strong>\u00a0can pursue to address the needs of the most vulnerable children.<\/p>\n<p style=\"text-align: justify;\"><em>\u201cLooking at the most recent data on child poverty, it is positive that some countries across Europe are reducing the numbers of children living in poverty and social exclusion. However, for some others, numbers are still increasing. There is\u00a0<strong>a clear need for policies and programmes to do much more<\/strong>\u00a0to ensure children develop to their full potential. Eurochild members can be a key partner to ensure children\u2019s rights are protected, respected and fulfilled across Europe\u201d\u00a0<\/em>\u2013 H.E. Marie-Louise Coleiro Preca, Eurochild President<\/p>\n<p><strong>Our policy recommendations:<\/strong><\/p>\n<ul>\n<li>Put children\u2019s rights at the heart of the political agenda<\/li>\n<li>Invest in efficient data collection<\/li>\n<li>Protect and support vulnerable children<\/li>\n<li>Invest in prevention<\/li>\n<li>Promote children\u2019s well-being online and offline<\/li>\n<li>Put children\u2019s rights at the core of the European Semester Cycle<\/li>\n<li>Recognise children as agents of change in their own right<\/li>\n<\/ul>\n<p><strong><a href=\"https:\/\/eurochild.org\/uploads\/2023\/11\/Childrens-Rights-Political-will-or-wont.pdf\" target=\"_blank\" rel=\"noreferrer noopener\" data-type=\"URL\" data-id=\"https:\/\/eurochild.org\/uploads\/2023\/11\/Childrens-Rights-Political-will-or-wont.pdf\">Read the full report<\/a><\/strong><\/p>\n<p>Source: <a href=\"https:\/\/eurochild.org\/resource\/childrens-rights-political-will-or-wont\/\">Eurochild<\/a><\/p>","protected":false},"excerpt":{"rendered":"<p>Eurochild\u00a02023 report on children in need across Europe This report is based on assessments provided by\u00a038 Eurochild members in 26 countries\u00a0and provides\u00a0recommendations for each country\u00a0on how to address among others, child poverty and social exclusion, discrimination, health, online safety and early childhood services. It also assesses whether the\u00a0Child Guarantee\u00a0National Action Plans align with the countries\u2019 [&hellip;]<\/p>\n","protected":false},"author":3,"featured_media":11788,"comment_status":"closed","ping_status":"open","sticky":false,"template":"","format":"standard","meta":{"footnotes":""},"categories":[282],"tags":[117],"class_list":["post-11787","post","type-post","status-publish","format-standard","has-post-thumbnail","hentry","category-press-release","tag-convention-on-the-rights-of-the-child"],"yoast_head":"<!-- This site is optimized with the Yoast SEO plugin v28.0 - https:\/\/yoast.com\/product\/yoast-seo-wordpress\/ -->\n<title>Children&#039;s Rights: Political will or won&#039;t? - Mre\u017ea organizacija za decu Srbije<\/title>\n<meta name=\"description\" content=\"This report is based on assessments provided by\u00a038 Eurochild members in 26 countries\u00a0and provides\u00a0recommendations for each country\" \/>\n<meta name=\"robots\" content=\"index, follow, max-snippet:-1, max-image-preview:large, max-video-preview:-1\" \/>\n<link rel=\"canonical\" href=\"https:\/\/zadecu.org\/en\/childrens-rights-political-will-or-wont\/\" \/>\n<meta property=\"og:locale\" content=\"en_US\" \/>\n<meta property=\"og:type\" content=\"article\" \/>\n<meta property=\"og:title\" content=\"Children&#039;s Rights: Political will or won&#039;t? - Mre\u017ea organizacija za decu Srbije\" \/>\n<meta property=\"og:description\" content=\"This report is based on assessments provided by\u00a038 Eurochild members in 26 countries\u00a0and provides\u00a0recommendations for each country\" \/>\n<meta property=\"og:url\" content=\"https:\/\/zadecu.org\/en\/childrens-rights-political-will-or-wont\/\" \/>\n<meta property=\"og:site_name\" content=\"Mre\u017ea organizacija za decu Srbije\" \/>\n<meta property=\"article:publisher\" content=\"https:\/\/www.facebook.com\/zadecuMODS\/\" \/>\n<meta property=\"article:author\" content=\"https:\/\/www.facebook.com\/zadecuMODS\/\" \/>\n<meta property=\"article:published_time\" content=\"2023-11-20T09:45:40+00:00\" \/>\n<meta property=\"article:modified_time\" content=\"2023-11-20T09:45:42+00:00\" \/>\n<meta property=\"og:image\" content=\"https:\/\/zadecu.org\/wp-content\/uploads\/2023\/11\/Eurochild.webp\" \/>\n\t<meta property=\"og:image:width\" content=\"1200\" \/>\n\t<meta property=\"og:image:height\" content=\"675\" \/>\n\t<meta property=\"og:image:type\" content=\"image\/webp\" \/>\n<meta name=\"author\" content=\"MODS\" \/>\n<meta name=\"twitter:card\" content=\"summary_large_image\" \/>\n<meta name=\"twitter:creator\" content=\"@zadecuMODS\" \/>\n<meta name=\"twitter:site\" content=\"@zadecuMODS\" \/>\n<meta name=\"twitter:label1\" content=\"Written by\" \/>\n\t<meta name=\"twitter:data1\" content=\"MODS\" \/>\n\t<meta name=\"twitter:label2\" content=\"Est. reading time\" \/>\n\t<meta name=\"twitter:data2\" content=\"2 minutes\" \/>\n<script type=\"application\/ld+json\" class=\"yoast-schema-graph\">{\"@context\":\"https:\\\/\\\/schema.org\",\"@graph\":[{\"@type\":\"Article\",\"@id\":\"https:\\\/\\\/zadecu.org\\\/en\\\/childrens-rights-political-will-or-wont\\\/#article\",\"isPartOf\":{\"@id\":\"https:\\\/\\\/zadecu.org\\\/en\\\/childrens-rights-political-will-or-wont\\\/\"},\"author\":{\"name\":\"MODS\",\"@id\":\"https:\\\/\\\/zadecu.org\\\/#\\\/schema\\\/person\\\/ad4f6997e66e4470c1ef6d15dd97b57e\"},\"headline\":\"Children&#8217;s Rights: Political will or won&#8217;t?\",\"datePublished\":\"2023-11-20T09:45:40+00:00\",\"dateModified\":\"2023-11-20T09:45:42+00:00\",\"mainEntityOfPage\":{\"@id\":\"https:\\\/\\\/zadecu.org\\\/en\\\/childrens-rights-political-will-or-wont\\\/\"},\"wordCount\":299,\"publisher\":{\"@id\":\"https:\\\/\\\/zadecu.org\\\/#organization\"},\"image\":{\"@id\":\"https:\\\/\\\/zadecu.org\\\/en\\\/childrens-rights-political-will-or-wont\\\/#primaryimage\"},\"thumbnailUrl\":\"https:\\\/\\\/zadecu.org\\\/wp-content\\\/uploads\\\/2023\\\/11\\\/Eurochild.webp\",\"keywords\":[\"Convention on the Rights of the Child\"],\"articleSection\":[\"Press releases\"],\"inLanguage\":\"en-US\"},{\"@type\":\"WebPage\",\"@id\":\"https:\\\/\\\/zadecu.org\\\/en\\\/childrens-rights-political-will-or-wont\\\/\",\"url\":\"https:\\\/\\\/zadecu.org\\\/en\\\/childrens-rights-political-will-or-wont\\\/\",\"name\":\"Children's Rights: Political will or won't? - Mre\u017ea organizacija za decu Srbije\",\"isPartOf\":{\"@id\":\"https:\\\/\\\/zadecu.org\\\/#website\"},\"primaryImageOfPage\":{\"@id\":\"https:\\\/\\\/zadecu.org\\\/en\\\/childrens-rights-political-will-or-wont\\\/#primaryimage\"},\"image\":{\"@id\":\"https:\\\/\\\/zadecu.org\\\/en\\\/childrens-rights-political-will-or-wont\\\/#primaryimage\"},\"thumbnailUrl\":\"https:\\\/\\\/zadecu.org\\\/wp-content\\\/uploads\\\/2023\\\/11\\\/Eurochild.webp\",\"datePublished\":\"2023-11-20T09:45:40+00:00\",\"dateModified\":\"2023-11-20T09:45:42+00:00\",\"description\":\"This report is based on assessments provided by\u00a038 Eurochild members in 26 countries\u00a0and provides\u00a0recommendations for each country\",\"breadcrumb\":{\"@id\":\"https:\\\/\\\/zadecu.org\\\/en\\\/childrens-rights-political-will-or-wont\\\/#breadcrumb\"},\"inLanguage\":\"en-US\",\"potentialAction\":[{\"@type\":\"ReadAction\",\"target\":[\"https:\\\/\\\/zadecu.org\\\/en\\\/childrens-rights-political-will-or-wont\\\/\"]}]},{\"@type\":\"ImageObject\",\"inLanguage\":\"en-US\",\"@id\":\"https:\\\/\\\/zadecu.org\\\/en\\\/childrens-rights-political-will-or-wont\\\/#primaryimage\",\"url\":\"https:\\\/\\\/zadecu.org\\\/wp-content\\\/uploads\\\/2023\\\/11\\\/Eurochild.webp\",\"contentUrl\":\"https:\\\/\\\/zadecu.org\\\/wp-content\\\/uploads\\\/2023\\\/11\\\/Eurochild.webp\",\"width\":1200,\"height\":675},{\"@type\":\"BreadcrumbList\",\"@id\":\"https:\\\/\\\/zadecu.org\\\/en\\\/childrens-rights-political-will-or-wont\\\/#breadcrumb\",\"itemListElement\":[{\"@type\":\"ListItem\",\"position\":1,\"name\":\"Home\",\"item\":\"https:\\\/\\\/zadecu.org\\\/en\\\/\"},{\"@type\":\"ListItem\",\"position\":2,\"name\":\"Children&#8217;s Rights: Political will or won&#8217;t?\"}]},{\"@type\":\"WebSite\",\"@id\":\"https:\\\/\\\/zadecu.org\\\/#website\",\"url\":\"https:\\\/\\\/zadecu.org\\\/\",\"name\":\"Mre\u017ea organizacija za decu Srbije\",\"description\":\"Savez organizacija civilnog dru\u0161tva koje se bave za\u0161titom i promocijom prava deteta u Srbiji\",\"publisher\":{\"@id\":\"https:\\\/\\\/zadecu.org\\\/#organization\"},\"potentialAction\":[{\"@type\":\"SearchAction\",\"target\":{\"@type\":\"EntryPoint\",\"urlTemplate\":\"https:\\\/\\\/zadecu.org\\\/?s={search_term_string}\"},\"query-input\":{\"@type\":\"PropertyValueSpecification\",\"valueRequired\":true,\"valueName\":\"search_term_string\"}}],\"inLanguage\":\"en-US\"},{\"@type\":\"Organization\",\"@id\":\"https:\\\/\\\/zadecu.org\\\/#organization\",\"name\":\"Mre\u017ea organizacija za decu Srbije MODS\",\"url\":\"https:\\\/\\\/zadecu.org\\\/\",\"logo\":{\"@type\":\"ImageObject\",\"inLanguage\":\"en-US\",\"@id\":\"https:\\\/\\\/zadecu.org\\\/#\\\/schema\\\/logo\\\/image\\\/\",\"url\":\"http:\\\/\\\/zadecu.org\\\/wp-content\\\/uploads\\\/2019\\\/07\\\/MODS_logo_veci.jpg\",\"contentUrl\":\"http:\\\/\\\/zadecu.org\\\/wp-content\\\/uploads\\\/2019\\\/07\\\/MODS_logo_veci.jpg\",\"width\":798,\"height\":335,\"caption\":\"Mre\u017ea organizacija za decu Srbije MODS\"},\"image\":{\"@id\":\"https:\\\/\\\/zadecu.org\\\/#\\\/schema\\\/logo\\\/image\\\/\"},\"sameAs\":[\"https:\\\/\\\/www.facebook.com\\\/zadecuMODS\\\/\",\"https:\\\/\\\/x.com\\\/zadecuMODS\",\"https:\\\/\\\/www.instagram.com\\\/zadecuMODS\\\/\",\"https:\\\/\\\/www.youtube.com\\\/channel\\\/UC1JWUdo0NzgZJFne1EdFX9A\"]},{\"@type\":\"Person\",\"@id\":\"https:\\\/\\\/zadecu.org\\\/#\\\/schema\\\/person\\\/ad4f6997e66e4470c1ef6d15dd97b57e\",\"name\":\"MODS\",\"image\":{\"@type\":\"ImageObject\",\"inLanguage\":\"en-US\",\"@id\":\"https:\\\/\\\/secure.gravatar.com\\\/avatar\\\/60ee1947f5945cecca76529f5ef348f68d8e771648dbf26d5a30dac2000a09f7?s=96&d=mm&r=g\",\"url\":\"https:\\\/\\\/secure.gravatar.com\\\/avatar\\\/60ee1947f5945cecca76529f5ef348f68d8e771648dbf26d5a30dac2000a09f7?s=96&d=mm&r=g\",\"contentUrl\":\"https:\\\/\\\/secure.gravatar.com\\\/avatar\\\/60ee1947f5945cecca76529f5ef348f68d8e771648dbf26d5a30dac2000a09f7?s=96&d=mm&r=g\",\"caption\":\"MODS\"},\"sameAs\":[\"https:\\\/\\\/www.facebook.com\\\/zadecuMODS\\\/\",\"https:\\\/\\\/x.com\\\/zadecuMODS\"],\"url\":\"https:\\\/\\\/zadecu.org\\\/en\\\/author\\\/ognjen\\\/\"}]}<\/script>\n<!-- \/ Yoast SEO plugin. -->","yoast_head_json":{"title":"Children's Rights: Political will or won't? - Mre\u017ea organizacija za decu Srbije","description":"This report is based on assessments provided by\u00a038 Eurochild members in 26 countries\u00a0and provides\u00a0recommendations for each country","robots":{"index":"index","follow":"follow","max-snippet":"max-snippet:-1","max-image-preview":"max-image-preview:large","max-video-preview":"max-video-preview:-1"},"canonical":"https:\/\/zadecu.org\/en\/childrens-rights-political-will-or-wont\/","og_locale":"en_US","og_type":"article","og_title":"Children's Rights: Political will or won't? - Mre\u017ea organizacija za decu Srbije","og_description":"This report is based on assessments provided by\u00a038 Eurochild members in 26 countries\u00a0and provides\u00a0recommendations for each country","og_url":"https:\/\/zadecu.org\/en\/childrens-rights-political-will-or-wont\/","og_site_name":"Mre\u017ea organizacija za decu Srbije","article_publisher":"https:\/\/www.facebook.com\/zadecuMODS\/","article_author":"https:\/\/www.facebook.com\/zadecuMODS\/","article_published_time":"2023-11-20T09:45:40+00:00","article_modified_time":"2023-11-20T09:45:42+00:00","og_image":[{"width":1200,"height":675,"url":"https:\/\/zadecu.org\/wp-content\/uploads\/2023\/11\/Eurochild.webp","type":"image\/webp"}],"author":"MODS","twitter_card":"summary_large_image","twitter_creator":"@zadecuMODS","twitter_site":"@zadecuMODS","twitter_misc":{"Written by":"MODS","Est. reading time":"2 minutes"},"schema":{"@context":"https:\/\/schema.org","@graph":[{"@type":"Article","@id":"https:\/\/zadecu.org\/en\/childrens-rights-political-will-or-wont\/#article","isPartOf":{"@id":"https:\/\/zadecu.org\/en\/childrens-rights-political-will-or-wont\/"},"author":{"name":"MODS","@id":"https:\/\/zadecu.org\/#\/schema\/person\/ad4f6997e66e4470c1ef6d15dd97b57e"},"headline":"Children&#8217;s Rights: Political will or won&#8217;t?","datePublished":"2023-11-20T09:45:40+00:00","dateModified":"2023-11-20T09:45:42+00:00","mainEntityOfPage":{"@id":"https:\/\/zadecu.org\/en\/childrens-rights-political-will-or-wont\/"},"wordCount":299,"publisher":{"@id":"https:\/\/zadecu.org\/#organization"},"image":{"@id":"https:\/\/zadecu.org\/en\/childrens-rights-political-will-or-wont\/#primaryimage"},"thumbnailUrl":"https:\/\/zadecu.org\/wp-content\/uploads\/2023\/11\/Eurochild.webp","keywords":["Convention on the Rights of the Child"],"articleSection":["Press releases"],"inLanguage":"en-US"},{"@type":"WebPage","@id":"https:\/\/zadecu.org\/en\/childrens-rights-political-will-or-wont\/","url":"https:\/\/zadecu.org\/en\/childrens-rights-political-will-or-wont\/","name":"Children's Rights: Political will or won't? - Mre\u017ea organizacija za decu Srbije","isPartOf":{"@id":"https:\/\/zadecu.org\/#website"},"primaryImageOfPage":{"@id":"https:\/\/zadecu.org\/en\/childrens-rights-political-will-or-wont\/#primaryimage"},"image":{"@id":"https:\/\/zadecu.org\/en\/childrens-rights-political-will-or-wont\/#primaryimage"},"thumbnailUrl":"https:\/\/zadecu.org\/wp-content\/uploads\/2023\/11\/Eurochild.webp","datePublished":"2023-11-20T09:45:40+00:00","dateModified":"2023-11-20T09:45:42+00:00","description":"This report is based on assessments provided by\u00a038 Eurochild members in 26 countries\u00a0and provides\u00a0recommendations for each country","breadcrumb":{"@id":"https:\/\/zadecu.org\/en\/childrens-rights-political-will-or-wont\/#breadcrumb"},"inLanguage":"en-US","potentialAction":[{"@type":"ReadAction","target":["https:\/\/zadecu.org\/en\/childrens-rights-political-will-or-wont\/"]}]},{"@type":"ImageObject","inLanguage":"en-US","@id":"https:\/\/zadecu.org\/en\/childrens-rights-political-will-or-wont\/#primaryimage","url":"https:\/\/zadecu.org\/wp-content\/uploads\/2023\/11\/Eurochild.webp","contentUrl":"https:\/\/zadecu.org\/wp-content\/uploads\/2023\/11\/Eurochild.webp","width":1200,"height":675},{"@type":"BreadcrumbList","@id":"https:\/\/zadecu.org\/en\/childrens-rights-political-will-or-wont\/#breadcrumb","itemListElement":[{"@type":"ListItem","position":1,"name":"Home","item":"https:\/\/zadecu.org\/en\/"},{"@type":"ListItem","position":2,"name":"Children&#8217;s Rights: Political will or won&#8217;t?"}]},{"@type":"WebSite","@id":"https:\/\/zadecu.org\/#website","url":"https:\/\/zadecu.org\/","name":"Mre\u017ea organizacija za decu Srbije","description":"Savez organizacija civilnog dru\u0161tva koje se bave za\u0161titom i promocijom prava deteta u Srbiji","publisher":{"@id":"https:\/\/zadecu.org\/#organization"},"potentialAction":[{"@type":"SearchAction","target":{"@type":"EntryPoint","urlTemplate":"https:\/\/zadecu.org\/?s={search_term_string}"},"query-input":{"@type":"PropertyValueSpecification","valueRequired":true,"valueName":"search_term_string"}}],"inLanguage":"en-US"},{"@type":"Organization","@id":"https:\/\/zadecu.org\/#organization","name":"Mre\u017ea organizacija za decu Srbije MODS","url":"https:\/\/zadecu.org\/","logo":{"@type":"ImageObject","inLanguage":"en-US","@id":"https:\/\/zadecu.org\/#\/schema\/logo\/image\/","url":"http:\/\/zadecu.org\/wp-content\/uploads\/2019\/07\/MODS_logo_veci.jpg","contentUrl":"http:\/\/zadecu.org\/wp-content\/uploads\/2019\/07\/MODS_logo_veci.jpg","width":798,"height":335,"caption":"Mre\u017ea organizacija za decu Srbije MODS"},"image":{"@id":"https:\/\/zadecu.org\/#\/schema\/logo\/image\/"},"sameAs":["https:\/\/www.facebook.com\/zadecuMODS\/","https:\/\/x.com\/zadecuMODS","https:\/\/www.instagram.com\/zadecuMODS\/","https:\/\/www.youtube.com\/channel\/UC1JWUdo0NzgZJFne1EdFX9A"]},{"@type":"Person","@id":"https:\/\/zadecu.org\/#\/schema\/person\/ad4f6997e66e4470c1ef6d15dd97b57e","name":"MODS","image":{"@type":"ImageObject","inLanguage":"en-US","@id":"https:\/\/secure.gravatar.com\/avatar\/60ee1947f5945cecca76529f5ef348f68d8e771648dbf26d5a30dac2000a09f7?s=96&d=mm&r=g","url":"https:\/\/secure.gravatar.com\/avatar\/60ee1947f5945cecca76529f5ef348f68d8e771648dbf26d5a30dac2000a09f7?s=96&d=mm&r=g","contentUrl":"https:\/\/secure.gravatar.com\/avatar\/60ee1947f5945cecca76529f5ef348f68d8e771648dbf26d5a30dac2000a09f7?s=96&d=mm&r=g","caption":"MODS"},"sameAs":["https:\/\/www.facebook.com\/zadecuMODS\/","https:\/\/x.com\/zadecuMODS"],"url":"https:\/\/zadecu.org\/en\/author\/ognjen\/"}]}},"_links":{"self":[{"href":"https:\/\/zadecu.org\/en\/wp-json\/wp\/v2\/posts\/11787","targetHints":{"allow":["GET"]}}],"collection":[{"href":"https:\/\/zadecu.org\/en\/wp-json\/wp\/v2\/posts"}],"about":[{"href":"https:\/\/zadecu.org\/en\/wp-json\/wp\/v2\/types\/post"}],"author":[{"embeddable":true,"href":"https:\/\/zadecu.org\/en\/wp-json\/wp\/v2\/users\/3"}],"replies":[{"embeddable":true,"href":"https:\/\/zadecu.org\/en\/wp-json\/wp\/v2\/comments?post=11787"}],"version-history":[{"count":0,"href":"https:\/\/zadecu.org\/en\/wp-json\/wp\/v2\/posts\/11787\/revisions"}],"wp:featuredmedia":[{"embeddable":true,"href":"https:\/\/zadecu.org\/en\/wp-json\/wp\/v2\/media\/11788"}],"wp:attachment":[{"href":"https:\/\/zadecu.org\/en\/wp-json\/wp\/v2\/media?parent=11787"}],"wp:term":[{"taxonomy":"category","embeddable":true,"href":"https:\/\/zadecu.org\/en\/wp-json\/wp\/v2\/categories?post=11787"},{"taxonomy":"post_tag","embeddable":true,"href":"https:\/\/zadecu.org\/en\/wp-json\/wp\/v2\/tags?post=11787"}],"curies":[{"name":"wp","href":"https:\/\/api.w.org\/{rel}","templated":true}]}}