
{"id":11719,"date":"2023-09-30T08:08:00","date_gmt":"2023-09-30T08:08:00","guid":{"rendered":"https:\/\/zadecu.org\/?p=11719"},"modified":"2023-10-30T08:11:31","modified_gmt":"2023-10-30T08:11:31","slug":"launch-of-general-comment-no-26-2023-on-childrens-rights-and-the-environment-with-a-special-focus-on-climate-change","status":"publish","type":"post","link":"https:\/\/zadecu.org\/en\/launch-of-general-comment-no-26-2023-on-childrens-rights-and-the-environment-with-a-special-focus-on-climate-change\/","title":{"rendered":"Launch of general comment No. 26 (2023) on children\u2019s rights and the environment, with a special focus on climate change"},"content":{"rendered":"<h6 class=\"h1\" style=\"text-align: center;\">UN Committee on the Rights of the Child calls on states to take action in first guidance on children&#8217;s rights and the environment, with a focus on climate change<\/h6>\n<p style=\"font-weight: 400; text-align: justify;\"><strong>GENEVA\/NEW YORK, 28 August 2023 &#8211;<\/strong>\u00a0For the first time, the United Nations Committee on the Rights of the Child has explicitly affirmed the children\u2019s right to a clean, healthy and sustainable environment, issuing comprehensive interpretation of Member States\u2019 obligations under the UN Convention on the Rights of the Child.<\/p>\n<p style=\"font-weight: 400; text-align: justify;\">This Convention, created in 1989 and ratified by 196 states, outlines universal children\u2019s rights such as the right to life, survival and development, and the right to health. A General Comment provides legal guidance on what these rights imply for a specific topic or area of legislation. The now published \u201cGeneral Comment No. 26 on children\u2019s rights and the environment with a special focus on climate change\u201d, explicitly addresses the climate emergency, the collapse of biodiversity and pervasive pollution, outlining countermeasures to protect the lives and life perspectives of children. Philip Jaff\u00e9, member of the United Nations Committee on the Rights of the Child states:<\/p>\n<p style=\"font-weight: 400; text-align: justify;\">\u201cChildren worldwide have been leading the fight against climate change; calling on their governments and corporations to take action to protect the planet and their future. With its General Comment No. 26, the Committee on the Rights of the Child not only echoes and amplifies children\u2019s voices, but also clearly defines the rights of children in relation to the environment that States Parties should respect, protect and fulfil\u2026 collectively and urgently!\u201d<\/p>\n<p style=\"font-weight: 400; text-align: justify;\">\u201cThis new General Comment marks a vital step forward in the recognition that every child on Earth has the right to live in a clean, healthy and sustainable environment. Governments must now take urgent action to address the global environmental crisis in order to breathe life into these inspiring words,\u201d says David Boyd, UN Special Rapporteur on Human Rights and the Environment.<\/p>\n<p style=\"font-weight: 400; text-align: justify;\">General Comment No. 26 specifies that States are responsible not only for protecting children\u2019s rights from immediate harm, but also for foreseeable violations of their rights in the future due to States\u2019 acts \u2014 or failure to act \u2014 today. Furthermore, it underlines that States can be held accountable not only for environmental harm occurring within their borders, but also for the harmful impacts of environmental damage and climate change beyond their borders. Particular attention is to be paid to disproportionate harm faced by children in disadvantaged situations.<\/p>\n<p style=\"font-weight: 400; text-align: justify;\">The 196 States that have ratified the Convention on the Rights of the Child are urged to take immediate action including organizing the phase out of coal, oil and natural gas and shifting to renewable energy sources, improving air quality and ensuring access to clean water, transforming industrial agriculture and fisheries to produce healthy and sustainable food, and protecting biodiversity.<\/p>\n<p style=\"font-weight: 400; text-align: justify;\">The guidance states that children\u2019s views must be considered in environmental decision-making and stresses the critical role of environmental education in preparing children to take action, advocate, and protect themselves from environmental harm. General Comment No. 26 itself is the outcome of global and intergenerational engagement, including broad consultation with Member States, international and regional organizations, such as United Nations entities and specialized bodies, national human rights institutions, civil society organizations and children themselves.<\/p>\n<p style=\"font-weight: 400; text-align: justify;\">Joshua Hofert, Executive Director of Terre des Hommes Germany, states: \u201cChildren are the least responsible for the climate crisis but suffer most from its consequences: every year 1.7 million children under the age of five lose their lives due to avoidable environmental damage. And yet, children and young people are under-represented in virtually all decision-making processes on environmental policy. With General Comment No. 26, we have tried to change this: with more than 16,000 contributions from children across 121 countries, this has been one of the most inclusive child participation processes at UN level to date. As Terre des Hommes, we are proud to have coordinated this extraordinary General Comment process with the UN Committee on the Rights of the Child.\u201d<\/p>\n<p style=\"font-weight: 400; text-align: justify;\">Terre des Hommes \u2014 the Committee\u2019s official partner for the development of General Comment No. 26 \u2014 led a process with multi-level stakeholders, significantly involving and engaging children through online consultations to inform the shape and substance of the text. The international child rights organization coordinated a global Advisory Board of experts and a team of 12 child advisors aged 11 \u2013 17 to support the Committee. The United Nations Children&#8217;s Fund (UNICEF), as a member of the Advisory Board, provided further technical expertise and helped collect views from children around the world as part of the consultation process.<\/p>\n<p style=\"font-weight: 400; text-align: justify;\">One of the child advisors, \u0100niva, a 17-year-old climate and child rights activist from the Pacific Islands, comments: \u201cTo me, the General Comment means worldwide change that is necessary as we move forward in fighting environmental issues and take global action in protecting our planet for our generation and the generations to come. It gives children a stronger basis in international law to enforce our Rights to a Healthy Environment. Globally, we are seeing more action for people to protect the environment through Human Rights and GC26 forms an important part of this.\u201d<\/p>\n<p style=\"font-weight: 400; text-align: justify;\">General Comment No. 26 assists in interpreting States\u2019 commitment under the Paris Agreement to respect, promote and consider their child rights obligations when taking action to address climate change. It also makes it clear that child rights impact assessments must be undertaken for all environment-related legislation, policies and projects, regulations, budget or other decisions. States will have to report periodically to the UN Committee on relevant progress they have made in protecting children\u2019s environmental rights.<\/p>\n<p style=\"font-weight: 400; text-align: justify;\">\u201cClimate financing and policy decisions continue to neglect the needs of children,\u201d said Paloma Escudero, UNICEF Special Adviser on Advocacy for Child Rights and Climate Action. \u201cThis must change. The General Comment is an urgent call for countries to prioritize action in every aspect of childhood impacted by climate change, such as a child\u2019s right to education, to safe water and a healthy environment. The climate crisis is a child rights crisis. Every government has an obligation to protect the rights of every child in every corner of the planet, especially those boys and girls living in countries that have contributed least to this problem but are enduring the most dangerous floods, droughts, storms and heat.\u201d<\/p>\n<p style=\"font-weight: 400;\"><strong>Ge<\/strong><strong>neral Comment No. 26 can be accessed\u00a0<a href=\"https:\/\/www.ohchr.org\/en\/documents\/general-comments-and-recommendations\/general-comment-no-26-childrens-rights-and\">here.<\/a><\/strong><\/p>\n<p style=\"font-weight: 400; text-align: justify;\">Child-friendly versions of General Comment No. 26 are available <a href=\"https:\/\/www.ohchr.org\/sites\/default\/files\/documents\/hrbodies\/crc\/gcomments\/gc26\/2023\/GC26-Child-Friendly-Version_English.pdf\">here<\/a>. An animation of the child-friendly version is also available\u00a0<a href=\"https:\/\/youtu.be\/88ytWDLmyC8\">https:\/\/youtu.be\/88ytWDLmyC8<\/a><\/p>\n<p style=\"font-weight: 400;\">More information about General Comment No.26 can be found at:\u00a0<a href=\"http:\/\/www.childrightsenvironment.org\/\">childrightsenvironment.org<\/a><\/p>\n<p>Source: <a href=\"https:\/\/www.unicef.org\/lac\/en\/press-releases\/un-committee-rights-child-calls-states-take-action-general-comment-26-childrens-rights-environment-cimate-change\">UNICEF<\/a><\/p>\n","protected":false},"excerpt":{"rendered":"<p>UN Committee on the Rights of the Child calls on states to take action in first guidance on children&#8217;s rights and the environment, with a focus on climate change GENEVA\/NEW YORK, 28 August 2023 &#8211;\u00a0For the first time, the United Nations Committee on the Rights of the Child has explicitly affirmed the children\u2019s right to [&hellip;]<\/p>\n","protected":false},"author":3,"featured_media":11721,"comment_status":"closed","ping_status":"open","sticky":false,"template":"","format":"standard","meta":{"footnotes":""},"categories":[52],"tags":[117],"class_list":["post-11719","post","type-post","status-publish","format-standard","has-post-thumbnail","hentry","category-uncategorized","tag-convention-on-the-rights-of-the-child"],"yoast_head":"<!-- This site is optimized with the Yoast SEO plugin v28.0 - https:\/\/yoast.com\/product\/yoast-seo-wordpress\/ -->\n<title>Launch of general comment No. 26 (2023) on children\u2019s rights and the environment, with a special focus on climate change - Mre\u017ea organizacija za decu Srbije<\/title>\n<meta name=\"description\" content=\"UN Committee on the Rights of the Child calls on states to take action in first guidance on children&#039;s rights and the environment\" \/>\n<meta name=\"robots\" content=\"index, follow, max-snippet:-1, max-image-preview:large, max-video-preview:-1\" \/>\n<link rel=\"canonical\" href=\"https:\/\/zadecu.org\/en\/launch-of-general-comment-no-26-2023-on-childrens-rights-and-the-environment-with-a-special-focus-on-climate-change\/\" \/>\n<meta property=\"og:locale\" content=\"en_US\" \/>\n<meta property=\"og:type\" content=\"article\" \/>\n<meta property=\"og:title\" content=\"Launch of general comment No. 26 (2023) on children\u2019s rights and the environment, with a special focus on climate change - Mre\u017ea organizacija za decu Srbije\" \/>\n<meta property=\"og:description\" content=\"UN Committee on the Rights of the Child calls on states to take action in first guidance on children&#039;s rights and the environment\" \/>\n<meta property=\"og:url\" content=\"https:\/\/zadecu.org\/en\/launch-of-general-comment-no-26-2023-on-childrens-rights-and-the-environment-with-a-special-focus-on-climate-change\/\" \/>\n<meta property=\"og:site_name\" content=\"Mre\u017ea organizacija za decu Srbije\" \/>\n<meta property=\"article:publisher\" content=\"https:\/\/www.facebook.com\/zadecuMODS\/\" \/>\n<meta property=\"article:author\" content=\"https:\/\/www.facebook.com\/zadecuMODS\/\" \/>\n<meta property=\"article:published_time\" content=\"2023-09-30T08:08:00+00:00\" \/>\n<meta property=\"article:modified_time\" content=\"2023-10-30T08:11:31+00:00\" \/>\n<meta property=\"og:image\" content=\"https:\/\/zadecu.org\/wp-content\/uploads\/2023\/10\/general-comment-No.-26-_11zon.webp\" \/>\n\t<meta property=\"og:image:width\" content=\"788\" \/>\n\t<meta property=\"og:image:height\" content=\"512\" \/>\n\t<meta property=\"og:image:type\" content=\"image\/webp\" \/>\n<meta name=\"author\" content=\"MODS\" \/>\n<meta name=\"twitter:card\" content=\"summary_large_image\" \/>\n<meta name=\"twitter:creator\" content=\"@zadecuMODS\" \/>\n<meta name=\"twitter:site\" content=\"@zadecuMODS\" \/>\n<meta name=\"twitter:label1\" content=\"Written by\" \/>\n\t<meta name=\"twitter:data1\" content=\"MODS\" \/>\n\t<meta name=\"twitter:label2\" content=\"Est. reading time\" \/>\n\t<meta name=\"twitter:data2\" content=\"6 minutes\" \/>\n<script type=\"application\/ld+json\" class=\"yoast-schema-graph\">{\"@context\":\"https:\\\/\\\/schema.org\",\"@graph\":[{\"@type\":\"Article\",\"@id\":\"https:\\\/\\\/zadecu.org\\\/en\\\/launch-of-general-comment-no-26-2023-on-childrens-rights-and-the-environment-with-a-special-focus-on-climate-change\\\/#article\",\"isPartOf\":{\"@id\":\"https:\\\/\\\/zadecu.org\\\/en\\\/launch-of-general-comment-no-26-2023-on-childrens-rights-and-the-environment-with-a-special-focus-on-climate-change\\\/\"},\"author\":{\"name\":\"MODS\",\"@id\":\"https:\\\/\\\/zadecu.org\\\/#\\\/schema\\\/person\\\/ad4f6997e66e4470c1ef6d15dd97b57e\"},\"headline\":\"Launch of general comment No. 26 (2023) on children\u2019s rights and the environment, with a special focus on climate change\",\"datePublished\":\"2023-09-30T08:08:00+00:00\",\"dateModified\":\"2023-10-30T08:11:31+00:00\",\"mainEntityOfPage\":{\"@id\":\"https:\\\/\\\/zadecu.org\\\/en\\\/launch-of-general-comment-no-26-2023-on-childrens-rights-and-the-environment-with-a-special-focus-on-climate-change\\\/\"},\"wordCount\":1095,\"publisher\":{\"@id\":\"https:\\\/\\\/zadecu.org\\\/#organization\"},\"image\":{\"@id\":\"https:\\\/\\\/zadecu.org\\\/en\\\/launch-of-general-comment-no-26-2023-on-childrens-rights-and-the-environment-with-a-special-focus-on-climate-change\\\/#primaryimage\"},\"thumbnailUrl\":\"https:\\\/\\\/zadecu.org\\\/wp-content\\\/uploads\\\/2023\\\/10\\\/general-comment-No.-26-_11zon.webp\",\"keywords\":[\"Convention on the Rights of the Child\"],\"articleSection\":[\"News\"],\"inLanguage\":\"en-US\"},{\"@type\":\"WebPage\",\"@id\":\"https:\\\/\\\/zadecu.org\\\/en\\\/launch-of-general-comment-no-26-2023-on-childrens-rights-and-the-environment-with-a-special-focus-on-climate-change\\\/\",\"url\":\"https:\\\/\\\/zadecu.org\\\/en\\\/launch-of-general-comment-no-26-2023-on-childrens-rights-and-the-environment-with-a-special-focus-on-climate-change\\\/\",\"name\":\"Launch of general comment No. 26 (2023) on children\u2019s rights and the environment, with a special focus on climate change - Mre\u017ea organizacija za decu Srbije\",\"isPartOf\":{\"@id\":\"https:\\\/\\\/zadecu.org\\\/#website\"},\"primaryImageOfPage\":{\"@id\":\"https:\\\/\\\/zadecu.org\\\/en\\\/launch-of-general-comment-no-26-2023-on-childrens-rights-and-the-environment-with-a-special-focus-on-climate-change\\\/#primaryimage\"},\"image\":{\"@id\":\"https:\\\/\\\/zadecu.org\\\/en\\\/launch-of-general-comment-no-26-2023-on-childrens-rights-and-the-environment-with-a-special-focus-on-climate-change\\\/#primaryimage\"},\"thumbnailUrl\":\"https:\\\/\\\/zadecu.org\\\/wp-content\\\/uploads\\\/2023\\\/10\\\/general-comment-No.-26-_11zon.webp\",\"datePublished\":\"2023-09-30T08:08:00+00:00\",\"dateModified\":\"2023-10-30T08:11:31+00:00\",\"description\":\"UN Committee on the Rights of the Child calls on states to take action in first guidance on children's rights and the environment\",\"breadcrumb\":{\"@id\":\"https:\\\/\\\/zadecu.org\\\/en\\\/launch-of-general-comment-no-26-2023-on-childrens-rights-and-the-environment-with-a-special-focus-on-climate-change\\\/#breadcrumb\"},\"inLanguage\":\"en-US\",\"potentialAction\":[{\"@type\":\"ReadAction\",\"target\":[\"https:\\\/\\\/zadecu.org\\\/en\\\/launch-of-general-comment-no-26-2023-on-childrens-rights-and-the-environment-with-a-special-focus-on-climate-change\\\/\"]}]},{\"@type\":\"ImageObject\",\"inLanguage\":\"en-US\",\"@id\":\"https:\\\/\\\/zadecu.org\\\/en\\\/launch-of-general-comment-no-26-2023-on-childrens-rights-and-the-environment-with-a-special-focus-on-climate-change\\\/#primaryimage\",\"url\":\"https:\\\/\\\/zadecu.org\\\/wp-content\\\/uploads\\\/2023\\\/10\\\/general-comment-No.-26-_11zon.webp\",\"contentUrl\":\"https:\\\/\\\/zadecu.org\\\/wp-content\\\/uploads\\\/2023\\\/10\\\/general-comment-No.-26-_11zon.webp\",\"width\":788,\"height\":512},{\"@type\":\"BreadcrumbList\",\"@id\":\"https:\\\/\\\/zadecu.org\\\/en\\\/launch-of-general-comment-no-26-2023-on-childrens-rights-and-the-environment-with-a-special-focus-on-climate-change\\\/#breadcrumb\",\"itemListElement\":[{\"@type\":\"ListItem\",\"position\":1,\"name\":\"Home\",\"item\":\"https:\\\/\\\/zadecu.org\\\/en\\\/\"},{\"@type\":\"ListItem\",\"position\":2,\"name\":\"Launch of general comment No. 26 (2023) on children\u2019s rights and the environment, with a special focus on climate change\"}]},{\"@type\":\"WebSite\",\"@id\":\"https:\\\/\\\/zadecu.org\\\/#website\",\"url\":\"https:\\\/\\\/zadecu.org\\\/\",\"name\":\"Mre\u017ea organizacija za decu Srbije\",\"description\":\"Savez organizacija civilnog dru\u0161tva koje se bave za\u0161titom i promocijom prava deteta u Srbiji\",\"publisher\":{\"@id\":\"https:\\\/\\\/zadecu.org\\\/#organization\"},\"potentialAction\":[{\"@type\":\"SearchAction\",\"target\":{\"@type\":\"EntryPoint\",\"urlTemplate\":\"https:\\\/\\\/zadecu.org\\\/?s={search_term_string}\"},\"query-input\":{\"@type\":\"PropertyValueSpecification\",\"valueRequired\":true,\"valueName\":\"search_term_string\"}}],\"inLanguage\":\"en-US\"},{\"@type\":\"Organization\",\"@id\":\"https:\\\/\\\/zadecu.org\\\/#organization\",\"name\":\"Mre\u017ea organizacija za decu Srbije MODS\",\"url\":\"https:\\\/\\\/zadecu.org\\\/\",\"logo\":{\"@type\":\"ImageObject\",\"inLanguage\":\"en-US\",\"@id\":\"https:\\\/\\\/zadecu.org\\\/#\\\/schema\\\/logo\\\/image\\\/\",\"url\":\"http:\\\/\\\/zadecu.org\\\/wp-content\\\/uploads\\\/2019\\\/07\\\/MODS_logo_veci.jpg\",\"contentUrl\":\"http:\\\/\\\/zadecu.org\\\/wp-content\\\/uploads\\\/2019\\\/07\\\/MODS_logo_veci.jpg\",\"width\":798,\"height\":335,\"caption\":\"Mre\u017ea organizacija za decu Srbije MODS\"},\"image\":{\"@id\":\"https:\\\/\\\/zadecu.org\\\/#\\\/schema\\\/logo\\\/image\\\/\"},\"sameAs\":[\"https:\\\/\\\/www.facebook.com\\\/zadecuMODS\\\/\",\"https:\\\/\\\/x.com\\\/zadecuMODS\",\"https:\\\/\\\/www.instagram.com\\\/zadecuMODS\\\/\",\"https:\\\/\\\/www.youtube.com\\\/channel\\\/UC1JWUdo0NzgZJFne1EdFX9A\"]},{\"@type\":\"Person\",\"@id\":\"https:\\\/\\\/zadecu.org\\\/#\\\/schema\\\/person\\\/ad4f6997e66e4470c1ef6d15dd97b57e\",\"name\":\"MODS\",\"image\":{\"@type\":\"ImageObject\",\"inLanguage\":\"en-US\",\"@id\":\"https:\\\/\\\/secure.gravatar.com\\\/avatar\\\/60ee1947f5945cecca76529f5ef348f68d8e771648dbf26d5a30dac2000a09f7?s=96&d=mm&r=g\",\"url\":\"https:\\\/\\\/secure.gravatar.com\\\/avatar\\\/60ee1947f5945cecca76529f5ef348f68d8e771648dbf26d5a30dac2000a09f7?s=96&d=mm&r=g\",\"contentUrl\":\"https:\\\/\\\/secure.gravatar.com\\\/avatar\\\/60ee1947f5945cecca76529f5ef348f68d8e771648dbf26d5a30dac2000a09f7?s=96&d=mm&r=g\",\"caption\":\"MODS\"},\"sameAs\":[\"https:\\\/\\\/www.facebook.com\\\/zadecuMODS\\\/\",\"https:\\\/\\\/x.com\\\/zadecuMODS\"],\"url\":\"https:\\\/\\\/zadecu.org\\\/en\\\/author\\\/ognjen\\\/\"}]}<\/script>\n<!-- \/ Yoast SEO plugin. -->","yoast_head_json":{"title":"Launch of general comment No. 26 (2023) on children\u2019s rights and the environment, with a special focus on climate change - Mre\u017ea organizacija za decu Srbije","description":"UN Committee on the Rights of the Child calls on states to take action in first guidance on children's rights and the environment","robots":{"index":"index","follow":"follow","max-snippet":"max-snippet:-1","max-image-preview":"max-image-preview:large","max-video-preview":"max-video-preview:-1"},"canonical":"https:\/\/zadecu.org\/en\/launch-of-general-comment-no-26-2023-on-childrens-rights-and-the-environment-with-a-special-focus-on-climate-change\/","og_locale":"en_US","og_type":"article","og_title":"Launch of general comment No. 26 (2023) on children\u2019s rights and the environment, with a special focus on climate change - Mre\u017ea organizacija za decu Srbije","og_description":"UN Committee on the Rights of the Child calls on states to take action in first guidance on children's rights and the environment","og_url":"https:\/\/zadecu.org\/en\/launch-of-general-comment-no-26-2023-on-childrens-rights-and-the-environment-with-a-special-focus-on-climate-change\/","og_site_name":"Mre\u017ea organizacija za decu Srbije","article_publisher":"https:\/\/www.facebook.com\/zadecuMODS\/","article_author":"https:\/\/www.facebook.com\/zadecuMODS\/","article_published_time":"2023-09-30T08:08:00+00:00","article_modified_time":"2023-10-30T08:11:31+00:00","og_image":[{"width":788,"height":512,"url":"https:\/\/zadecu.org\/wp-content\/uploads\/2023\/10\/general-comment-No.-26-_11zon.webp","type":"image\/webp"}],"author":"MODS","twitter_card":"summary_large_image","twitter_creator":"@zadecuMODS","twitter_site":"@zadecuMODS","twitter_misc":{"Written by":"MODS","Est. reading time":"6 minutes"},"schema":{"@context":"https:\/\/schema.org","@graph":[{"@type":"Article","@id":"https:\/\/zadecu.org\/en\/launch-of-general-comment-no-26-2023-on-childrens-rights-and-the-environment-with-a-special-focus-on-climate-change\/#article","isPartOf":{"@id":"https:\/\/zadecu.org\/en\/launch-of-general-comment-no-26-2023-on-childrens-rights-and-the-environment-with-a-special-focus-on-climate-change\/"},"author":{"name":"MODS","@id":"https:\/\/zadecu.org\/#\/schema\/person\/ad4f6997e66e4470c1ef6d15dd97b57e"},"headline":"Launch of general comment No. 26 (2023) on children\u2019s rights and the environment, with a special focus on climate change","datePublished":"2023-09-30T08:08:00+00:00","dateModified":"2023-10-30T08:11:31+00:00","mainEntityOfPage":{"@id":"https:\/\/zadecu.org\/en\/launch-of-general-comment-no-26-2023-on-childrens-rights-and-the-environment-with-a-special-focus-on-climate-change\/"},"wordCount":1095,"publisher":{"@id":"https:\/\/zadecu.org\/#organization"},"image":{"@id":"https:\/\/zadecu.org\/en\/launch-of-general-comment-no-26-2023-on-childrens-rights-and-the-environment-with-a-special-focus-on-climate-change\/#primaryimage"},"thumbnailUrl":"https:\/\/zadecu.org\/wp-content\/uploads\/2023\/10\/general-comment-No.-26-_11zon.webp","keywords":["Convention on the Rights of the Child"],"articleSection":["News"],"inLanguage":"en-US"},{"@type":"WebPage","@id":"https:\/\/zadecu.org\/en\/launch-of-general-comment-no-26-2023-on-childrens-rights-and-the-environment-with-a-special-focus-on-climate-change\/","url":"https:\/\/zadecu.org\/en\/launch-of-general-comment-no-26-2023-on-childrens-rights-and-the-environment-with-a-special-focus-on-climate-change\/","name":"Launch of general comment No. 26 (2023) on children\u2019s rights and the environment, with a special focus on climate change - Mre\u017ea organizacija za decu Srbije","isPartOf":{"@id":"https:\/\/zadecu.org\/#website"},"primaryImageOfPage":{"@id":"https:\/\/zadecu.org\/en\/launch-of-general-comment-no-26-2023-on-childrens-rights-and-the-environment-with-a-special-focus-on-climate-change\/#primaryimage"},"image":{"@id":"https:\/\/zadecu.org\/en\/launch-of-general-comment-no-26-2023-on-childrens-rights-and-the-environment-with-a-special-focus-on-climate-change\/#primaryimage"},"thumbnailUrl":"https:\/\/zadecu.org\/wp-content\/uploads\/2023\/10\/general-comment-No.-26-_11zon.webp","datePublished":"2023-09-30T08:08:00+00:00","dateModified":"2023-10-30T08:11:31+00:00","description":"UN Committee on the Rights of the Child calls on states to take action in first guidance on children's rights and the environment","breadcrumb":{"@id":"https:\/\/zadecu.org\/en\/launch-of-general-comment-no-26-2023-on-childrens-rights-and-the-environment-with-a-special-focus-on-climate-change\/#breadcrumb"},"inLanguage":"en-US","potentialAction":[{"@type":"ReadAction","target":["https:\/\/zadecu.org\/en\/launch-of-general-comment-no-26-2023-on-childrens-rights-and-the-environment-with-a-special-focus-on-climate-change\/"]}]},{"@type":"ImageObject","inLanguage":"en-US","@id":"https:\/\/zadecu.org\/en\/launch-of-general-comment-no-26-2023-on-childrens-rights-and-the-environment-with-a-special-focus-on-climate-change\/#primaryimage","url":"https:\/\/zadecu.org\/wp-content\/uploads\/2023\/10\/general-comment-No.-26-_11zon.webp","contentUrl":"https:\/\/zadecu.org\/wp-content\/uploads\/2023\/10\/general-comment-No.-26-_11zon.webp","width":788,"height":512},{"@type":"BreadcrumbList","@id":"https:\/\/zadecu.org\/en\/launch-of-general-comment-no-26-2023-on-childrens-rights-and-the-environment-with-a-special-focus-on-climate-change\/#breadcrumb","itemListElement":[{"@type":"ListItem","position":1,"name":"Home","item":"https:\/\/zadecu.org\/en\/"},{"@type":"ListItem","position":2,"name":"Launch of general comment No. 26 (2023) on children\u2019s rights and the environment, with a special focus on climate change"}]},{"@type":"WebSite","@id":"https:\/\/zadecu.org\/#website","url":"https:\/\/zadecu.org\/","name":"Mre\u017ea organizacija za decu Srbije","description":"Savez organizacija civilnog dru\u0161tva koje se bave za\u0161titom i promocijom prava deteta u Srbiji","publisher":{"@id":"https:\/\/zadecu.org\/#organization"},"potentialAction":[{"@type":"SearchAction","target":{"@type":"EntryPoint","urlTemplate":"https:\/\/zadecu.org\/?s={search_term_string}"},"query-input":{"@type":"PropertyValueSpecification","valueRequired":true,"valueName":"search_term_string"}}],"inLanguage":"en-US"},{"@type":"Organization","@id":"https:\/\/zadecu.org\/#organization","name":"Mre\u017ea organizacija za decu Srbije MODS","url":"https:\/\/zadecu.org\/","logo":{"@type":"ImageObject","inLanguage":"en-US","@id":"https:\/\/zadecu.org\/#\/schema\/logo\/image\/","url":"http:\/\/zadecu.org\/wp-content\/uploads\/2019\/07\/MODS_logo_veci.jpg","contentUrl":"http:\/\/zadecu.org\/wp-content\/uploads\/2019\/07\/MODS_logo_veci.jpg","width":798,"height":335,"caption":"Mre\u017ea organizacija za decu Srbije MODS"},"image":{"@id":"https:\/\/zadecu.org\/#\/schema\/logo\/image\/"},"sameAs":["https:\/\/www.facebook.com\/zadecuMODS\/","https:\/\/x.com\/zadecuMODS","https:\/\/www.instagram.com\/zadecuMODS\/","https:\/\/www.youtube.com\/channel\/UC1JWUdo0NzgZJFne1EdFX9A"]},{"@type":"Person","@id":"https:\/\/zadecu.org\/#\/schema\/person\/ad4f6997e66e4470c1ef6d15dd97b57e","name":"MODS","image":{"@type":"ImageObject","inLanguage":"en-US","@id":"https:\/\/secure.gravatar.com\/avatar\/60ee1947f5945cecca76529f5ef348f68d8e771648dbf26d5a30dac2000a09f7?s=96&d=mm&r=g","url":"https:\/\/secure.gravatar.com\/avatar\/60ee1947f5945cecca76529f5ef348f68d8e771648dbf26d5a30dac2000a09f7?s=96&d=mm&r=g","contentUrl":"https:\/\/secure.gravatar.com\/avatar\/60ee1947f5945cecca76529f5ef348f68d8e771648dbf26d5a30dac2000a09f7?s=96&d=mm&r=g","caption":"MODS"},"sameAs":["https:\/\/www.facebook.com\/zadecuMODS\/","https:\/\/x.com\/zadecuMODS"],"url":"https:\/\/zadecu.org\/en\/author\/ognjen\/"}]}},"_links":{"self":[{"href":"https:\/\/zadecu.org\/en\/wp-json\/wp\/v2\/posts\/11719","targetHints":{"allow":["GET"]}}],"collection":[{"href":"https:\/\/zadecu.org\/en\/wp-json\/wp\/v2\/posts"}],"about":[{"href":"https:\/\/zadecu.org\/en\/wp-json\/wp\/v2\/types\/post"}],"author":[{"embeddable":true,"href":"https:\/\/zadecu.org\/en\/wp-json\/wp\/v2\/users\/3"}],"replies":[{"embeddable":true,"href":"https:\/\/zadecu.org\/en\/wp-json\/wp\/v2\/comments?post=11719"}],"version-history":[{"count":0,"href":"https:\/\/zadecu.org\/en\/wp-json\/wp\/v2\/posts\/11719\/revisions"}],"wp:featuredmedia":[{"embeddable":true,"href":"https:\/\/zadecu.org\/en\/wp-json\/wp\/v2\/media\/11721"}],"wp:attachment":[{"href":"https:\/\/zadecu.org\/en\/wp-json\/wp\/v2\/media?parent=11719"}],"wp:term":[{"taxonomy":"category","embeddable":true,"href":"https:\/\/zadecu.org\/en\/wp-json\/wp\/v2\/categories?post=11719"},{"taxonomy":"post_tag","embeddable":true,"href":"https:\/\/zadecu.org\/en\/wp-json\/wp\/v2\/tags?post=11719"}],"curies":[{"name":"wp","href":"https:\/\/api.w.org\/{rel}","templated":true}]}}