
{"id":11329,"date":"2023-05-29T08:09:00","date_gmt":"2023-05-29T08:09:00","guid":{"rendered":"https:\/\/zadecu.org\/?p=11329"},"modified":"2023-05-29T08:09:01","modified_gmt":"2023-05-29T08:09:01","slug":"the-child-rights-centre-starts-implementing-the-project-supporting-children-and-youth-wellbeing-and-child-rights-education","status":"publish","type":"post","link":"https:\/\/zadecu.org\/en\/the-child-rights-centre-starts-implementing-the-project-supporting-children-and-youth-wellbeing-and-child-rights-education\/","title":{"rendered":"The Child Rights Centre starts implementing the project &#8220;Supporting Children and Youth Wellbeing and child rights education&#8221;"},"content":{"rendered":"<p style=\"text-align: justify;\">Children who are placed in institutions for the education of children and youth are among the most vulnerable people in society. They often come from marginalized and vulnerable segments of the population and are exposed to a number of limitations such as the risk of abuse and neglect, extreme poverty, mental health problems, etc. This is a very sensitive area where children\u2019s rights are often violated, and the response is not always child-friendly or supportive of their individual development. They belong to the most stigmatized group of children in society, and due to the numerous prejudices they face at all levels, they are often exposed to public criticism, especially in cases of serious crimes.<\/p>\n<p style=\"text-align: justify;\">They usually come from dysfunctional families, and their actions are the result of years of neglect and lack of support since early childhood. Regardless of whether they are criminally responsible children who have committed criminal acts, children who are not criminally responsible, or children who have not committed a criminal act but are placed in institutions due to neglect by their parents or guardians, they face behavioral difficulties and multiple developmental challenges and disorders, including mental health disorders, and therefore require significant and specialized support from qualified educators, psychologists, pedagogues and similar professionals. Due to this combination of different risk factors and the extreme vulnerability of this group of children, justice and social protection systems play a key role in protecting their rights. However, they often do not receive timely and individualized support, the system\u2019s response is not always adapted to the child, and the child\u2019s rights are often violated.<\/p>\n<p style=\"text-align: justify;\">With the aim of improving the mental health of children in the Institute for Children and Youth in Belgrade, the CRC implements the project \u201cSupporting the wellbeing of children and youth and education about children\u2019s rights\u201d with the financial support of donors\u00a0<a href=\"https:\/\/www.iwc.rs\/\" target=\"_blank\" rel=\"noopener\" data-saferedirecturl=\"https:\/\/www.google.com\/url?q=https:\/\/www.iwc.rs\/&amp;source=gmail&amp;ust=1685433251554000&amp;usg=AOvVaw3Z-NrvTj1J-9Y6hiIpipHV\">International Women\u2019s Club\u00a0<\/a>(IWC).<\/p>\n<p style=\"text-align: justify;\">The project started on May 1, 2023 and will last until December 31, 2023. The project has two main components: Conducting the workshops on mental health and the rights of the child, with children from the Institute for Children and Youth in Belgrade and children from the Children\u2019s Club DX within the CRC, and second component is implementation of the campaign on social networks in order to raise awareness of the various issues which juvenile offenders are facing in order to actively reduce stigmatization.<\/p>\n<p>Source: <a href=\"https:\/\/cpd.org.rs\/the-child-rights-centre-starts-implementing-the-project-supporting-children-and-youth-wellbeing-and-child-rights-education\/?lang=en\">CPD<\/a><\/p>\n","protected":false},"excerpt":{"rendered":"<p>Children who are placed in institutions for the education of children and youth are among the most vulnerable people in society. They often come from marginalized and vulnerable segments of the population and are exposed to a number of limitations such as the risk of abuse and neglect, extreme poverty, mental health problems, etc. This [&hellip;]<\/p>\n","protected":false},"author":3,"featured_media":11321,"comment_status":"closed","ping_status":"open","sticky":false,"template":"","format":"standard","meta":{"footnotes":""},"categories":[283],"tags":[321,304],"class_list":["post-11329","post","type-post","status-publish","format-standard","has-post-thumbnail","hentry","category-mods-members","tag-clanice-mods-en","tag-prava-deteta-en"],"yoast_head":"<!-- This site is optimized with the Yoast SEO plugin v28.0 - https:\/\/yoast.com\/product\/yoast-seo-wordpress\/ -->\n<title>The Child Rights Centre starts implementing the project &quot;Supporting Children and Youth Wellbeing and child rights education&quot; - Mre\u017ea organizacija za decu Srbije<\/title>\n<meta name=\"description\" content=\"Children who are placed in institutions for the education of children and youth are among the most vulnerable people in society.\" \/>\n<meta name=\"robots\" content=\"index, follow, max-snippet:-1, max-image-preview:large, max-video-preview:-1\" \/>\n<link rel=\"canonical\" href=\"https:\/\/zadecu.org\/en\/the-child-rights-centre-starts-implementing-the-project-supporting-children-and-youth-wellbeing-and-child-rights-education\/\" \/>\n<meta property=\"og:locale\" content=\"en_US\" \/>\n<meta property=\"og:type\" content=\"article\" \/>\n<meta property=\"og:title\" content=\"The Child Rights Centre starts implementing the project &quot;Supporting Children and Youth Wellbeing and child rights education&quot; - Mre\u017ea organizacija za decu Srbije\" \/>\n<meta property=\"og:description\" content=\"Children who are placed in institutions for the education of children and youth are among the most vulnerable people in society.\" \/>\n<meta property=\"og:url\" content=\"https:\/\/zadecu.org\/en\/the-child-rights-centre-starts-implementing-the-project-supporting-children-and-youth-wellbeing-and-child-rights-education\/\" \/>\n<meta property=\"og:site_name\" content=\"Mre\u017ea organizacija za decu Srbije\" \/>\n<meta property=\"article:publisher\" content=\"https:\/\/www.facebook.com\/zadecuMODS\/\" \/>\n<meta property=\"article:author\" content=\"https:\/\/www.facebook.com\/zadecuMODS\/\" \/>\n<meta property=\"article:published_time\" content=\"2023-05-29T08:09:00+00:00\" \/>\n<meta property=\"article:modified_time\" content=\"2023-05-29T08:09:01+00:00\" \/>\n<meta property=\"og:image\" content=\"https:\/\/zadecu.org\/wp-content\/uploads\/2023\/05\/CPD.webp\" \/>\n\t<meta property=\"og:image:width\" content=\"1000\" \/>\n\t<meta property=\"og:image:height\" content=\"400\" \/>\n\t<meta property=\"og:image:type\" content=\"image\/webp\" \/>\n<meta name=\"author\" content=\"MODS\" \/>\n<meta name=\"twitter:card\" content=\"summary_large_image\" \/>\n<meta name=\"twitter:creator\" content=\"@zadecuMODS\" \/>\n<meta name=\"twitter:site\" content=\"@zadecuMODS\" \/>\n<meta name=\"twitter:label1\" content=\"Written by\" \/>\n\t<meta name=\"twitter:data1\" content=\"MODS\" \/>\n\t<meta name=\"twitter:label2\" content=\"Est. reading time\" \/>\n\t<meta name=\"twitter:data2\" content=\"3 minutes\" \/>\n<script type=\"application\/ld+json\" class=\"yoast-schema-graph\">{\"@context\":\"https:\\\/\\\/schema.org\",\"@graph\":[{\"@type\":\"Article\",\"@id\":\"https:\\\/\\\/zadecu.org\\\/en\\\/the-child-rights-centre-starts-implementing-the-project-supporting-children-and-youth-wellbeing-and-child-rights-education\\\/#article\",\"isPartOf\":{\"@id\":\"https:\\\/\\\/zadecu.org\\\/en\\\/the-child-rights-centre-starts-implementing-the-project-supporting-children-and-youth-wellbeing-and-child-rights-education\\\/\"},\"author\":{\"name\":\"MODS\",\"@id\":\"https:\\\/\\\/zadecu.org\\\/#\\\/schema\\\/person\\\/ad4f6997e66e4470c1ef6d15dd97b57e\"},\"headline\":\"The Child Rights Centre starts implementing the project &#8220;Supporting Children and Youth Wellbeing and child rights education&#8221;\",\"datePublished\":\"2023-05-29T08:09:00+00:00\",\"dateModified\":\"2023-05-29T08:09:01+00:00\",\"mainEntityOfPage\":{\"@id\":\"https:\\\/\\\/zadecu.org\\\/en\\\/the-child-rights-centre-starts-implementing-the-project-supporting-children-and-youth-wellbeing-and-child-rights-education\\\/\"},\"wordCount\":415,\"publisher\":{\"@id\":\"https:\\\/\\\/zadecu.org\\\/#organization\"},\"image\":{\"@id\":\"https:\\\/\\\/zadecu.org\\\/en\\\/the-child-rights-centre-starts-implementing-the-project-supporting-children-and-youth-wellbeing-and-child-rights-education\\\/#primaryimage\"},\"thumbnailUrl\":\"https:\\\/\\\/zadecu.org\\\/wp-content\\\/uploads\\\/2023\\\/05\\\/CPD.webp\",\"keywords\":[\"\u010clanice MODS\",\"Prava deteta\"],\"articleSection\":[\"MODS members\"],\"inLanguage\":\"en-US\"},{\"@type\":\"WebPage\",\"@id\":\"https:\\\/\\\/zadecu.org\\\/en\\\/the-child-rights-centre-starts-implementing-the-project-supporting-children-and-youth-wellbeing-and-child-rights-education\\\/\",\"url\":\"https:\\\/\\\/zadecu.org\\\/en\\\/the-child-rights-centre-starts-implementing-the-project-supporting-children-and-youth-wellbeing-and-child-rights-education\\\/\",\"name\":\"The Child Rights Centre starts implementing the project \\\"Supporting Children and Youth Wellbeing and child rights education\\\" - Mre\u017ea organizacija za decu Srbije\",\"isPartOf\":{\"@id\":\"https:\\\/\\\/zadecu.org\\\/#website\"},\"primaryImageOfPage\":{\"@id\":\"https:\\\/\\\/zadecu.org\\\/en\\\/the-child-rights-centre-starts-implementing-the-project-supporting-children-and-youth-wellbeing-and-child-rights-education\\\/#primaryimage\"},\"image\":{\"@id\":\"https:\\\/\\\/zadecu.org\\\/en\\\/the-child-rights-centre-starts-implementing-the-project-supporting-children-and-youth-wellbeing-and-child-rights-education\\\/#primaryimage\"},\"thumbnailUrl\":\"https:\\\/\\\/zadecu.org\\\/wp-content\\\/uploads\\\/2023\\\/05\\\/CPD.webp\",\"datePublished\":\"2023-05-29T08:09:00+00:00\",\"dateModified\":\"2023-05-29T08:09:01+00:00\",\"description\":\"Children who are placed in institutions for the education of children and youth are among the most vulnerable people in society.\",\"breadcrumb\":{\"@id\":\"https:\\\/\\\/zadecu.org\\\/en\\\/the-child-rights-centre-starts-implementing-the-project-supporting-children-and-youth-wellbeing-and-child-rights-education\\\/#breadcrumb\"},\"inLanguage\":\"en-US\",\"potentialAction\":[{\"@type\":\"ReadAction\",\"target\":[\"https:\\\/\\\/zadecu.org\\\/en\\\/the-child-rights-centre-starts-implementing-the-project-supporting-children-and-youth-wellbeing-and-child-rights-education\\\/\"]}]},{\"@type\":\"ImageObject\",\"inLanguage\":\"en-US\",\"@id\":\"https:\\\/\\\/zadecu.org\\\/en\\\/the-child-rights-centre-starts-implementing-the-project-supporting-children-and-youth-wellbeing-and-child-rights-education\\\/#primaryimage\",\"url\":\"https:\\\/\\\/zadecu.org\\\/wp-content\\\/uploads\\\/2023\\\/05\\\/CPD.webp\",\"contentUrl\":\"https:\\\/\\\/zadecu.org\\\/wp-content\\\/uploads\\\/2023\\\/05\\\/CPD.webp\",\"width\":1000,\"height\":400},{\"@type\":\"BreadcrumbList\",\"@id\":\"https:\\\/\\\/zadecu.org\\\/en\\\/the-child-rights-centre-starts-implementing-the-project-supporting-children-and-youth-wellbeing-and-child-rights-education\\\/#breadcrumb\",\"itemListElement\":[{\"@type\":\"ListItem\",\"position\":1,\"name\":\"Home\",\"item\":\"https:\\\/\\\/zadecu.org\\\/en\\\/\"},{\"@type\":\"ListItem\",\"position\":2,\"name\":\"The Child Rights Centre starts implementing the project &#8222;Supporting Children and Youth Wellbeing and child rights education&#8220;\"}]},{\"@type\":\"WebSite\",\"@id\":\"https:\\\/\\\/zadecu.org\\\/#website\",\"url\":\"https:\\\/\\\/zadecu.org\\\/\",\"name\":\"Mre\u017ea organizacija za decu Srbije\",\"description\":\"Savez organizacija civilnog dru\u0161tva koje se bave za\u0161titom i promocijom prava deteta u Srbiji\",\"publisher\":{\"@id\":\"https:\\\/\\\/zadecu.org\\\/#organization\"},\"potentialAction\":[{\"@type\":\"SearchAction\",\"target\":{\"@type\":\"EntryPoint\",\"urlTemplate\":\"https:\\\/\\\/zadecu.org\\\/?s={search_term_string}\"},\"query-input\":{\"@type\":\"PropertyValueSpecification\",\"valueRequired\":true,\"valueName\":\"search_term_string\"}}],\"inLanguage\":\"en-US\"},{\"@type\":\"Organization\",\"@id\":\"https:\\\/\\\/zadecu.org\\\/#organization\",\"name\":\"Mre\u017ea organizacija za decu Srbije MODS\",\"url\":\"https:\\\/\\\/zadecu.org\\\/\",\"logo\":{\"@type\":\"ImageObject\",\"inLanguage\":\"en-US\",\"@id\":\"https:\\\/\\\/zadecu.org\\\/#\\\/schema\\\/logo\\\/image\\\/\",\"url\":\"http:\\\/\\\/zadecu.org\\\/wp-content\\\/uploads\\\/2019\\\/07\\\/MODS_logo_veci.jpg\",\"contentUrl\":\"http:\\\/\\\/zadecu.org\\\/wp-content\\\/uploads\\\/2019\\\/07\\\/MODS_logo_veci.jpg\",\"width\":798,\"height\":335,\"caption\":\"Mre\u017ea organizacija za decu Srbije MODS\"},\"image\":{\"@id\":\"https:\\\/\\\/zadecu.org\\\/#\\\/schema\\\/logo\\\/image\\\/\"},\"sameAs\":[\"https:\\\/\\\/www.facebook.com\\\/zadecuMODS\\\/\",\"https:\\\/\\\/x.com\\\/zadecuMODS\",\"https:\\\/\\\/www.instagram.com\\\/zadecuMODS\\\/\",\"https:\\\/\\\/www.youtube.com\\\/channel\\\/UC1JWUdo0NzgZJFne1EdFX9A\"]},{\"@type\":\"Person\",\"@id\":\"https:\\\/\\\/zadecu.org\\\/#\\\/schema\\\/person\\\/ad4f6997e66e4470c1ef6d15dd97b57e\",\"name\":\"MODS\",\"image\":{\"@type\":\"ImageObject\",\"inLanguage\":\"en-US\",\"@id\":\"https:\\\/\\\/secure.gravatar.com\\\/avatar\\\/60ee1947f5945cecca76529f5ef348f68d8e771648dbf26d5a30dac2000a09f7?s=96&d=mm&r=g\",\"url\":\"https:\\\/\\\/secure.gravatar.com\\\/avatar\\\/60ee1947f5945cecca76529f5ef348f68d8e771648dbf26d5a30dac2000a09f7?s=96&d=mm&r=g\",\"contentUrl\":\"https:\\\/\\\/secure.gravatar.com\\\/avatar\\\/60ee1947f5945cecca76529f5ef348f68d8e771648dbf26d5a30dac2000a09f7?s=96&d=mm&r=g\",\"caption\":\"MODS\"},\"sameAs\":[\"https:\\\/\\\/www.facebook.com\\\/zadecuMODS\\\/\",\"https:\\\/\\\/x.com\\\/zadecuMODS\"],\"url\":\"https:\\\/\\\/zadecu.org\\\/en\\\/author\\\/ognjen\\\/\"}]}<\/script>\n<!-- \/ Yoast SEO plugin. -->","yoast_head_json":{"title":"The Child Rights Centre starts implementing the project \"Supporting Children and Youth Wellbeing and child rights education\" - Mre\u017ea organizacija za decu Srbije","description":"Children who are placed in institutions for the education of children and youth are among the most vulnerable people in society.","robots":{"index":"index","follow":"follow","max-snippet":"max-snippet:-1","max-image-preview":"max-image-preview:large","max-video-preview":"max-video-preview:-1"},"canonical":"https:\/\/zadecu.org\/en\/the-child-rights-centre-starts-implementing-the-project-supporting-children-and-youth-wellbeing-and-child-rights-education\/","og_locale":"en_US","og_type":"article","og_title":"The Child Rights Centre starts implementing the project \"Supporting Children and Youth Wellbeing and child rights education\" - Mre\u017ea organizacija za decu Srbije","og_description":"Children who are placed in institutions for the education of children and youth are among the most vulnerable people in society.","og_url":"https:\/\/zadecu.org\/en\/the-child-rights-centre-starts-implementing-the-project-supporting-children-and-youth-wellbeing-and-child-rights-education\/","og_site_name":"Mre\u017ea organizacija za decu Srbije","article_publisher":"https:\/\/www.facebook.com\/zadecuMODS\/","article_author":"https:\/\/www.facebook.com\/zadecuMODS\/","article_published_time":"2023-05-29T08:09:00+00:00","article_modified_time":"2023-05-29T08:09:01+00:00","og_image":[{"width":1000,"height":400,"url":"https:\/\/zadecu.org\/wp-content\/uploads\/2023\/05\/CPD.webp","type":"image\/webp"}],"author":"MODS","twitter_card":"summary_large_image","twitter_creator":"@zadecuMODS","twitter_site":"@zadecuMODS","twitter_misc":{"Written by":"MODS","Est. reading time":"3 minutes"},"schema":{"@context":"https:\/\/schema.org","@graph":[{"@type":"Article","@id":"https:\/\/zadecu.org\/en\/the-child-rights-centre-starts-implementing-the-project-supporting-children-and-youth-wellbeing-and-child-rights-education\/#article","isPartOf":{"@id":"https:\/\/zadecu.org\/en\/the-child-rights-centre-starts-implementing-the-project-supporting-children-and-youth-wellbeing-and-child-rights-education\/"},"author":{"name":"MODS","@id":"https:\/\/zadecu.org\/#\/schema\/person\/ad4f6997e66e4470c1ef6d15dd97b57e"},"headline":"The Child Rights Centre starts implementing the project &#8220;Supporting Children and Youth Wellbeing and child rights education&#8221;","datePublished":"2023-05-29T08:09:00+00:00","dateModified":"2023-05-29T08:09:01+00:00","mainEntityOfPage":{"@id":"https:\/\/zadecu.org\/en\/the-child-rights-centre-starts-implementing-the-project-supporting-children-and-youth-wellbeing-and-child-rights-education\/"},"wordCount":415,"publisher":{"@id":"https:\/\/zadecu.org\/#organization"},"image":{"@id":"https:\/\/zadecu.org\/en\/the-child-rights-centre-starts-implementing-the-project-supporting-children-and-youth-wellbeing-and-child-rights-education\/#primaryimage"},"thumbnailUrl":"https:\/\/zadecu.org\/wp-content\/uploads\/2023\/05\/CPD.webp","keywords":["\u010clanice MODS","Prava deteta"],"articleSection":["MODS members"],"inLanguage":"en-US"},{"@type":"WebPage","@id":"https:\/\/zadecu.org\/en\/the-child-rights-centre-starts-implementing-the-project-supporting-children-and-youth-wellbeing-and-child-rights-education\/","url":"https:\/\/zadecu.org\/en\/the-child-rights-centre-starts-implementing-the-project-supporting-children-and-youth-wellbeing-and-child-rights-education\/","name":"The Child Rights Centre starts implementing the project \"Supporting Children and Youth Wellbeing and child rights education\" - Mre\u017ea organizacija za decu Srbije","isPartOf":{"@id":"https:\/\/zadecu.org\/#website"},"primaryImageOfPage":{"@id":"https:\/\/zadecu.org\/en\/the-child-rights-centre-starts-implementing-the-project-supporting-children-and-youth-wellbeing-and-child-rights-education\/#primaryimage"},"image":{"@id":"https:\/\/zadecu.org\/en\/the-child-rights-centre-starts-implementing-the-project-supporting-children-and-youth-wellbeing-and-child-rights-education\/#primaryimage"},"thumbnailUrl":"https:\/\/zadecu.org\/wp-content\/uploads\/2023\/05\/CPD.webp","datePublished":"2023-05-29T08:09:00+00:00","dateModified":"2023-05-29T08:09:01+00:00","description":"Children who are placed in institutions for the education of children and youth are among the most vulnerable people in society.","breadcrumb":{"@id":"https:\/\/zadecu.org\/en\/the-child-rights-centre-starts-implementing-the-project-supporting-children-and-youth-wellbeing-and-child-rights-education\/#breadcrumb"},"inLanguage":"en-US","potentialAction":[{"@type":"ReadAction","target":["https:\/\/zadecu.org\/en\/the-child-rights-centre-starts-implementing-the-project-supporting-children-and-youth-wellbeing-and-child-rights-education\/"]}]},{"@type":"ImageObject","inLanguage":"en-US","@id":"https:\/\/zadecu.org\/en\/the-child-rights-centre-starts-implementing-the-project-supporting-children-and-youth-wellbeing-and-child-rights-education\/#primaryimage","url":"https:\/\/zadecu.org\/wp-content\/uploads\/2023\/05\/CPD.webp","contentUrl":"https:\/\/zadecu.org\/wp-content\/uploads\/2023\/05\/CPD.webp","width":1000,"height":400},{"@type":"BreadcrumbList","@id":"https:\/\/zadecu.org\/en\/the-child-rights-centre-starts-implementing-the-project-supporting-children-and-youth-wellbeing-and-child-rights-education\/#breadcrumb","itemListElement":[{"@type":"ListItem","position":1,"name":"Home","item":"https:\/\/zadecu.org\/en\/"},{"@type":"ListItem","position":2,"name":"The Child Rights Centre starts implementing the project &#8222;Supporting Children and Youth Wellbeing and child rights education&#8220;"}]},{"@type":"WebSite","@id":"https:\/\/zadecu.org\/#website","url":"https:\/\/zadecu.org\/","name":"Mre\u017ea organizacija za decu Srbije","description":"Savez organizacija civilnog dru\u0161tva koje se bave za\u0161titom i promocijom prava deteta u Srbiji","publisher":{"@id":"https:\/\/zadecu.org\/#organization"},"potentialAction":[{"@type":"SearchAction","target":{"@type":"EntryPoint","urlTemplate":"https:\/\/zadecu.org\/?s={search_term_string}"},"query-input":{"@type":"PropertyValueSpecification","valueRequired":true,"valueName":"search_term_string"}}],"inLanguage":"en-US"},{"@type":"Organization","@id":"https:\/\/zadecu.org\/#organization","name":"Mre\u017ea organizacija za decu Srbije MODS","url":"https:\/\/zadecu.org\/","logo":{"@type":"ImageObject","inLanguage":"en-US","@id":"https:\/\/zadecu.org\/#\/schema\/logo\/image\/","url":"http:\/\/zadecu.org\/wp-content\/uploads\/2019\/07\/MODS_logo_veci.jpg","contentUrl":"http:\/\/zadecu.org\/wp-content\/uploads\/2019\/07\/MODS_logo_veci.jpg","width":798,"height":335,"caption":"Mre\u017ea organizacija za decu Srbije MODS"},"image":{"@id":"https:\/\/zadecu.org\/#\/schema\/logo\/image\/"},"sameAs":["https:\/\/www.facebook.com\/zadecuMODS\/","https:\/\/x.com\/zadecuMODS","https:\/\/www.instagram.com\/zadecuMODS\/","https:\/\/www.youtube.com\/channel\/UC1JWUdo0NzgZJFne1EdFX9A"]},{"@type":"Person","@id":"https:\/\/zadecu.org\/#\/schema\/person\/ad4f6997e66e4470c1ef6d15dd97b57e","name":"MODS","image":{"@type":"ImageObject","inLanguage":"en-US","@id":"https:\/\/secure.gravatar.com\/avatar\/60ee1947f5945cecca76529f5ef348f68d8e771648dbf26d5a30dac2000a09f7?s=96&d=mm&r=g","url":"https:\/\/secure.gravatar.com\/avatar\/60ee1947f5945cecca76529f5ef348f68d8e771648dbf26d5a30dac2000a09f7?s=96&d=mm&r=g","contentUrl":"https:\/\/secure.gravatar.com\/avatar\/60ee1947f5945cecca76529f5ef348f68d8e771648dbf26d5a30dac2000a09f7?s=96&d=mm&r=g","caption":"MODS"},"sameAs":["https:\/\/www.facebook.com\/zadecuMODS\/","https:\/\/x.com\/zadecuMODS"],"url":"https:\/\/zadecu.org\/en\/author\/ognjen\/"}]}},"_links":{"self":[{"href":"https:\/\/zadecu.org\/en\/wp-json\/wp\/v2\/posts\/11329","targetHints":{"allow":["GET"]}}],"collection":[{"href":"https:\/\/zadecu.org\/en\/wp-json\/wp\/v2\/posts"}],"about":[{"href":"https:\/\/zadecu.org\/en\/wp-json\/wp\/v2\/types\/post"}],"author":[{"embeddable":true,"href":"https:\/\/zadecu.org\/en\/wp-json\/wp\/v2\/users\/3"}],"replies":[{"embeddable":true,"href":"https:\/\/zadecu.org\/en\/wp-json\/wp\/v2\/comments?post=11329"}],"version-history":[{"count":0,"href":"https:\/\/zadecu.org\/en\/wp-json\/wp\/v2\/posts\/11329\/revisions"}],"wp:featuredmedia":[{"embeddable":true,"href":"https:\/\/zadecu.org\/en\/wp-json\/wp\/v2\/media\/11321"}],"wp:attachment":[{"href":"https:\/\/zadecu.org\/en\/wp-json\/wp\/v2\/media?parent=11329"}],"wp:term":[{"taxonomy":"category","embeddable":true,"href":"https:\/\/zadecu.org\/en\/wp-json\/wp\/v2\/categories?post=11329"},{"taxonomy":"post_tag","embeddable":true,"href":"https:\/\/zadecu.org\/en\/wp-json\/wp\/v2\/tags?post=11329"}],"curies":[{"name":"wp","href":"https:\/\/api.w.org\/{rel}","templated":true}]}}