
{"id":10533,"date":"2022-10-10T07:19:03","date_gmt":"2022-10-10T07:19:03","guid":{"rendered":"https:\/\/zadecu.org\/?p=10533"},"modified":"2022-10-10T07:19:04","modified_gmt":"2022-10-10T07:19:04","slug":"all-persons-below-the-age-of-18-years-are-children-upholding-all-the-rights-of-all-children-everywhere-at-all-times","status":"publish","type":"post","link":"https:\/\/zadecu.org\/en\/all-persons-below-the-age-of-18-years-are-children-upholding-all-the-rights-of-all-children-everywhere-at-all-times\/","title":{"rendered":"All Persons Below the Age of 18 Years are Children: Upholding All the Rights of All Children, Everywhere, at All Times"},"content":{"rendered":"<p style=\"text-align: justify;\"><strong>New York \/\u00a0Geneva \/ Vienna, 6 October 2022 &#8211;\u00a0<\/strong>\u00a0<em>The UN Committee on the Rights of the Child, \u00a0the Special Representative of the Secretary-General for Children and Armed Conflict,\u00a0the\u00a0<a href=\"http:\/\/un.mdrtor.com\/track\/link\/key\/87054-133-895-9-916-3080\/signature\/ee42b5a6e6285ee3d318dc2f8c5238f9\/contactInfo\/Y29uSWQ9OTE2fn5lbWFpbD1taXJqYW5hLmR6dXZlcm92aWNAemFkZWN1Lm9yZ35%2BZW1wSWQ9ODcwNTR%2Bfm1vdmlsPS1%2BfnN1YklkPTEzM35%2BZW52SWQ9NTB%2Bfmxpc3RJZD05fn5zbmFwSWQ9MzA4MH5%2BbWRQYXJ0cz0xfn5tZERDU3ViamVjdD1%2Bfm1kRW1haWxNRDU9ZGJjYmJkOTI0OTE0ZjM0NzNjZGU1ZDM2NDU4Njc5M2V%2Bfm1kRW1haWxTSEEyNTY9MjI2NzA3MzRhOWZiZjRlMTMzM2MxOWVkODc5MmM0Y2MzMWM0OTgzNzc1OTMwM2IwMzlmYjJjN2M0NGZjOWU4Zn5%2BcmVnaXN0ZXJEYXRlPTIwMjItMDMtMDMgMTc6Mzg6MTd%2Bfm1kRGVsaXZlcnlEYXRlPTIwMjItMTAtMDYgMTA6MDM6MDB%2BfmNvbl9tZDU9MGNjMjNhNGEzMGE4M2RkNTE0M2EwOWI3YTUzOGQ4NmQ%3D\/userid\/dbcbbd924914f3473cde5d364586793e\" target=\"_blank\" rel=\"noopener\" data-saferedirecturl=\"https:\/\/www.google.com\/url?q=http:\/\/un.mdrtor.com\/track\/link\/key\/87054-133-895-9-916-3080\/signature\/ee42b5a6e6285ee3d318dc2f8c5238f9\/contactInfo\/Y29uSWQ9OTE2fn5lbWFpbD1taXJqYW5hLmR6dXZlcm92aWNAemFkZWN1Lm9yZ35%252BZW1wSWQ9ODcwNTR%252Bfm1vdmlsPS1%252BfnN1YklkPTEzM35%252BZW52SWQ9NTB%252Bfmxpc3RJZD05fn5zbmFwSWQ9MzA4MH5%252BbWRQYXJ0cz0xfn5tZERDU3ViamVjdD1%252Bfm1kRW1haWxNRDU9ZGJjYmJkOTI0OTE0ZjM0NzNjZGU1ZDM2NDU4Njc5M2V%252Bfm1kRW1haWxTSEEyNTY9MjI2NzA3MzRhOWZiZjRlMTMzM2MxOWVkODc5MmM0Y2MzMWM0OTgzNzc1OTMwM2IwMzlmYjJjN2M0NGZjOWU4Zn5%252BcmVnaXN0ZXJEYXRlPTIwMjItMDMtMDMgMTc6Mzg6MTd%252Bfm1kRGVsaXZlcnlEYXRlPTIwMjItMTAtMDYgMTA6MDM6MDB%252BfmNvbl9tZDU9MGNjMjNhNGEzMGE4M2RkNTE0M2EwOWI3YTUzOGQ4NmQ%253D\/userid\/dbcbbd924914f3473cde5d364586793e&amp;source=gmail&amp;ust=1665151854368000&amp;usg=AOvVaw21nVGZxYmy6olmKxbqjd8O\">Special Representative of the Secretary-General on Violence against Children<\/a>, UNICEF, and the United Nations Office on Drugs and Crime, jointly <strong>call\u00a0on Member States today to respect and ensure the rights of all children around the world and to recognize and protect all\u00a0<\/strong><\/em><strong><em>persons under 18 years.<\/em><\/strong><\/p>\n<p style=\"text-align: justify;\"><em>Their joint statement is as follows:<\/em><\/p>\n<p style=\"text-align: justify;\">\u201cWe are witnessing an increasing failure to uphold international humanitarian and human rights law obligations around the world, all against the backdrop of significant challenges posed by pandemics, complex humanitarian emergencies, and extreme weather events\/climate-related crises. Children and families continue to be displaced, while conflicts as well as States\u2019 efforts to counter armed groups, including those designated as terrorist groups by the United Nations, are further contributing to the erosion of international protection frameworks, often leading to the violation of children\u2019s rights.\u201d<\/p>\n<p style=\"text-align: justify;\">\u201cToday, we remind all States that children are full human rights holders, independently from parents or guardians, and are entitled to special protection under international human rights law, in particular under the Convention on the Rights of the Child (CRC), the most widely ratified human rights treaty in history with 196 States parties. The Convention on the Rights of the Child sets out a wide range of human rights applicable to all children and underlines that the best interests of the child should be a primary consideration in all actions concerning them. We call on Member States to recognize all persons under 18 years as children and provide them with special protection.\u201d<\/p>\n<p style=\"text-align: justify;\">\u201cWe emphasize that Member States have the primary responsibility to protect, respect, and fulfill children\u2019s rights, both in times of peace and in times of war. Whatever their age, gender, or status; whatever country they live in; or wherever they come from, all children are entitled to all their human rights, including the right to life, survival, and development; the right to the enjoyment of the highest attainable standard of health, including mental health; the right to education; the right to engage in play and recreational activities; the right to be protected from all forms of violence, injury or abuse, neglect or negligent treatment, maltreatment or exploitation; the right to access justice and humanitarian assistance; the right not to be deprived of liberty unlawfully or arbitrarily; and the right to express views freely in all matters affecting them, amongst others. However, the rights of children, including those living in conflict and post-conflict situations, are all too often violated.\u201d<\/p>\n<p style=\"text-align: justify;\">\u201cWe are particularly concerned about situations in which children above a certain age are treated as adults or as \u2018young\u2019 adults. In some instances, this is under the cover of traditional or cultural values or counterterrorism or national security responses, with dramatic implications for the full enjoyment of their rights and protections provided by the CRC.\u201d<\/p>\n<p style=\"text-align: justify;\">\u201cWe continue to call for the universal ratification and implementation of the Convention on the Rights of the Child and its Optional Protocols on the Involvement of Children in Armed Conflict (OPAC), on the Sale of Children Child Prostitution and Child Pornography (OPSC), on a Communications Procedure (OPIC) to ensure children are treated as children, and to end once and for all the recruitment and use of children under the age of 18 years by armed forces and groups.<\/p>\n<p style=\"text-align: justify;\">We further call for the endorsement of other international instruments such as the Paris Principles and Commitments, the Safe Schools Declaration, and the Vancouver Principles, which support the protection of children from armed conflict. In addition, children who have been recruited or used and who have been released or have escaped must receive long-term, sustainable, gender and age-sensitive, and disability-inclusive reintegration programmes, with access to health care, mental health and psycho-social support, education, and protection, among other support.\u201d<\/p>\n<p style=\"text-align: justify;\">\u201cChildhood is a special, protected phase of life during which children have specific rights as recognized in the Convention on the Rights of the Child. It must, therefore, remain recognized and treated as separate from adulthood. Today, we call on all States to uphold their international legal obligations under the Convention on the Rights of the Child and ensure that all children, without discrimination, are allowed to be children, to grow, learn, and play in a safe, inclusive, and caring environment, and to thrive with dignity. Everywhere. And at all times.\u201d<\/p>\n<p><img loading=\"lazy\" decoding=\"async\" class=\"alignnone size-medium wp-image-10539\" src=\"https:\/\/zadecu.org\/wp-content\/uploads\/2022\/10\/Un_Press-statement_11zon-600x503.jpg\" alt=\"\" width=\"600\" height=\"503\" srcset=\"https:\/\/zadecu.org\/wp-content\/uploads\/2022\/10\/Un_Press-statement_11zon-600x503.jpg 600w, https:\/\/zadecu.org\/wp-content\/uploads\/2022\/10\/Un_Press-statement_11zon-768x644.jpg 768w, https:\/\/zadecu.org\/wp-content\/uploads\/2022\/10\/Un_Press-statement_11zon-810x679.jpg 810w, https:\/\/zadecu.org\/wp-content\/uploads\/2022\/10\/Un_Press-statement_11zon.jpg 940w\" sizes=\"auto, (max-width: 600px) 100vw, 600px\" \/><\/p>\n<p>Source: <a href=\"https:\/\/www.unodc.org\/unodc\/justice-and-prison-reform\/global-programme-to-end-violence-against-children-crc-joint-statement.html\">UN<\/a><\/p>\n","protected":false},"excerpt":{"rendered":"<p>New York \/\u00a0Geneva \/ Vienna, 6 October 2022 &#8211;\u00a0\u00a0The UN Committee on the Rights of the Child, \u00a0the Special Representative of the Secretary-General for Children and Armed Conflict,\u00a0the\u00a0Special Representative of the Secretary-General on Violence against Children, UNICEF, and the United Nations Office on Drugs and Crime, jointly call\u00a0on Member States today to respect and ensure [&hellip;]<\/p>\n","protected":false},"author":3,"featured_media":10534,"comment_status":"closed","ping_status":"open","sticky":false,"template":"","format":"standard","meta":{"footnotes":""},"categories":[52],"tags":[117],"class_list":["post-10533","post","type-post","status-publish","format-standard","has-post-thumbnail","hentry","category-uncategorized","tag-convention-on-the-rights-of-the-child"],"yoast_head":"<!-- This site is optimized with the Yoast SEO plugin v28.0 - https:\/\/yoast.com\/product\/yoast-seo-wordpress\/ -->\n<title>All Persons Below the Age of 18 Years are Children: Upholding All the Rights of All Children, Everywhere, at All Times - Mre\u017ea organizacija za decu Srbije<\/title>\n<meta name=\"description\" content=\"call\u00a0on States to respect and ensure the rights of all children around the world and to recognize and protect all\u00a0persons under 18 years\" \/>\n<meta name=\"robots\" content=\"index, follow, max-snippet:-1, max-image-preview:large, max-video-preview:-1\" \/>\n<link rel=\"canonical\" href=\"https:\/\/zadecu.org\/en\/all-persons-below-the-age-of-18-years-are-children-upholding-all-the-rights-of-all-children-everywhere-at-all-times\/\" \/>\n<meta property=\"og:locale\" content=\"en_US\" \/>\n<meta property=\"og:type\" content=\"article\" \/>\n<meta property=\"og:title\" content=\"All Persons Below the Age of 18 Years are Children: Upholding All the Rights of All Children, Everywhere, at All Times - Mre\u017ea organizacija za decu Srbije\" \/>\n<meta property=\"og:description\" content=\"call\u00a0on States to respect and ensure the rights of all children around the world and to recognize and protect all\u00a0persons under 18 years\" \/>\n<meta property=\"og:url\" content=\"https:\/\/zadecu.org\/en\/all-persons-below-the-age-of-18-years-are-children-upholding-all-the-rights-of-all-children-everywhere-at-all-times\/\" \/>\n<meta property=\"og:site_name\" content=\"Mre\u017ea organizacija za decu Srbije\" \/>\n<meta property=\"article:publisher\" content=\"https:\/\/www.facebook.com\/zadecuMODS\/\" \/>\n<meta property=\"article:author\" content=\"https:\/\/www.facebook.com\/zadecuMODS\/\" \/>\n<meta property=\"article:published_time\" content=\"2022-10-10T07:19:03+00:00\" \/>\n<meta property=\"article:modified_time\" content=\"2022-10-10T07:19:04+00:00\" \/>\n<meta property=\"og:image\" content=\"https:\/\/zadecu.org\/wp-content\/uploads\/2022\/10\/UN_11zon.jpg\" \/>\n\t<meta property=\"og:image:width\" content=\"602\" \/>\n\t<meta property=\"og:image:height\" content=\"139\" \/>\n\t<meta property=\"og:image:type\" content=\"image\/jpeg\" \/>\n<meta name=\"author\" content=\"MODS\" \/>\n<meta name=\"twitter:card\" content=\"summary_large_image\" \/>\n<meta name=\"twitter:creator\" content=\"@zadecuMODS\" \/>\n<meta name=\"twitter:site\" content=\"@zadecuMODS\" \/>\n<meta name=\"twitter:label1\" content=\"Written by\" \/>\n\t<meta name=\"twitter:data1\" content=\"MODS\" \/>\n\t<meta name=\"twitter:label2\" content=\"Est. reading time\" \/>\n\t<meta name=\"twitter:data2\" content=\"5 minutes\" \/>\n<script type=\"application\/ld+json\" class=\"yoast-schema-graph\">{\"@context\":\"https:\\\/\\\/schema.org\",\"@graph\":[{\"@type\":\"Article\",\"@id\":\"https:\\\/\\\/zadecu.org\\\/en\\\/all-persons-below-the-age-of-18-years-are-children-upholding-all-the-rights-of-all-children-everywhere-at-all-times\\\/#article\",\"isPartOf\":{\"@id\":\"https:\\\/\\\/zadecu.org\\\/en\\\/all-persons-below-the-age-of-18-years-are-children-upholding-all-the-rights-of-all-children-everywhere-at-all-times\\\/\"},\"author\":{\"name\":\"MODS\",\"@id\":\"https:\\\/\\\/zadecu.org\\\/#\\\/schema\\\/person\\\/ad4f6997e66e4470c1ef6d15dd97b57e\"},\"headline\":\"All Persons Below the Age of 18 Years are Children: Upholding All the Rights of All Children, Everywhere, at All Times\",\"datePublished\":\"2022-10-10T07:19:03+00:00\",\"dateModified\":\"2022-10-10T07:19:04+00:00\",\"mainEntityOfPage\":{\"@id\":\"https:\\\/\\\/zadecu.org\\\/en\\\/all-persons-below-the-age-of-18-years-are-children-upholding-all-the-rights-of-all-children-everywhere-at-all-times\\\/\"},\"wordCount\":757,\"publisher\":{\"@id\":\"https:\\\/\\\/zadecu.org\\\/#organization\"},\"image\":{\"@id\":\"https:\\\/\\\/zadecu.org\\\/en\\\/all-persons-below-the-age-of-18-years-are-children-upholding-all-the-rights-of-all-children-everywhere-at-all-times\\\/#primaryimage\"},\"thumbnailUrl\":\"https:\\\/\\\/zadecu.org\\\/wp-content\\\/uploads\\\/2022\\\/10\\\/UN_11zon.jpg\",\"keywords\":[\"Convention on the Rights of the Child\"],\"articleSection\":[\"News\"],\"inLanguage\":\"en-US\"},{\"@type\":\"WebPage\",\"@id\":\"https:\\\/\\\/zadecu.org\\\/en\\\/all-persons-below-the-age-of-18-years-are-children-upholding-all-the-rights-of-all-children-everywhere-at-all-times\\\/\",\"url\":\"https:\\\/\\\/zadecu.org\\\/en\\\/all-persons-below-the-age-of-18-years-are-children-upholding-all-the-rights-of-all-children-everywhere-at-all-times\\\/\",\"name\":\"All Persons Below the Age of 18 Years are Children: Upholding All the Rights of All Children, Everywhere, at All Times - Mre\u017ea organizacija za decu Srbije\",\"isPartOf\":{\"@id\":\"https:\\\/\\\/zadecu.org\\\/#website\"},\"primaryImageOfPage\":{\"@id\":\"https:\\\/\\\/zadecu.org\\\/en\\\/all-persons-below-the-age-of-18-years-are-children-upholding-all-the-rights-of-all-children-everywhere-at-all-times\\\/#primaryimage\"},\"image\":{\"@id\":\"https:\\\/\\\/zadecu.org\\\/en\\\/all-persons-below-the-age-of-18-years-are-children-upholding-all-the-rights-of-all-children-everywhere-at-all-times\\\/#primaryimage\"},\"thumbnailUrl\":\"https:\\\/\\\/zadecu.org\\\/wp-content\\\/uploads\\\/2022\\\/10\\\/UN_11zon.jpg\",\"datePublished\":\"2022-10-10T07:19:03+00:00\",\"dateModified\":\"2022-10-10T07:19:04+00:00\",\"description\":\"call\u00a0on States to respect and ensure the rights of all children around the world and to recognize and protect all\u00a0persons under 18 years\",\"breadcrumb\":{\"@id\":\"https:\\\/\\\/zadecu.org\\\/en\\\/all-persons-below-the-age-of-18-years-are-children-upholding-all-the-rights-of-all-children-everywhere-at-all-times\\\/#breadcrumb\"},\"inLanguage\":\"en-US\",\"potentialAction\":[{\"@type\":\"ReadAction\",\"target\":[\"https:\\\/\\\/zadecu.org\\\/en\\\/all-persons-below-the-age-of-18-years-are-children-upholding-all-the-rights-of-all-children-everywhere-at-all-times\\\/\"]}]},{\"@type\":\"ImageObject\",\"inLanguage\":\"en-US\",\"@id\":\"https:\\\/\\\/zadecu.org\\\/en\\\/all-persons-below-the-age-of-18-years-are-children-upholding-all-the-rights-of-all-children-everywhere-at-all-times\\\/#primaryimage\",\"url\":\"https:\\\/\\\/zadecu.org\\\/wp-content\\\/uploads\\\/2022\\\/10\\\/UN_11zon.jpg\",\"contentUrl\":\"https:\\\/\\\/zadecu.org\\\/wp-content\\\/uploads\\\/2022\\\/10\\\/UN_11zon.jpg\",\"width\":602,\"height\":139},{\"@type\":\"BreadcrumbList\",\"@id\":\"https:\\\/\\\/zadecu.org\\\/en\\\/all-persons-below-the-age-of-18-years-are-children-upholding-all-the-rights-of-all-children-everywhere-at-all-times\\\/#breadcrumb\",\"itemListElement\":[{\"@type\":\"ListItem\",\"position\":1,\"name\":\"Home\",\"item\":\"https:\\\/\\\/zadecu.org\\\/en\\\/\"},{\"@type\":\"ListItem\",\"position\":2,\"name\":\"All Persons Below the Age of 18 Years are Children: Upholding All the Rights of All Children, Everywhere, at All Times\"}]},{\"@type\":\"WebSite\",\"@id\":\"https:\\\/\\\/zadecu.org\\\/#website\",\"url\":\"https:\\\/\\\/zadecu.org\\\/\",\"name\":\"Mre\u017ea organizacija za decu Srbije\",\"description\":\"Savez organizacija civilnog dru\u0161tva koje se bave za\u0161titom i promocijom prava deteta u Srbiji\",\"publisher\":{\"@id\":\"https:\\\/\\\/zadecu.org\\\/#organization\"},\"potentialAction\":[{\"@type\":\"SearchAction\",\"target\":{\"@type\":\"EntryPoint\",\"urlTemplate\":\"https:\\\/\\\/zadecu.org\\\/?s={search_term_string}\"},\"query-input\":{\"@type\":\"PropertyValueSpecification\",\"valueRequired\":true,\"valueName\":\"search_term_string\"}}],\"inLanguage\":\"en-US\"},{\"@type\":\"Organization\",\"@id\":\"https:\\\/\\\/zadecu.org\\\/#organization\",\"name\":\"Mre\u017ea organizacija za decu Srbije MODS\",\"url\":\"https:\\\/\\\/zadecu.org\\\/\",\"logo\":{\"@type\":\"ImageObject\",\"inLanguage\":\"en-US\",\"@id\":\"https:\\\/\\\/zadecu.org\\\/#\\\/schema\\\/logo\\\/image\\\/\",\"url\":\"http:\\\/\\\/zadecu.org\\\/wp-content\\\/uploads\\\/2019\\\/07\\\/MODS_logo_veci.jpg\",\"contentUrl\":\"http:\\\/\\\/zadecu.org\\\/wp-content\\\/uploads\\\/2019\\\/07\\\/MODS_logo_veci.jpg\",\"width\":798,\"height\":335,\"caption\":\"Mre\u017ea organizacija za decu Srbije MODS\"},\"image\":{\"@id\":\"https:\\\/\\\/zadecu.org\\\/#\\\/schema\\\/logo\\\/image\\\/\"},\"sameAs\":[\"https:\\\/\\\/www.facebook.com\\\/zadecuMODS\\\/\",\"https:\\\/\\\/x.com\\\/zadecuMODS\",\"https:\\\/\\\/www.instagram.com\\\/zadecuMODS\\\/\",\"https:\\\/\\\/www.youtube.com\\\/channel\\\/UC1JWUdo0NzgZJFne1EdFX9A\"]},{\"@type\":\"Person\",\"@id\":\"https:\\\/\\\/zadecu.org\\\/#\\\/schema\\\/person\\\/ad4f6997e66e4470c1ef6d15dd97b57e\",\"name\":\"MODS\",\"image\":{\"@type\":\"ImageObject\",\"inLanguage\":\"en-US\",\"@id\":\"https:\\\/\\\/secure.gravatar.com\\\/avatar\\\/60ee1947f5945cecca76529f5ef348f68d8e771648dbf26d5a30dac2000a09f7?s=96&d=mm&r=g\",\"url\":\"https:\\\/\\\/secure.gravatar.com\\\/avatar\\\/60ee1947f5945cecca76529f5ef348f68d8e771648dbf26d5a30dac2000a09f7?s=96&d=mm&r=g\",\"contentUrl\":\"https:\\\/\\\/secure.gravatar.com\\\/avatar\\\/60ee1947f5945cecca76529f5ef348f68d8e771648dbf26d5a30dac2000a09f7?s=96&d=mm&r=g\",\"caption\":\"MODS\"},\"sameAs\":[\"https:\\\/\\\/www.facebook.com\\\/zadecuMODS\\\/\",\"https:\\\/\\\/x.com\\\/zadecuMODS\"],\"url\":\"https:\\\/\\\/zadecu.org\\\/en\\\/author\\\/ognjen\\\/\"}]}<\/script>\n<!-- \/ Yoast SEO plugin. -->","yoast_head_json":{"title":"All Persons Below the Age of 18 Years are Children: Upholding All the Rights of All Children, Everywhere, at All Times - Mre\u017ea organizacija za decu Srbije","description":"call\u00a0on States to respect and ensure the rights of all children around the world and to recognize and protect all\u00a0persons under 18 years","robots":{"index":"index","follow":"follow","max-snippet":"max-snippet:-1","max-image-preview":"max-image-preview:large","max-video-preview":"max-video-preview:-1"},"canonical":"https:\/\/zadecu.org\/en\/all-persons-below-the-age-of-18-years-are-children-upholding-all-the-rights-of-all-children-everywhere-at-all-times\/","og_locale":"en_US","og_type":"article","og_title":"All Persons Below the Age of 18 Years are Children: Upholding All the Rights of All Children, Everywhere, at All Times - Mre\u017ea organizacija za decu Srbije","og_description":"call\u00a0on States to respect and ensure the rights of all children around the world and to recognize and protect all\u00a0persons under 18 years","og_url":"https:\/\/zadecu.org\/en\/all-persons-below-the-age-of-18-years-are-children-upholding-all-the-rights-of-all-children-everywhere-at-all-times\/","og_site_name":"Mre\u017ea organizacija za decu Srbije","article_publisher":"https:\/\/www.facebook.com\/zadecuMODS\/","article_author":"https:\/\/www.facebook.com\/zadecuMODS\/","article_published_time":"2022-10-10T07:19:03+00:00","article_modified_time":"2022-10-10T07:19:04+00:00","og_image":[{"width":602,"height":139,"url":"https:\/\/zadecu.org\/wp-content\/uploads\/2022\/10\/UN_11zon.jpg","type":"image\/jpeg"}],"author":"MODS","twitter_card":"summary_large_image","twitter_creator":"@zadecuMODS","twitter_site":"@zadecuMODS","twitter_misc":{"Written by":"MODS","Est. reading time":"5 minutes"},"schema":{"@context":"https:\/\/schema.org","@graph":[{"@type":"Article","@id":"https:\/\/zadecu.org\/en\/all-persons-below-the-age-of-18-years-are-children-upholding-all-the-rights-of-all-children-everywhere-at-all-times\/#article","isPartOf":{"@id":"https:\/\/zadecu.org\/en\/all-persons-below-the-age-of-18-years-are-children-upholding-all-the-rights-of-all-children-everywhere-at-all-times\/"},"author":{"name":"MODS","@id":"https:\/\/zadecu.org\/#\/schema\/person\/ad4f6997e66e4470c1ef6d15dd97b57e"},"headline":"All Persons Below the Age of 18 Years are Children: Upholding All the Rights of All Children, Everywhere, at All Times","datePublished":"2022-10-10T07:19:03+00:00","dateModified":"2022-10-10T07:19:04+00:00","mainEntityOfPage":{"@id":"https:\/\/zadecu.org\/en\/all-persons-below-the-age-of-18-years-are-children-upholding-all-the-rights-of-all-children-everywhere-at-all-times\/"},"wordCount":757,"publisher":{"@id":"https:\/\/zadecu.org\/#organization"},"image":{"@id":"https:\/\/zadecu.org\/en\/all-persons-below-the-age-of-18-years-are-children-upholding-all-the-rights-of-all-children-everywhere-at-all-times\/#primaryimage"},"thumbnailUrl":"https:\/\/zadecu.org\/wp-content\/uploads\/2022\/10\/UN_11zon.jpg","keywords":["Convention on the Rights of the Child"],"articleSection":["News"],"inLanguage":"en-US"},{"@type":"WebPage","@id":"https:\/\/zadecu.org\/en\/all-persons-below-the-age-of-18-years-are-children-upholding-all-the-rights-of-all-children-everywhere-at-all-times\/","url":"https:\/\/zadecu.org\/en\/all-persons-below-the-age-of-18-years-are-children-upholding-all-the-rights-of-all-children-everywhere-at-all-times\/","name":"All Persons Below the Age of 18 Years are Children: Upholding All the Rights of All Children, Everywhere, at All Times - Mre\u017ea organizacija za decu Srbije","isPartOf":{"@id":"https:\/\/zadecu.org\/#website"},"primaryImageOfPage":{"@id":"https:\/\/zadecu.org\/en\/all-persons-below-the-age-of-18-years-are-children-upholding-all-the-rights-of-all-children-everywhere-at-all-times\/#primaryimage"},"image":{"@id":"https:\/\/zadecu.org\/en\/all-persons-below-the-age-of-18-years-are-children-upholding-all-the-rights-of-all-children-everywhere-at-all-times\/#primaryimage"},"thumbnailUrl":"https:\/\/zadecu.org\/wp-content\/uploads\/2022\/10\/UN_11zon.jpg","datePublished":"2022-10-10T07:19:03+00:00","dateModified":"2022-10-10T07:19:04+00:00","description":"call\u00a0on States to respect and ensure the rights of all children around the world and to recognize and protect all\u00a0persons under 18 years","breadcrumb":{"@id":"https:\/\/zadecu.org\/en\/all-persons-below-the-age-of-18-years-are-children-upholding-all-the-rights-of-all-children-everywhere-at-all-times\/#breadcrumb"},"inLanguage":"en-US","potentialAction":[{"@type":"ReadAction","target":["https:\/\/zadecu.org\/en\/all-persons-below-the-age-of-18-years-are-children-upholding-all-the-rights-of-all-children-everywhere-at-all-times\/"]}]},{"@type":"ImageObject","inLanguage":"en-US","@id":"https:\/\/zadecu.org\/en\/all-persons-below-the-age-of-18-years-are-children-upholding-all-the-rights-of-all-children-everywhere-at-all-times\/#primaryimage","url":"https:\/\/zadecu.org\/wp-content\/uploads\/2022\/10\/UN_11zon.jpg","contentUrl":"https:\/\/zadecu.org\/wp-content\/uploads\/2022\/10\/UN_11zon.jpg","width":602,"height":139},{"@type":"BreadcrumbList","@id":"https:\/\/zadecu.org\/en\/all-persons-below-the-age-of-18-years-are-children-upholding-all-the-rights-of-all-children-everywhere-at-all-times\/#breadcrumb","itemListElement":[{"@type":"ListItem","position":1,"name":"Home","item":"https:\/\/zadecu.org\/en\/"},{"@type":"ListItem","position":2,"name":"All Persons Below the Age of 18 Years are Children: Upholding All the Rights of All Children, Everywhere, at All Times"}]},{"@type":"WebSite","@id":"https:\/\/zadecu.org\/#website","url":"https:\/\/zadecu.org\/","name":"Mre\u017ea organizacija za decu Srbije","description":"Savez organizacija civilnog dru\u0161tva koje se bave za\u0161titom i promocijom prava deteta u Srbiji","publisher":{"@id":"https:\/\/zadecu.org\/#organization"},"potentialAction":[{"@type":"SearchAction","target":{"@type":"EntryPoint","urlTemplate":"https:\/\/zadecu.org\/?s={search_term_string}"},"query-input":{"@type":"PropertyValueSpecification","valueRequired":true,"valueName":"search_term_string"}}],"inLanguage":"en-US"},{"@type":"Organization","@id":"https:\/\/zadecu.org\/#organization","name":"Mre\u017ea organizacija za decu Srbije MODS","url":"https:\/\/zadecu.org\/","logo":{"@type":"ImageObject","inLanguage":"en-US","@id":"https:\/\/zadecu.org\/#\/schema\/logo\/image\/","url":"http:\/\/zadecu.org\/wp-content\/uploads\/2019\/07\/MODS_logo_veci.jpg","contentUrl":"http:\/\/zadecu.org\/wp-content\/uploads\/2019\/07\/MODS_logo_veci.jpg","width":798,"height":335,"caption":"Mre\u017ea organizacija za decu Srbije MODS"},"image":{"@id":"https:\/\/zadecu.org\/#\/schema\/logo\/image\/"},"sameAs":["https:\/\/www.facebook.com\/zadecuMODS\/","https:\/\/x.com\/zadecuMODS","https:\/\/www.instagram.com\/zadecuMODS\/","https:\/\/www.youtube.com\/channel\/UC1JWUdo0NzgZJFne1EdFX9A"]},{"@type":"Person","@id":"https:\/\/zadecu.org\/#\/schema\/person\/ad4f6997e66e4470c1ef6d15dd97b57e","name":"MODS","image":{"@type":"ImageObject","inLanguage":"en-US","@id":"https:\/\/secure.gravatar.com\/avatar\/60ee1947f5945cecca76529f5ef348f68d8e771648dbf26d5a30dac2000a09f7?s=96&d=mm&r=g","url":"https:\/\/secure.gravatar.com\/avatar\/60ee1947f5945cecca76529f5ef348f68d8e771648dbf26d5a30dac2000a09f7?s=96&d=mm&r=g","contentUrl":"https:\/\/secure.gravatar.com\/avatar\/60ee1947f5945cecca76529f5ef348f68d8e771648dbf26d5a30dac2000a09f7?s=96&d=mm&r=g","caption":"MODS"},"sameAs":["https:\/\/www.facebook.com\/zadecuMODS\/","https:\/\/x.com\/zadecuMODS"],"url":"https:\/\/zadecu.org\/en\/author\/ognjen\/"}]}},"_links":{"self":[{"href":"https:\/\/zadecu.org\/en\/wp-json\/wp\/v2\/posts\/10533","targetHints":{"allow":["GET"]}}],"collection":[{"href":"https:\/\/zadecu.org\/en\/wp-json\/wp\/v2\/posts"}],"about":[{"href":"https:\/\/zadecu.org\/en\/wp-json\/wp\/v2\/types\/post"}],"author":[{"embeddable":true,"href":"https:\/\/zadecu.org\/en\/wp-json\/wp\/v2\/users\/3"}],"replies":[{"embeddable":true,"href":"https:\/\/zadecu.org\/en\/wp-json\/wp\/v2\/comments?post=10533"}],"version-history":[{"count":0,"href":"https:\/\/zadecu.org\/en\/wp-json\/wp\/v2\/posts\/10533\/revisions"}],"wp:featuredmedia":[{"embeddable":true,"href":"https:\/\/zadecu.org\/en\/wp-json\/wp\/v2\/media\/10534"}],"wp:attachment":[{"href":"https:\/\/zadecu.org\/en\/wp-json\/wp\/v2\/media?parent=10533"}],"wp:term":[{"taxonomy":"category","embeddable":true,"href":"https:\/\/zadecu.org\/en\/wp-json\/wp\/v2\/categories?post=10533"},{"taxonomy":"post_tag","embeddable":true,"href":"https:\/\/zadecu.org\/en\/wp-json\/wp\/v2\/tags?post=10533"}],"curies":[{"name":"wp","href":"https:\/\/api.w.org\/{rel}","templated":true}]}}